{"id":312114,"date":"2025-08-11T17:45:13","date_gmt":"2025-08-11T17:45:13","guid":{"rendered":"https:\/\/www.europesays.com\/fr\/312114\/"},"modified":"2025-08-11T17:45:13","modified_gmt":"2025-08-11T17:45:13","slug":"canicule-en-raison-des-tres-fortes-chaleurs-les-parcs-de-cette-ville-de-la-cote-dazur-resteront-ouverts-tard-en-soiree","status":"publish","type":"post","link":"https:\/\/www.europesays.com\/fr\/312114\/","title":{"rendered":"Canicule: en raison des tr\u00e8s fortes chaleurs, les parcs de cette ville de la C\u00f4te d&rsquo;Azur resteront ouverts tard en soir\u00e9e"},"content":{"rendered":"<p>L&rsquo;\u00e9pisode de canicule n&rsquo;\u00e9pargne pas la C\u00f4te d&rsquo;Azur et les organismes sont mis \u00e0 rude \u00e9preuve, ces derniers jours. Alors que M\u00e9t\u00e9o France pr\u00e9voit que celui-ci se poursuive encore quelques jours avec un pic annonc\u00e9 ce mardi 12 ao\u00fbt et que les massifs forestiers sont fortement d\u00e9conseill\u00e9s ces derniers jours, la ville de Cagnes-sur-Mer annonce prendre des mesures.\u00a0<\/p>\n<p>A compter de ce lundi et jusqu&rsquo;\u00e0 une baisse des temp\u00e9ratures, des espaces en plein air resteront ouvert jusque tard dans la soir\u00e9e. L&rsquo;id\u00e9e est simple: que tout le monde puisse profiter de l&rsquo;air (un peu plus) frais en soir\u00e9e.\u00a0<\/p>\n<p>Aussi, <strong>le pumptrack sera ouvert jusqu&rsquo;\u00e0 22h, tout comme le parc des Canebiers. Le parc de la M\u00e9diterran\u00e9e lui, sera ouvert jusqu&rsquo;\u00e0 21h30<\/strong>. De quoi rafra\u00eechir les enfants avant d&rsquo;aller au lit.\u00a0<\/p>\n<p><strong>L&rsquo;\u00e9pisode va se poursuivre encore quelques jours\u00a0<\/strong><\/p>\n<p>L&rsquo;\u00e9pisode de canicule en cours depuis vendredi se poursuivra mardi 12 ao\u00fbt, avec 14 d\u00e9partements en vigilance rouge dont 10 maintenus \u00e0 ce niveau par M\u00e9t\u00e9o-France dans le Sud-Ouest, o\u00f9 les temp\u00e9ratures ont atteint \u00ab\u00a0un niveau exceptionnel\u00a0\u00bb lundi. Et le mercure pourrait grimper encore ce mardi.<\/p>\n<p>L&rsquo;agence Sant\u00e9 publique France appelle \u00e0 \u00ab\u00a0s&rsquo;hydrater r\u00e9guli\u00e8rement en \u00e9vitant l&rsquo;alcool et le caf\u00e9\u00a0\u00bb, conseillant aussi de \u00ab\u00a0r\u00e9duire ses activit\u00e9s physiques\u00a0\u00bb. Le minist\u00e8re de la Sant\u00e9 a activ\u00e9 le num\u00e9ro vert <strong>Canicule info service au 0 800 06 66 66, joignable de 08H00 \u00e0 19H00<\/strong> (appel gratuit depuis la France m\u00e9tropolitaine). En parall\u00e8le, M\u00e9t\u00e9o-France a class\u00e9 25 d\u00e9partements, principalement en Nouvelle-Aquitaine, Occitanie et sur le pourtour m\u00e9diterran\u00e9en, en risque \u00e9lev\u00e9 pour les incendies.\u00a0<\/p>\n","protected":false},"excerpt":{"rendered":"L&rsquo;\u00e9pisode de canicule n&rsquo;\u00e9pargne pas la C\u00f4te d&rsquo;Azur et les organismes sont mis \u00e0 rude \u00e9preuve, ces derniers&hellip;\n","protected":false},"author":2,"featured_media":312115,"comment_status":"","ping_status":"","sticky":false,"template":"","format":"standard","meta":{"footnotes":""},"categories":[2819],"tags":[1111,11,1777,674,1011,27,12,2401,882,25,3366],"class_list":{"0":"post-312114","1":"post","2":"type-post","3":"status-publish","4":"format-standard","5":"has-post-thumbnail","7":"category-nice","8":"tag-actu","9":"tag-actualites","10":"tag-eu","11":"tag-europe","12":"tag-fr","13":"tag-france","14":"tag-news","15":"tag-nice","16":"tag-provence-alpes-cote-dazur","17":"tag-republique-francaise","18":"tag-vie-locale"},"share_on_mastodon":{"url":"https:\/\/pubeurope.com\/@fr\/115011382351861917","error":""},"_links":{"self":[{"href":"https:\/\/www.europesays.com\/fr\/wp-json\/wp\/v2\/posts\/312114","targetHints":{"allow":["GET"]}}],"collection":[{"href":"https:\/\/www.europesays.com\/fr\/wp-json\/wp\/v2\/posts"}],"about":[{"href":"https:\/\/www.europesays.com\/fr\/wp-json\/wp\/v2\/types\/post"}],"author":[{"embeddable":true,"href":"https:\/\/www.europesays.com\/fr\/wp-json\/wp\/v2\/users\/2"}],"replies":[{"embeddable":true,"href":"https:\/\/www.europesays.com\/fr\/wp-json\/wp\/v2\/comments?post=312114"}],"version-history":[{"count":0,"href":"https:\/\/www.europesays.com\/fr\/wp-json\/wp\/v2\/posts\/312114\/revisions"}],"wp:featuredmedia":[{"embeddable":true,"href":"https:\/\/www.europesays.com\/fr\/wp-json\/wp\/v2\/media\/312115"}],"wp:attachment":[{"href":"https:\/\/www.europesays.com\/fr\/wp-json\/wp\/v2\/media?parent=312114"}],"wp:term":[{"taxonomy":"category","embeddable":true,"href":"https:\/\/www.europesays.com\/fr\/wp-json\/wp\/v2\/categories?post=312114"},{"taxonomy":"post_tag","embeddable":true,"href":"https:\/\/www.europesays.com\/fr\/wp-json\/wp\/v2\/tags?post=312114"}],"curies":[{"name":"wp","href":"https:\/\/api.w.org\/{rel}","templated":true}]}}