{"id":312118,"date":"2025-08-11T17:48:11","date_gmt":"2025-08-11T17:48:11","guid":{"rendered":"https:\/\/www.europesays.com\/fr\/312118\/"},"modified":"2025-08-11T17:48:11","modified_gmt":"2025-08-11T17:48:11","slug":"nicolas-tournat-ambitieux-avec-le-hbc-nantes","status":"publish","type":"post","link":"https:\/\/www.europesays.com\/fr\/312118\/","title":{"rendered":"Nicolas Tournat ambitieux avec le HBC Nantes"},"content":{"rendered":"<p>C\u2019\u00e9tait un retour attendu, et il n\u2019a pas d\u00e9\u00e7u. En mai\u00a02024, le HBC Nantes annon\u00e7ait le retour du pivot international Nicolas Tournat, apr\u00e8s quatre saisons en Pologne (Kielce), engag\u00e9 jusqu\u2019en 2027. Et force est de constater que le choix <a target=\"_self\" href=\"https:\/\/www.lanouvellerepublique.fr\/niort\/trophee-des-champions-le-retour-gagnant-a-nantes-de-nicolas-tournat\" rel=\"noopener\">s\u2019est r\u00e9v\u00e9l\u00e9 gagnant pour le Niortais<\/a> de naissance et le club, deuxi\u00e8me du championnat derri\u00e8re Paris et troisi\u00e8me de la Ligue des Champions&#8230;. <\/p>\n<p>    Cet article a \u00e9t\u00e9 tronqu\u00e9. Abonnez-vous pour lire l&rsquo;article complet sur notre site.<\/p>\n<p style=\"margin: 0 !important; padding: 0 !important; font-size: 12px !important;\">Cet article a \u00e9t\u00e9 tronqu\u00e9. Abonnez-vous pour lire l&rsquo;article complet.<\/p>\n<p>    <a href=\"https:\/\/www.lanouvellerepublique.fr\/abonnements\" style=\"display: inline-block; margin-top: 5px !important; padding: 6px 12px !important; background: #cb1c27; color: white; text-decoration: none; border-radius: 4px; font-size: 12px !important;\" target=\"_blank\" rel=\"noopener\"><br \/>\n      S&rsquo;abonner<br \/>\n    <\/a><\/p>\n","protected":false},"excerpt":{"rendered":"C\u2019\u00e9tait un retour attendu, et il n\u2019a pas d\u00e9\u00e7u. En mai\u00a02024, le HBC Nantes annon\u00e7ait le retour du&hellip;\n","protected":false},"author":2,"featured_media":312119,"comment_status":"","ping_status":"","sticky":false,"template":"","format":"standard","meta":{"footnotes":""},"categories":[2818],"tags":[1392,1111,11,2545,1777,674,1011,27,1792,766,12,6752,2636,25,60],"class_list":{"0":"post-312118","1":"post","2":"type-post","3":"status-publish","4":"format-standard","5":"has-post-thumbnail","7":"category-nantes","8":"tag-a-la-une-local","9":"tag-actu","10":"tag-actualites","11":"tag-deux-sevres","12":"tag-eu","13":"tag-europe","14":"tag-fr","15":"tag-france","16":"tag-handball","17":"tag-nantes","18":"tag-news","19":"tag-niort","20":"tag-pays-de-la-loire","21":"tag-republique-francaise","22":"tag-sports"},"share_on_mastodon":{"url":"https:\/\/pubeurope.com\/@fr\/115011394158861097","error":""},"_links":{"self":[{"href":"https:\/\/www.europesays.com\/fr\/wp-json\/wp\/v2\/posts\/312118","targetHints":{"allow":["GET"]}}],"collection":[{"href":"https:\/\/www.europesays.com\/fr\/wp-json\/wp\/v2\/posts"}],"about":[{"href":"https:\/\/www.europesays.com\/fr\/wp-json\/wp\/v2\/types\/post"}],"author":[{"embeddable":true,"href":"https:\/\/www.europesays.com\/fr\/wp-json\/wp\/v2\/users\/2"}],"replies":[{"embeddable":true,"href":"https:\/\/www.europesays.com\/fr\/wp-json\/wp\/v2\/comments?post=312118"}],"version-history":[{"count":0,"href":"https:\/\/www.europesays.com\/fr\/wp-json\/wp\/v2\/posts\/312118\/revisions"}],"wp:featuredmedia":[{"embeddable":true,"href":"https:\/\/www.europesays.com\/fr\/wp-json\/wp\/v2\/media\/312119"}],"wp:attachment":[{"href":"https:\/\/www.europesays.com\/fr\/wp-json\/wp\/v2\/media?parent=312118"}],"wp:term":[{"taxonomy":"category","embeddable":true,"href":"https:\/\/www.europesays.com\/fr\/wp-json\/wp\/v2\/categories?post=312118"},{"taxonomy":"post_tag","embeddable":true,"href":"https:\/\/www.europesays.com\/fr\/wp-json\/wp\/v2\/tags?post=312118"}],"curies":[{"name":"wp","href":"https:\/\/api.w.org\/{rel}","templated":true}]}}