{"id":312120,"date":"2025-08-11T17:49:16","date_gmt":"2025-08-11T17:49:16","guid":{"rendered":"https:\/\/www.europesays.com\/fr\/312120\/"},"modified":"2025-08-11T17:49:16","modified_gmt":"2025-08-11T17:49:16","slug":"malgre-la-canicule-le-prefet-de-la-gironde-deconseille-fortement-la-baignade-a-locean","status":"publish","type":"post","link":"https:\/\/www.europesays.com\/fr\/312120\/","title":{"rendered":"Malgr\u00e9 la canicule, le pr\u00e9fet de la Gironde d\u00e9conseille fortement la baignade \u00e0 l&rsquo;oc\u00e9an"},"content":{"rendered":"<p>            Par<br \/>\n        <strong><br \/>\n            <a href=\"https:\/\/actu.fr\/auteur\/redaction-bordeaux\" title=\"Consulter tous les articles de R\u00e9daction Bordeaux\" target=\"_blank\" rel=\"noopener\">R\u00e9daction Bordeaux<\/a><br \/>\n        <\/strong><\/p>\n<p>        Publi\u00e9 le<\/p>\n<p>            11 ao\u00fbt 2025 \u00e0 18h05        <\/p>\n<p>Chaque ann\u00e9e, <a href=\"https:\/\/actu.fr\/societe\/face-aux-baines-meurtrieres-trop-peu-connues-appel-a-la-prudence-sur-le-littoral-aquitain_60999982.html\" target=\"_blank\" rel=\"noopener\">les ba\u00efnes font de nombreux morts<\/a> sur le littoral aquitain. Il est donc important de suivre les recommandations pour \u00e9viter de <strong>se faire pi\u00e9ger par ces forts courants marins<\/strong> et justement, le pr\u00e9fet de la Gironde appelle \u00e0 \u00ab\u00a0la plus grande vigilance\u00a0\u00bb les 12 et 13 ao\u00fbt 2025 car ces deux journ\u00e9es sont <strong>class\u00e9es \u00e0 risque maximal<\/strong>.<\/p>\n<p class=\" wall-content\">\u00ab\u00a0Durant ces deux jours, ces courants seront particuli\u00e8rement forts et pourraient facilement <strong>entra\u00eener les nageurs vers le large<\/strong>. Les baigneurs et pratiquants d\u2019une activit\u00e9 nautique qui fr\u00e9quentent les plages sont appel\u00e9s \u00e0 faire preuve de la plus grande prudence\u00a0\u00bb, pr\u00e9vient le pr\u00e9fet Etienne Guyot.<\/p>\n<p class=\" wall-content\">Il est vivement recommand\u00e9 de se baigner uniquement dans les zones de baignade surveill\u00e9es et m\u00eame, de ne pas aller \u00e0 l\u2019eau par pr\u00e9caution : \u00ab\u00a0Un baigneur attentif est un baigneur en s\u00e9curit\u00e9 : <strong>\u00e9vitez la baignade<\/strong> et sinon pr\u00e9venez un proche avant de se baigner.\u00a0\u00bb<\/p>\n<p class=\" wall-content\">En outre, il est conseill\u00e9 de respecter les consignes de s\u00e9curit\u00e9 signal\u00e9es par les drapeaux de baignade, de ne pas s\u2019exposer longtemps au soleil ou encore de rentrer progressivement dans l\u2019eau et de ne pas boire d\u2019alcool avant la baignade\u2026<\/p>\n<p class=\" wall-content\">En cas d\u2019urgence, appelez les secours au 112 (gratuit depuis un poste fixe ou mobile).<\/p>\n<p class=\" wall-content\">Suivez toute l\u2019actualit\u00e9 de vos villes et m\u00e9dias favoris en vous inscrivant \u00e0 <a href=\"https:\/\/moncompte.actu.fr\" title=\"D\u00e9couvez Mon Actu\" rel=\"nofollow noopener\" data-trk=\"{&quot;cta&quot;:{&quot;action&quot;:&quot;https:\\\/\\\/moncompte.actu.fr&quot;,&quot;category&quot;:&quot;mon compte&quot;,&quot;from&quot;:&quot;article footer&quot;,&quot;name&quot;:&quot;Mon actu&quot;,&quot;type&quot;:&quot;cta&quot;}}\" target=\"_blank\">Mon Actu<\/a>.<\/p>\n","protected":false},"excerpt":{"rendered":"Par R\u00e9daction Bordeaux Publi\u00e9 le 11 ao\u00fbt 2025 \u00e0 18h05 Chaque ann\u00e9e, les ba\u00efnes font de nombreux morts&hellip;\n","protected":false},"author":2,"featured_media":312121,"comment_status":"","ping_status":"","sticky":false,"template":"","format":"standard","meta":{"footnotes":""},"categories":[2817],"tags":[1111,11,45196,1997,1777,674,1011,27,12,2219,10424,8302,25,104],"class_list":{"0":"post-312120","1":"post","2":"type-post","3":"status-publish","4":"format-standard","5":"has-post-thumbnail","7":"category-bordeaux","8":"tag-actu","9":"tag-actualites","10":"tag-baines","11":"tag-bordeaux","12":"tag-eu","13":"tag-europe","14":"tag-fr","15":"tag-france","16":"tag-news","17":"tag-nouvelle-aquitaine","18":"tag-ocean-atlantique","19":"tag-plages","20":"tag-republique-francaise","21":"tag-societe"},"share_on_mastodon":{"url":"https:\/\/pubeurope.com\/@fr\/115011398272924885","error":""},"_links":{"self":[{"href":"https:\/\/www.europesays.com\/fr\/wp-json\/wp\/v2\/posts\/312120","targetHints":{"allow":["GET"]}}],"collection":[{"href":"https:\/\/www.europesays.com\/fr\/wp-json\/wp\/v2\/posts"}],"about":[{"href":"https:\/\/www.europesays.com\/fr\/wp-json\/wp\/v2\/types\/post"}],"author":[{"embeddable":true,"href":"https:\/\/www.europesays.com\/fr\/wp-json\/wp\/v2\/users\/2"}],"replies":[{"embeddable":true,"href":"https:\/\/www.europesays.com\/fr\/wp-json\/wp\/v2\/comments?post=312120"}],"version-history":[{"count":0,"href":"https:\/\/www.europesays.com\/fr\/wp-json\/wp\/v2\/posts\/312120\/revisions"}],"wp:featuredmedia":[{"embeddable":true,"href":"https:\/\/www.europesays.com\/fr\/wp-json\/wp\/v2\/media\/312121"}],"wp:attachment":[{"href":"https:\/\/www.europesays.com\/fr\/wp-json\/wp\/v2\/media?parent=312120"}],"wp:term":[{"taxonomy":"category","embeddable":true,"href":"https:\/\/www.europesays.com\/fr\/wp-json\/wp\/v2\/categories?post=312120"},{"taxonomy":"post_tag","embeddable":true,"href":"https:\/\/www.europesays.com\/fr\/wp-json\/wp\/v2\/tags?post=312120"}],"curies":[{"name":"wp","href":"https:\/\/api.w.org\/{rel}","templated":true}]}}