{"id":312126,"date":"2025-08-11T17:52:10","date_gmt":"2025-08-11T17:52:10","guid":{"rendered":"https:\/\/www.europesays.com\/fr\/312126\/"},"modified":"2025-08-11T17:52:10","modified_gmt":"2025-08-11T17:52:10","slug":"toulouse-en-patrouille-au-pied-des-immeubles-des-agents-vises-par-des-tirs-de-mortiers","status":"publish","type":"post","link":"https:\/\/www.europesays.com\/fr\/312126\/","title":{"rendered":"Toulouse. En patrouille au pied des immeubles, des agents vis\u00e9s par des tirs de mortiers"},"content":{"rendered":"<p>            Par<br \/>\n        <strong><br \/>\n            <a href=\"https:\/\/actu.fr\/auteur\/marie-lamarque\" title=\"Consulter tous les articles de Marie Lamarque\" rel=\"nofollow noopener\" target=\"_blank\">Marie Lamarque<\/a><br \/>\n        <\/strong><\/p>\n<p>        Publi\u00e9 le<\/p>\n<p>            11 ao\u00fbt 2025 \u00e0 19h37        <\/p>\n<p>Ils patrouillent la nuit au pied des immeubles pour veiller \u00e0 la tranquillit\u00e9 des habitants <a href=\"https:\/\/actu.fr\/toulouse\/\" rel=\"nofollow noopener\" target=\"_blank\">\u00e0 Toulouse<\/a>. Les agents du GITeS (groupement interquartiers de tranquillit\u00e9 et de s\u00fbret\u00e9) ont \u00e9t\u00e9 pris pour cible dans le quartier Bellefontaine, dans la nuit du dimanche 10 au lundi 11 ao\u00fbt 2025. Aux alentours de 23h30, ils ont \u00e9t\u00e9 attaqu\u00e9s par <strong>des tirs de mortiers<\/strong>.<\/p>\n<p>    <a href=\"https:\/\/www.google.com\/maps\/embed?pb=!1m18!1m12!1m3!1d11564.388474156058!2d1.3939009214184803!3d43.56285938394401!2m3!1f0!2f0!3f0!3m2!1i1024!2i768!4f13.1!3m3!1m2!1s0x12aeba31eb1a6b05%3A0x91c6efa73f691aa8!2sBellefontaine%2C%2031100%20Toulouse!5e0!3m2!1sfr!2sfr!4v1754933313565!5m2!1sfr!2sfr\" title=\"Ouvrie le lien\" rel=\"nofollow noopener\" target=\"_blank\">Cliquez ici pour visualiser le contenu<\/a><\/p>\n<p>Pris \u00e0 partie par un groupe de jeunes<\/p>\n<p class=\" wall-content\">Les faits se sont produits alors qu\u2019ils \u00e9taient en surveillance au niveau d\u2019un hall d\u2019immeuble. Ils sont pris \u00e0 partie par un groupe de jeunes. \u00ab\u00a0Des moyens collectifs ont \u00e9t\u00e9 engag\u00e9s afin de les disperser\u00a0\u00bb, explique une source polici\u00e8re. L\u2019un des agents du GITeS est <strong>bless\u00e9 au bras<\/strong>.<\/p>\n<p class=\" wall-content\">Ce dernier a port\u00e9 plainte, ainsi que deux autres de ses coll\u00e8gues.<strong> Une enqu\u00eate est en cours<\/strong> afin d\u2019identifier et d\u2019interpeller les auteurs, notamment \u00e0 l\u2019aide des images des cam\u00e9ras de vid\u00e9o-protection.<\/p>\n<p>Le maire de Toulouse r\u00e9agit<\/p>\n<p class=\" wall-content\">Le maire de Toulouse, <strong>Jean-Luc Moudenc<\/strong>, a exprim\u00e9 \u00ab\u00a0son soutien total aux policiers et aux agents du GITeS vis\u00e9s par des tirs de mortier\u00a0\u00bb.<\/p>\n<p>Vid\u00e9os : en ce moment sur Actu<\/p>\n<p class=\" wall-content\">\n<p class=\" wall-content\">Suivez toute l\u2019actualit\u00e9 de vos villes et m\u00e9dias favoris en vous inscrivant \u00e0 <a href=\"https:\/\/moncompte.actu.fr\" title=\"D\u00e9couvez Mon Actu\" rel=\"nofollow noopener\" data-trk=\"{&quot;cta&quot;:{&quot;action&quot;:&quot;https:\\\/\\\/moncompte.actu.fr&quot;,&quot;category&quot;:&quot;mon compte&quot;,&quot;from&quot;:&quot;article footer&quot;,&quot;name&quot;:&quot;Mon actu&quot;,&quot;type&quot;:&quot;cta&quot;}}\" target=\"_blank\">Mon Actu<\/a>.<\/p>\n","protected":false},"excerpt":{"rendered":"Par Marie Lamarque Publi\u00e9 le 11 ao\u00fbt 2025 \u00e0 19h37 Ils patrouillent la nuit au pied des immeubles&hellip;\n","protected":false},"author":2,"featured_media":312127,"comment_status":"","ping_status":"","sticky":false,"template":"","format":"standard","meta":{"footnotes":""},"categories":[2816],"tags":[1111,11,1777,674,118,1011,27,12,2680,1072,25,2312],"class_list":{"0":"post-312126","1":"post","2":"type-post","3":"status-publish","4":"format-standard","5":"has-post-thumbnail","7":"category-toulouse","8":"tag-actu","9":"tag-actualites","10":"tag-eu","11":"tag-europe","12":"tag-faits-divers","13":"tag-fr","14":"tag-france","15":"tag-news","16":"tag-occitanie","17":"tag-police","18":"tag-republique-francaise","19":"tag-toulouse"},"share_on_mastodon":{"url":"https:\/\/pubeurope.com\/@fr\/115011409896801029","error":""},"_links":{"self":[{"href":"https:\/\/www.europesays.com\/fr\/wp-json\/wp\/v2\/posts\/312126","targetHints":{"allow":["GET"]}}],"collection":[{"href":"https:\/\/www.europesays.com\/fr\/wp-json\/wp\/v2\/posts"}],"about":[{"href":"https:\/\/www.europesays.com\/fr\/wp-json\/wp\/v2\/types\/post"}],"author":[{"embeddable":true,"href":"https:\/\/www.europesays.com\/fr\/wp-json\/wp\/v2\/users\/2"}],"replies":[{"embeddable":true,"href":"https:\/\/www.europesays.com\/fr\/wp-json\/wp\/v2\/comments?post=312126"}],"version-history":[{"count":0,"href":"https:\/\/www.europesays.com\/fr\/wp-json\/wp\/v2\/posts\/312126\/revisions"}],"wp:featuredmedia":[{"embeddable":true,"href":"https:\/\/www.europesays.com\/fr\/wp-json\/wp\/v2\/media\/312127"}],"wp:attachment":[{"href":"https:\/\/www.europesays.com\/fr\/wp-json\/wp\/v2\/media?parent=312126"}],"wp:term":[{"taxonomy":"category","embeddable":true,"href":"https:\/\/www.europesays.com\/fr\/wp-json\/wp\/v2\/categories?post=312126"},{"taxonomy":"post_tag","embeddable":true,"href":"https:\/\/www.europesays.com\/fr\/wp-json\/wp\/v2\/tags?post=312126"}],"curies":[{"name":"wp","href":"https:\/\/api.w.org\/{rel}","templated":true}]}}