{"id":312140,"date":"2025-08-11T18:01:11","date_gmt":"2025-08-11T18:01:11","guid":{"rendered":"https:\/\/www.europesays.com\/fr\/312140\/"},"modified":"2025-08-11T18:01:11","modified_gmt":"2025-08-11T18:01:11","slug":"la-reforme-de-la-loi-plm-secoue-les-equilibres-un-formidable-retour-en-arriere","status":"publish","type":"post","link":"https:\/\/www.europesays.com\/fr\/312140\/","title":{"rendered":"la r\u00e9forme de la loi PLM secoue les \u00e9quilibres, \u00ab\u00a0un formidable retour en arri\u00e8re\u00a0\u00bb"},"content":{"rendered":"<p>            Par<br \/>\n        <strong><br \/>\n            <a href=\"https:\/\/actu.fr\/auteur\/hugo-hancewicz\" title=\"Consulter tous les articles de Hugo Hancewicz\" rel=\"nofollow noopener\" target=\"_blank\">Hugo Hancewicz<\/a><br \/>\n        <\/strong><\/p>\n<p>        Publi\u00e9 le<\/p>\n<p>            11 ao\u00fbt 2025 \u00e0 19h06        <\/p>\n<p>Apr\u00e8s plus de quarante ans d\u2019un fonctionnement inchang\u00e9, la vie municipale parisienne s\u2019appr\u00eate \u00e0 conna\u00eetre un tournant majeur. Valid\u00e9e par le Conseil constitutionnel le jeudi 7\u00a0ao\u00fbt 2025, <a href=\"https:\/\/actu.fr\/ile-de-france\/paris_75056\/municipales-2026-a-paris-ce-que-la-reforme-de-la-loi-plm-va-changer-dans-les-bureaux-de-vote_62895161.html\" rel=\"nofollow noopener\" target=\"_blank\">la r\u00e9forme de la loi PLM<\/a> (Paris-Lyon-Marseille) <strong>met fin au syst\u00e8me h\u00e9rit\u00e9 de 1982<\/strong>, qui conf\u00e9rait aux maires d\u2019arrondissement un si\u00e8ge automatique au <a href=\"https:\/\/actu.fr\/tag\/conseil-de-paris\" rel=\"nofollow noopener\" target=\"_blank\">Conseil de Paris<\/a>. \u00c0 sa place, un double scrutin qui, d\u00e8s mars\u00a02026, imposera aux \u00e9lecteurs de d\u00e9signer s\u00e9par\u00e9ment leurs conseillers d\u2019arrondissement, charg\u00e9s des affaires locales, et leurs conseillers municipaux \u00e0 la mairie centrale. Une rupture institutionnelle qui bouleverse les \u00e9quilibres \u00e9tablis. Dans toutes les formations politiques, de la gauche \u00e0 la droite, <strong>les \u00e9tats-majors s\u2019interrogent sur l\u2019impact de ce d\u00e9couplage<\/strong>. \u00c0 quelques mois du scrutin et \u00e0 la veille de l\u2019ouverture officielle de la campagne, une question domine\u2009: les cartes sont-elles redistribu\u00e9es\u2009dans la capitale\u2009?<\/p>\n<p>\u00ab\u2009Un formidable retour en arri\u00e8re\u2009\u00bb<\/p>\n<p class=\" wall-content\">Officiellement, la r\u00e9forme entend \u00ab\u2009am\u00e9liorer la repr\u00e9sentation des diverses sensibilit\u00e9s politiques\u2009\u00bb et renforcer la d\u00e9mocratie locale. Elle vise \u00e9galement \u00e0 <strong>limiter le cumul des mandats<\/strong>, en s\u00e9parant clairement le pouvoir de gestion des arrondissements de celui exerc\u00e9 au niveau central. Mais cette recomposition institutionnelle pourrait aussi introduire une gouvernance plus \u00e9clat\u00e9e. Un sc\u00e9nario qui inqui\u00e8te <a href=\"https:\/\/actu.fr\/tag\/les-republicains-lr\" rel=\"nofollow noopener\" target=\"_blank\">Les R\u00e9publicains<\/a> (<strong>LR<\/strong>). Le parti redoute que \u00ab\u2009le Conseil de Paris soit extr\u00eamement politis\u00e9 avec l\u2019arriv\u00e9e des extr\u00eames dans l\u2019assembl\u00e9e\u2009\u00bb.<\/p>\n<p class=\" wall-content\">Pour Jack-Yves Bohbot, secr\u00e9taire d\u00e9partemental LR \u00e0 <a href=\"https:\/\/actu.fr\/paris\/\" rel=\"nofollow noopener\" target=\"_blank\">Paris<\/a>, la perte potentielle du si\u00e8ge pour les maires d\u2019arrondissement s\u2019apparente \u00e0 un recul. \u00ab\u2009Leur pouvoir va \u00eatre affaibli, <strong>c\u2019est un formidable retour en arri\u00e8re<\/strong>\u2009\u00bb, estime-t-il. LR, qui d\u00e9tient six mairies d\u2019arrondissement, craint de voir ses figures exp\u00e9riment\u00e9es \u2013 Philippe Goujon, Jean-Pierre Lecoq ou encore Geoffroy Boulard notamment \u2013\u00a0<strong>priv\u00e9es d\u2019un r\u00f4le direct aupr\u00e8s de la mairie centrale<\/strong>.<\/p>\n<p>Des partis politiques avantag\u00e9s\u2009?<\/p>\n<p class=\" wall-content\">\u00c0 l\u2019inverse, certains voient dans la r\u00e9forme une ouverture historique. Le Rassemblement national, en particulier, <strong>esp\u00e8re franchir la porte du Conseil de Paris<\/strong>, gr\u00e2ce notamment \u00e0 l\u2019abaissement \u00e0 25\u2009% de la prime majoritaire pour la liste arriv\u00e9e en t\u00eate, contre 50\u2009% actuellement. \u00ab\u2009Les diff\u00e9rentes tendances politiques <strong>pourront \u00eatre repr\u00e9sent\u00e9es<\/strong> gr\u00e2ce \u00e0 ce nouveau syst\u00e8me\u2009\u00bb, se r\u00e9jouit R\u00e9my Durrieu, d\u00e9l\u00e9gu\u00e9 d\u00e9partemental adjoint du RN \u00e0 Paris.<\/p>\n<p class=\" wall-content\">Pour le parti \u00e0 la flamme, l\u2019enjeu est double\u2009: accro\u00eetre sa visibilit\u00e9 dans les arrondissements et <strong>envoyer des \u00e9lus d\u2019opposition \u00e0 la mairie centrale<\/strong>. \u00ab\u2009En terme politique, \u00e7a permet de recentrer l\u2019\u00e9lection autour d\u2019un candidat \u00e0 la mairie centrale et de voter directement pour son maire d\u2019arrondissement, c\u2019est une tr\u00e8s bonne chose\u2009\u00bb, poursuit-il. Le fameux \u00ab\u2009une voix, un vote\u2009\u00bb, mis en avant par le texte.<\/p>\n<p>Une gauche r\u00e9ticente \u00e0 la loi PLM<\/p>\n<p class=\" wall-content\">Hostile dans son principe, la gauche parisienne reste critique vis-\u00e0-vis de la nouvelle loi PLM. Emmanuel Gr\u00e9goire, <a href=\"https:\/\/actu.fr\/politique\/elections-municipales\/municipales-2026-a-paris-emmanuel-gregoire-remporte-la-primaire-socialiste-contre-le-candidat-d-anne-hidalgo_62848401.html\" rel=\"nofollow noopener\" target=\"_blank\">candidat socialiste \u00e0 la municipale<\/a>, insiste sur la n\u00e9cessit\u00e9 de pr\u00e9server l\u2019\u00e9quilibre institutionnel. \u00ab\u2009Dans ce nouveau cadre, je souhaite r\u00e9affirmer ma volont\u00e9 <strong>d\u2019\u0153uvrer au renforcement de la d\u00e9mocratie locale<\/strong>, notamment en maintenant le r\u00f4le des arrondissements, relais de d\u00e9mocratie essentiels aux Parisiennes et aux Parisiens\u2009\u00bb, \u00e9crit-il sur X.<\/p>\n<p class=\" wall-content\">\n<p class=\" wall-content\">Dans un registre plus offensif, Ian Brossat (PCF), <a href=\"https:\/\/actu.fr\/ile-de-france\/paris_75056\/candidat-aux-municipales-2026-a-paris-ian-brossat-est-accro-a-la-musculation-j-ai-besoin-de-cet-exutoire_62876735.html\" rel=\"nofollow noopener\" target=\"_blank\">\u00e9galement candidat<\/a>, voit dans cette r\u00e9forme <strong>une man\u0153uvre taill\u00e9e sur mesure pour la droite parisienne<\/strong>. Selon lui, \u00ab\u2009le Conseil constitutionnel a valid\u00e9 le tripatouillage \u00e9lectoral con\u00e7u pour arranger les affaires de Mme Dati\u2009\u00bb. Une situation qui, insiste-t-il, impose une r\u00e9ponse claire. \u00ab\u2009La gauche doit en tirer toutes les cons\u00e9quences\u2009: union de la majorit\u00e9 municipale <strong>d\u00e8s le premier tour\u2009!<\/strong>\u2009\u00bb, tranche-t-il.<\/p>\n<p class=\" wall-content\">\n<p class=\" wall-content\">Reste \u00e0 d\u00e9terminer qui saura <strong>tirer profit de cette nouvelle configuration<\/strong>. Pour Jack-Yves Bohbot, qui si\u00e8ge d\u00e9j\u00e0 au Conseil de Paris et est vice-pr\u00e9sident du groupe de Francis Szpiner, une chose est s\u00fbre\u2009: \u00ab\u2009La mairie centrale sera un vote tr\u00e8s politique et l\u2019\u00e9tiquette va compter\u2009\u00bb.<\/p>\n<p class=\" wall-content\">Suivez toute l\u2019actualit\u00e9 de vos villes et m\u00e9dias favoris en vous inscrivant \u00e0 <a href=\"https:\/\/moncompte.actu.fr\" title=\"D\u00e9couvez Mon Actu\" rel=\"nofollow noopener\" data-trk=\"{&quot;cta&quot;:{&quot;action&quot;:&quot;https:\\\/\\\/moncompte.actu.fr&quot;,&quot;category&quot;:&quot;mon compte&quot;,&quot;from&quot;:&quot;article footer&quot;,&quot;name&quot;:&quot;Mon actu&quot;,&quot;type&quot;:&quot;cta&quot;}}\" target=\"_blank\">Mon Actu<\/a>.<\/p>\n","protected":false},"excerpt":{"rendered":"Par Hugo Hancewicz Publi\u00e9 le 11 ao\u00fbt 2025 \u00e0 19h06 Apr\u00e8s plus de quarante ans d\u2019un fonctionnement inchang\u00e9,&hellip;\n","protected":false},"author":2,"featured_media":312141,"comment_status":"","ping_status":"","sticky":false,"template":"","format":"standard","meta":{"footnotes":""},"categories":[1888],"tags":[1111,1928,11,1927,2617,4188,1777,674,1011,27,2381,3434,12,1926,626,1925,316,25],"class_list":{"0":"post-312140","1":"post","2":"type-post","3":"status-publish","4":"format-standard","5":"has-post-thumbnail","7":"category-paris","8":"tag-actu","9":"tag-actu-paris","10":"tag-actualites","11":"tag-actualites-paris","12":"tag-conseil-de-paris","13":"tag-elections-municipales","14":"tag-eu","15":"tag-europe","16":"tag-fr","17":"tag-france","18":"tag-mairie-de-paris","19":"tag-municipales-2026","20":"tag-news","21":"tag-news-paris","22":"tag-paris","23":"tag-paris-news","24":"tag-politique","25":"tag-republique-francaise"},"share_on_mastodon":{"url":"https:\/\/pubeurope.com\/@fr\/115011445380598975","error":""},"_links":{"self":[{"href":"https:\/\/www.europesays.com\/fr\/wp-json\/wp\/v2\/posts\/312140","targetHints":{"allow":["GET"]}}],"collection":[{"href":"https:\/\/www.europesays.com\/fr\/wp-json\/wp\/v2\/posts"}],"about":[{"href":"https:\/\/www.europesays.com\/fr\/wp-json\/wp\/v2\/types\/post"}],"author":[{"embeddable":true,"href":"https:\/\/www.europesays.com\/fr\/wp-json\/wp\/v2\/users\/2"}],"replies":[{"embeddable":true,"href":"https:\/\/www.europesays.com\/fr\/wp-json\/wp\/v2\/comments?post=312140"}],"version-history":[{"count":0,"href":"https:\/\/www.europesays.com\/fr\/wp-json\/wp\/v2\/posts\/312140\/revisions"}],"wp:featuredmedia":[{"embeddable":true,"href":"https:\/\/www.europesays.com\/fr\/wp-json\/wp\/v2\/media\/312141"}],"wp:attachment":[{"href":"https:\/\/www.europesays.com\/fr\/wp-json\/wp\/v2\/media?parent=312140"}],"wp:term":[{"taxonomy":"category","embeddable":true,"href":"https:\/\/www.europesays.com\/fr\/wp-json\/wp\/v2\/categories?post=312140"},{"taxonomy":"post_tag","embeddable":true,"href":"https:\/\/www.europesays.com\/fr\/wp-json\/wp\/v2\/tags?post=312140"}],"curies":[{"name":"wp","href":"https:\/\/api.w.org\/{rel}","templated":true}]}}