{"id":312146,"date":"2025-08-11T18:04:10","date_gmt":"2025-08-11T18:04:10","guid":{"rendered":"https:\/\/www.europesays.com\/fr\/312146\/"},"modified":"2025-08-11T18:04:10","modified_gmt":"2025-08-11T18:04:10","slug":"mercato-psg-paris-plus-que-jamais-pret-a-tourner-la-page-donnarumma","status":"publish","type":"post","link":"https:\/\/www.europesays.com\/fr\/312146\/","title":{"rendered":"Mercato PSG\u00a0: Paris plus que jamais pr\u00eat \u00e0 tourner la page Donnarumma"},"content":{"rendered":"<p class=\"paragraph text_align_left lp-f-body-02\">C\u2019est un geste fort et loin d\u2019\u00eatre anecdotique qui acte encore un peu plus la position <a href=\"https:\/\/www.leparisien.fr\/sports\/football\/psg\/\" target=\"_blank\" rel=\"noreferrer nofollow noopener\">du PSG<\/a> au sujet <a href=\"https:\/\/www.leparisien.fr\/sports\/football\/psg\/mercato-psg-et-maintenant-on-fait-quoi-avec-donnarumma-11-08-2025-SDGSL7DWKJEUFLZGAX5ES7DUPQ.php\" target=\"_blank\" rel=\"noreferrer nofollow noopener\">du cas Gianluigi Donnarumma<\/a>. Un dossier tr\u00e8s symbolique qui s\u2019annonce br\u00fblant et qui va rythmer la fin du mercato parisien. Trois jours seulement apr\u00e8s l\u2019officialisation de la signature de Lucas Chevalier, le club de la capitale a pris la d\u00e9cision ce lundi de ne <a href=\"https:\/\/www.leparisien.fr\/sports\/football\/psg\/psg-tottenham-donnarumma-ecarte-du-groupe-pour-la-supercoupe-deurope-11-08-2025-GLIFKFE2XFAK5ODARIHOMRJMXQ.php\" target=\"_blank\" rel=\"noreferrer nofollow noopener\">pas convoquer le portier italien<\/a> dans le groupe amen\u00e9 \u00e0 affronter Tottenham mercredi soir (21 heures) lors de la Supercoupe d\u2019Europe organis\u00e9e \u00e0 Udine.<\/p>\n<p class=\"paragraph text_align_left lp-f-body-02\">Si l\u2019on savait que la venue de l\u2019ancien dernier rempart du Losc, arriv\u00e9 dans le costume de num\u00e9ro 1, rapprocherait in\u00e9vitablement Donnarumma (26 ans) de la sortie, cette tendance s\u2019est fortement confirm\u00e9e avec ce choix fort effectu\u00e9 par Luis Enrique en personne \u00e0 48 heures du premier match de la saison.<\/p>\n<p class=\"paragraph text_align_left lp-f-body-02\">En d\u00e9cidant de laisser \u00e0 quai le gardien transalpin et ne le conviant pas \u00e0 ce d\u00e9placement en Italie, le coach espagnol envoie un message clair et pr\u00e9cis : l\u2019un des h\u00e9ros de la derni\u00e8re campagne de Ligue des champions est plus que jamais pri\u00e9 de trouver un nouveau point de chute cet \u00e9t\u00e9.<\/p>\n<p class=\"paragraph text_align_left lp-f-body-02\">Donnarumma n\u2019a pas non plus totalement d\u00fb tomber de sa chaise en apprenant la nouvelle puisqu\u2019il n\u2019avait pas particip\u00e9 aux oppositions lors de l\u2019entra\u00eenement du jour, quelques heures plus t\u00f4t \u00e0 Poissy, contrairement \u00e0 Lucas Chevalier, Matvey Safonov et Renato Marin. Pour autant, cette non-convocation t\u00e9moigne de la volont\u00e9 du club de ne pas faire cohabiter le Fran\u00e7ais et l\u2019Italien pendant une saison compl\u00e8te. Et rappelle que le PSG ne veut pas voir partir libre Donnarumma, sous contrat jusqu\u2019en 2026.<\/p>\n<p>Des courtisans en Angleterre<\/p>\n<p class=\"paragraph text_align_left lp-f-body-02\">Si l\u2019ancien portier de l\u2019AC Milan a maintes fois r\u00e9p\u00e9t\u00e9 son envie de poursuivre sa carri\u00e8re dans la capitale, il n\u2019est jamais parvenu \u00e0 trouver un accord avec la direction parisienne pour prolonger son bail, refusant les conditions propos\u00e9es avec un salaire fixe compl\u00e9t\u00e9 par une part variable. Le dossier \u00e9tait sur la table des n\u00e9gociations depuis pratiquement un an mais celui-ci n\u2019a jamais connu d\u2019avanc\u00e9e majeure, malgr\u00e9 les exploits r\u00e9p\u00e9t\u00e9s de Donnarumma en Ligue des champions.<\/p>\n<p class=\"paragraph text_align_left lp-f-body-02\">Dans l\u2019entourage du Transalpin, on a longtemps diffus\u00e9 l\u2019id\u00e9e que le joueur pouvait rester \u00e0 Paris jusqu\u2019\u00e0 la fin de son contrat. Mais son absence dans le groupe du PSG d\u00e9montre bien qu\u2019un futur en rouge et bleu s\u2019annonce difficile \u00e0 imaginer. Alors qu\u2019un d\u00e9part pourrait \u00eatre facilit\u00e9 par la direction sportive, tout le d\u00e9fi des vingt prochains jours consistera \u00e0 trouver un nouveau projet \u00e0 la hauteur de l\u2019un des meilleurs gardiens de la plan\u00e8te qui poss\u00e8de quelques courtisans du c\u00f4t\u00e9 de l\u2019Angleterre et de la Premier League.<\/p>\n<p class=\"paragraph text_align_left lp-f-body-02\">Ce lundi soir, sa garde rapproch\u00e9e se refusait \u00e0 tout commentaire \u00e0 ce sujet mais elle ne masquait pas son amertume quant \u00e0 ce choix. \u00c0 ses yeux, Donnarumma a fortement contribu\u00e9 \u00e0 la pr\u00e9sence du club de la capitale en Supercoupe d\u2019Europe gr\u00e2ce \u00e0 ses prestations XXL en Ligue des champions et son absence dans le groupe de Luis Enrique est v\u00e9cue comme un cr\u00e8ve-c\u0153ur. Pr\u00eat \u00e0 tourner la page Donnarumma, le PSG est d\u00e9termin\u00e9 \u00e0 d\u00e9buter un nouveau chapitre avec Lucas Chevalier attendu dans le but ce mercredi soir face \u00e0 Tottenham.<\/p>\n","protected":false},"excerpt":{"rendered":"C\u2019est un geste fort et loin d\u2019\u00eatre anecdotique qui acte encore un peu plus la position du PSG&hellip;\n","protected":false},"author":2,"featured_media":312147,"comment_status":"","ping_status":"","sticky":false,"template":"","format":"standard","meta":{"footnotes":""},"categories":[1888],"tags":[11,1777,674,63,1011,27,12,626,93,25,60],"class_list":{"0":"post-312146","1":"post","2":"type-post","3":"status-publish","4":"format-standard","5":"has-post-thumbnail","7":"category-paris","8":"tag-actualites","9":"tag-eu","10":"tag-europe","11":"tag-football","12":"tag-fr","13":"tag-france","14":"tag-news","15":"tag-paris","16":"tag-psg","17":"tag-republique-francaise","18":"tag-sports"},"share_on_mastodon":{"url":"https:\/\/pubeurope.com\/@fr\/115011457260291560","error":""},"_links":{"self":[{"href":"https:\/\/www.europesays.com\/fr\/wp-json\/wp\/v2\/posts\/312146","targetHints":{"allow":["GET"]}}],"collection":[{"href":"https:\/\/www.europesays.com\/fr\/wp-json\/wp\/v2\/posts"}],"about":[{"href":"https:\/\/www.europesays.com\/fr\/wp-json\/wp\/v2\/types\/post"}],"author":[{"embeddable":true,"href":"https:\/\/www.europesays.com\/fr\/wp-json\/wp\/v2\/users\/2"}],"replies":[{"embeddable":true,"href":"https:\/\/www.europesays.com\/fr\/wp-json\/wp\/v2\/comments?post=312146"}],"version-history":[{"count":0,"href":"https:\/\/www.europesays.com\/fr\/wp-json\/wp\/v2\/posts\/312146\/revisions"}],"wp:featuredmedia":[{"embeddable":true,"href":"https:\/\/www.europesays.com\/fr\/wp-json\/wp\/v2\/media\/312147"}],"wp:attachment":[{"href":"https:\/\/www.europesays.com\/fr\/wp-json\/wp\/v2\/media?parent=312146"}],"wp:term":[{"taxonomy":"category","embeddable":true,"href":"https:\/\/www.europesays.com\/fr\/wp-json\/wp\/v2\/categories?post=312146"},{"taxonomy":"post_tag","embeddable":true,"href":"https:\/\/www.europesays.com\/fr\/wp-json\/wp\/v2\/tags?post=312146"}],"curies":[{"name":"wp","href":"https:\/\/api.w.org\/{rel}","templated":true}]}}