{"id":312148,"date":"2025-08-11T18:05:16","date_gmt":"2025-08-11T18:05:16","guid":{"rendered":"https:\/\/www.europesays.com\/fr\/312148\/"},"modified":"2025-08-11T18:05:16","modified_gmt":"2025-08-11T18:05:16","slug":"en-direct-guerre-en-ukraine-les-russes-cherchent-simplement-a-gagner-du-temps-estime-zelensky","status":"publish","type":"post","link":"https:\/\/www.europesays.com\/fr\/312148\/","title":{"rendered":"EN DIRECT &#8211; Guerre en Ukraine : \u00ab\u00a0Les Russes cherchent simplement \u00e0 gagner du temps\u00a0\u00bb, estime Zelensky"},"content":{"rendered":"<ul class=\"jsx-862013697 ArticleChapo__List\">\n<li class=\"jsx-862013697 ArticleChapo__List_Item flex\">Lors d&rsquo;une conf\u00e9rence de presse, ce lundi, le pr\u00e9sident am\u00e9ricain a pr\u00e9venu l&rsquo;Ukraine que les n\u00e9gociations comporteraient des \u00e9changes de territoires.<\/li>\n<li class=\"jsx-862013697 ArticleChapo__List_Item flex\">\u00ab\u00a0Il est \u00e9vident que les Russes cherchent simplement \u00e0 gagner du temps\u00a0\u00bb, a r\u00e9pliqu\u00e9 sur X Volodymyr Zelensky.<\/li>\n<li class=\"jsx-862013697 ArticleChapo__List_Item flex\">Suivez les derni\u00e8res informations en direct.<\/li>\n<\/ul>\n<p><a href=\"https:\/\/www.tf1info.fr\/actualite\/guerre-ukraine-russie-une-rencontre-donald-trump-vladimir-poutine-historique-le-vendredi-15-aout-2025-en-alaska-sans-volodymyr-zelensky-14326\/\" rel=\"noopener\" class=\"jsx-484472199 Link jsx-1428418400 jsx-554215408\" target=\"_blank\"><\/p>\n<p style=\"font-weight:400\" class=\"jsx-1837267516\">Suivez la couverture compl\u00e8te<\/p>\n<p style=\"font-weight:800\" class=\"jsx-1837267516\">Ukraine : une rencontre cruciale Trump-Poutine le 15 ao\u00fbt, sans Zelensky ?<\/p>\n<p><\/a>Les \u00e9l\u00e9ments marquants\u00a0\u00bbLES RUSSES CHERCHENT SIMPLEMENT \u00c0 GAGNER DU TEMPS\u00a0\u00bb18:56<\/p>\n<p>\u00ab\u00a0Il est \u00e9vident que les Russes cherchent simplement \u00e0 gagner du temps, et non \u00e0 mettre fin \u00e0 la guerre\u00a0\u00bb, d\u00e9nonce lundi sur X le pr\u00e9sident ukrainien, Volodymyr Zelensky, relatant une discussion t\u00e9l\u00e9phonique avec le Premier ministre canadien, Mark Carney. \u00ab\u00a0La situation sur le champ de bataille et les frappes brutales de la Russie contre les infrastructures civiles et la population le prouvent clairement.\u00a0\u00bb<\/p>\n<p>\u00ab\u00a0Nous avons convenu qu&rsquo;aucune d\u00e9cision concernant l&rsquo;avenir de l&rsquo;Ukraine et la s\u00e9curit\u00e9 de notre peuple ne peut \u00eatre prise sans la participation de l&rsquo;Ukraine. De m\u00eame, aucune d\u00e9cision ne peut \u00eatre prise sans garanties de s\u00e9curit\u00e9 claires\u00a0\u00bb, a-t-il fait savoir sur le r\u00e9seau social. \u00ab\u00a0Tant que ces garanties ne seront pas obtenues, les sanctions contre la Russie devront rester en vigueur et \u00eatre constamment renforc\u00e9es.\u00a0\u00bb<\/p>\n<p>Minute par minute\u00a0\u00bbLES RUSSES CHERCHENT SIMPLEMENT \u00c0 GAGNER DU TEMPS\u00a0\u00bb18:56<\/p>\n<p>\u00ab\u00a0Il est \u00e9vident que les Russes cherchent simplement \u00e0 gagner du temps, et non \u00e0 mettre fin \u00e0 la guerre\u00a0\u00bb, d\u00e9nonce lundi sur X le pr\u00e9sident ukrainien, Volodymyr Zelensky, relatant une discussion t\u00e9l\u00e9phonique avec le Premier ministre canadien, Mark Carney. \u00ab\u00a0La situation sur le champ de bataille et les frappes brutales de la Russie contre les infrastructures civiles et la population le prouvent clairement.\u00a0\u00bb<\/p>\n<p>\u00ab\u00a0Nous avons convenu qu&rsquo;aucune d\u00e9cision concernant l&rsquo;avenir de l&rsquo;Ukraine et la s\u00e9curit\u00e9 de notre peuple ne peut \u00eatre prise sans la participation de l&rsquo;Ukraine. De m\u00eame, aucune d\u00e9cision ne peut \u00eatre prise sans garanties de s\u00e9curit\u00e9 claires\u00a0\u00bb, a-t-il fait savoir sur le r\u00e9seau social. \u00ab\u00a0Tant que ces garanties ne seront pas obtenues, les sanctions contre la Russie devront rester en vigueur et \u00eatre constamment renforc\u00e9es.\u00a0\u00bb<\/p>\n<p>TRUMP VA DIRE \u00c0 POUTINE \u00ab\u00a0DE TERMINER CETTE GUERRE\u00a0\u00bb17:38<\/p>\n<p>\u00ab\u00a0Je vais dire \u00e0 Vladimir Poutine qu&rsquo;il doit terminer cette guerre\u00a0\u00bb, fait savoir lundi Donald Trump, \u00e0 quatre jours de sa \u00ab\u00a0r\u00e9union de t\u00e2tonnement\u00a0\u00bb avec le pr\u00e9sident russe en Alaska qu&rsquo;il esp\u00e8re \u00ab\u00a0constructive\u00a0\u00bb. \u00ab\u00a0Il y aura des \u00e9changes de terre, il y aura du bon et du mauvais pour l&rsquo;Ukraine\u00a0\u00bb, pr\u00e9vient le locataire de la Maison Blanche, qui se dit par ailleurs \u00ab\u00a0contrari\u00e9\u00a0\u00bb par le refus de Kiev de c\u00e9der une partie de son territoire \u00e0 Moscou.<\/p>\n<p>\u00ab\u00a0Poutine ne veut parler qu&rsquo;\u00e0 moi\u00a0\u00bb, poursuit-il, affirmant qu&rsquo;il discutera \u00ab\u00a0juste apr\u00e8s\u00a0\u00bb le sommet avec son homologue ukrainien, Volodymyr Zelensky, et les Europ\u00e9ens, apr\u00e8s le sommet.\u00a0\u00ab\u00a0Le pr\u00e9sident Poutine m&rsquo;a invit\u00e9 \u00e0 m&rsquo;impliquer. Il souhaite que nous nous impliquions. Je crois qu&rsquo;il veut en finir.\u00a0\u00bb<\/p>\n<p>\u00ab\u00a0La prochaine r\u00e9union aura lieu entre Zelensky et Poutine, ou Zelensky, Poutine et moi. Je serai pr\u00e9sent s&rsquo;ils en ont besoin, mais je souhaite qu&rsquo;une rencontre soit organis\u00e9e entre les deux dirigeants\u00a0\u00bb, conclut-il.<\/p>\n<p>DES \u00ab\u00a0DISCUSSIONS\u00a0\u00bb TRUMP-UE-ZELENSKY MERCREDI16:20<\/p>\n<p>Le chancelier allemand, Friedrich Merz, a annonc\u00e9 lundi des \u00ab\u00a0discussions\u00a0\u00bb incluant le pr\u00e9sident am\u00e9ricain Donald Trump, le chef d&rsquo;Etat ukrainien Volodymyr Zelensky, les dirigeants des principaux pays europ\u00e9ens, ceux de l&rsquo;Union europ\u00e9enne et de l&rsquo;Otan. Ils participeront mercredi \u00e0 une \u00ab\u00a0r\u00e9union virtuelle\u00a0\u00bb au sujet de l&rsquo;Ukraine, deux jours avant le sommet Trump-Poutine programm\u00e9 vendredi en Alaska.<\/p>\n<p>Ces \u00ab\u00a0discussions\u00a0\u00bb, organis\u00e9es \u00e0 l&rsquo;initiative de Berlin \u00ab\u00a0en diff\u00e9rents groupes th\u00e9matiques\u00a0\u00bb, porteront sur \u00ab\u00a0la pr\u00e9paration de possibles n\u00e9gociations de paix\u00a0\u00bb, les questions \u00ab\u00a0relatives aux revendications territoriales et aux garanties de s\u00e9curit\u00e9\u00a0\u00bb ainsi que sur d&rsquo;\u00e9ventuelles \u00ab\u00a0actions suppl\u00e9mentaires\u00a0\u00bb pour \u00ab\u00a0exercer une pression sur la Russie\u00a0\u00bb, a d\u00e9clar\u00e9 dans un communiqu\u00e9 le porte-parole du gouvernement allemand, Stefan Kornelius.<\/p>\n<p>ON VOUS PR\u00c9SENTE CE DRONE R\u00c9UTILISABLE15:30<\/p>\n<p>Au cours du mois de juillet 2025, Moscou a lanc\u00e9 plus de 6.000 drones contre l&rsquo;Ukraine, un record depuis le d\u00e9but de l&rsquo;invasion russe. Pour les neutraliser, Kiev d\u00e9ploie une armada d&rsquo;intercepteurs, \u00e0 l&rsquo;instar du Besomar 3210, un drone r\u00e9utilisable qui int\u00e8gre un fusil de chasse dans son nez.<\/p>\n<p>International<img decoding=\"async\" src=\"https:\/\/www.europesays.com\/fr\/wp-content\/uploads\/2025\/08\/drone-besomar-967b76-0@1x.jpeg\" alt=\"Le Besomar 3210, le drone intercepteur ukrainien \u00e9quip\u00e9 d'un canon de fusil de chasse\" loading=\"lazy\" importance=\"low\" fetchpriority=\"low\" class=\"\" aria-hidden=\"true\"\/>Publi\u00e9 aujourd&rsquo;hui \u00e0 15h10ZELENSKY APPELLE \u00c0 COUPER LE ROBINET RUSSE15:18<\/p>\n<p>Le pr\u00e9sident ukrainien, Volodymyr Zelensky, a annonc\u00e9 lundi sur X avoir \u00e9chang\u00e9 avec le Premier ministre indien, Narendra Modi. \u00a0\u00ab\u00a0Nous avons discut\u00e9 en d\u00e9tail des sanctions contre la Russie. J&rsquo;ai soulign\u00e9 la n\u00e9cessit\u00e9 de limiter les exportations d&rsquo;\u00e9nergie russe, notamment de p\u00e9trole, afin de r\u00e9duire leur potentiel et leur capacit\u00e9 \u00e0 financer la poursuite de cette guerre\u00a0\u00bb, a-t-il \u00e9crit sur X. \u00ab\u00a0Il est important que chaque dirigeant disposant d&rsquo;une influence tangible sur la Russie envoie des signaux appropri\u00e9s \u00e0 Moscou.\u00a0\u00bb<\/p>\n<p>\u00ab\u00a0Nous avons convenu de planifier une rencontre personnelle en septembre lors de l&rsquo;Assembl\u00e9e g\u00e9n\u00e9rale des Nations unies et de travailler sur un \u00e9change de visites\u00a0\u00bb, a conclu le chef d&rsquo;Etat ukrainien.<\/p>\n<blockquote data-testid=\"EmbedTwitter\" id=\"tweet-1954891726134378999-:R3j59lkmcmj9n79m:\" class=\"jsx-aeff1a1c40f54d7a twitter-tweet flex justify-center items-center\"><p>I had a long conversation with the Prime Minister of India  @narendramodi . We discussed in detail all important issues \u2013 both of our bilateral cooperation and the overall diplomatic situation. I am grateful to the Prime Minister for his warm words of support for our people. I\u2026  pic.twitter.com\/Lx9b3sMAbb \u2014 Volodymyr Zelenskyy \/ \u0412\u043e\u043b\u043e\u0434\u0438\u043c\u0438\u0440 \u0417\u0435\u043b\u0435\u043d\u0441\u044c\u043a\u0438\u0439 (@ZelenskyyUa)  August 11, 2025<\/p><\/blockquote>\n<p>LES \u00ab\u00a0CONCESSIONS\u00a0\u00bb SERONT INSUFFISANTES SELON ZELENSKY12:55<\/p>\n<p>Dans une publication sur X, Volodymyr Zelensky affirme que des \u00ab\u00a0concessions\u00a0\u00bb ne convaincront pas la Russie d&rsquo;arr\u00eater la guerre. \u00ab\u00a0La Russie prolonge la guerre et m\u00e9rite donc une pression internationale plus forte. Elle refuse de mettre fin aux massacres et ne doit donc recevoir ni r\u00e9compenses ni avantages. Et ce n&rsquo;est pas seulement une position morale, c&rsquo;est une position rationnelle. Les concessions ne persuadent pas un tueur. Mais une protection v\u00e9ritablement forte de la vie arr\u00eate les tueurs\u00a0\u00bb, affirme le pr\u00e9sident ukrainien.<\/p>\n<blockquote data-testid=\"EmbedTwitter\" id=\"tweet-1954852099813982458-:R3j69lkmcmj9n79m:\" class=\"jsx-aeff1a1c40f54d7a twitter-tweet flex justify-center items-center\"><p>Another week has ended without any attempt by Russia to agree to the numerous demands of the world and stop the killings. In just the past 24 hours on the front, there have been 137 combat engagements, and this is the case every day. The Russian army is not reducing its pressure.\u2026  pic.twitter.com\/FcpEOTiIXW \u2014 Volodymyr Zelenskyy \/ \u0412\u043e\u043b\u043e\u0434\u0438\u043c\u0438\u0440 \u0417\u0435\u043b\u0435\u043d\u0441\u044c\u043a\u0438\u0439 (@ZelenskyyUa)  August 11, 2025<\/p><\/blockquote>\n<p>QUEL R\u00d4LE POUR L&rsquo;EUROPE ?11:14<\/p>\n<p>C&rsquo;est un message \u00e0 l&rsquo;attention des Europ\u00e9ens qu&rsquo;a d\u00e9livr\u00e9 dimanche le vice-pr\u00e9sident des Etats-Unis \u00a0J. D. Vance. Le Vieux Continent, assure-t-il, doit \u00ab\u00a0intensifier ses efforts et jouer un r\u00f4le plus important\u00a0\u00bb en ce qui concerne le financement de l&rsquo;Ukraine dans sa guerre contre la Russie.\u00a0<\/p>\n<p>Des propos, rapport\u00e9 par le quotidien britannique The Times, font suite \u00e0 des d\u00e9clarations effectu\u00e9es plus t\u00f4t sur Fox News. J. D. Vance avait ainsi assur\u00e9 que les Am\u00e9ricains en avaient \u00ab\u00a0assez de voir leurs imp\u00f4ts d\u00e9pens\u00e9s \u00e0 l\u2019\u00e9tranger\u00a0\u00bb et que l&rsquo;administration Trump en avait fini avec le financement de Kiev. \u00ab\u00a0Si ce conflit vous tient tant \u00e0 c\u0153ur, vous devriez \u00eatre pr\u00eats \u00e0 vous engager de mani\u00e8re plus directe et plus significative dans son financement\u00a0\u00bb, a-t-il d\u00e9clar\u00e9.<\/p>\n<p>UN TEST IMPORTANT SELON L&rsquo;OTAN10:38<\/p>\n<p>Secr\u00e9taire g\u00e9n\u00e9ral de l&rsquo;Otan, Mark Rutte estime que le sommet de vendredi entre le pr\u00e9sident Donald Trump et le pr\u00e9sident russe Vladimir Poutine en Alaska va constituer un test important pour mettre fin \u00e0 la guerre en Ukraine.<\/p>\n<p>\u00ab\u00a0Vendredi prochain sera important, car il s\u2019agira de tester Poutine, de voir \u00e0 quel point il est s\u00e9rieux dans sa volont\u00e9 de mettre fin \u00e0 cette guerre terrible\u00a0\u00bb a-t-il lanc\u00e9 sur la cha\u00eene ABC News. \u00ab\u00a0En ce qui concerne les n\u00e9gociations \u00e0 grande \u00e9chelle, esp\u00e9rons que vendredi marquera une \u00e9tape importante dans ce processus&#8230; Il sera question de territoire. Il sera bien s\u00fbr question de garanties de s\u00e9curit\u00e9, mais aussi de la n\u00e9cessit\u00e9 absolue de reconna\u00eetre que l\u2019Ukraine d\u00e9cide de son propre avenir, que l\u2019Ukraine doit \u00eatre une nation souveraine, d\u00e9cidant de son propre avenir g\u00e9opolitique \u2013 sans aucune limitation quant au nombre de ses troupes militaires. Et, pour l\u2019OTAN, il ne doit y avoir aucune limitation \u00e0 notre pr\u00e9sence sur le flanc est\u00a0\u00bb, a ajout\u00e9 Rutte.<\/p>\n<p>SOMMET TRUMP-POUTINE : AVEC OU SANS ZELENSKY ?09:48<\/p>\n<p>L&rsquo;UE souhaite que la Russie et l&rsquo;Ukraine soient pr\u00e9sentes lors du prochain sommet organis\u00e9 \u00e0 l&rsquo;initiative des Etats-Unis. Si Washington explique travailler \u00e0 une telle rencontre, il est toutefois difficile d&rsquo;envisager une telle hypoth\u00e8se. L&rsquo;envoy\u00e9e sp\u00e9ciale de LCI en Ukraine Marianne Kottenhoff rappelle que la Russie n&rsquo;a pour l&rsquo;heure pas r\u00e9agi \u00e0 cette main tendue. Par ailleurs, on sait que Vladimir Poutine ne consid\u00e8re pas le pr\u00e9sident ukrainien comme son \u00e9gal, ce qui a jusqu&rsquo;\u00e0 pr\u00e9sent exclu la possibilit\u00e9 d&rsquo;\u00e9changes directs avec lui.<\/p>\n<p>Sommet Trump-Poutine : avec ou sans Zelensky ?Source : TF1 Info<\/p>\n<p><img decoding=\"async\" src=\"https:\/\/www.europesays.com\/fr\/wp-content\/uploads\/2025\/08\/sommet-trump-poutine-avec-ou-sans-zelensky-7a4ada-0@1x.jpeg\" alt=\"Sommet Trump-Poutine : avec ou sans Zelensky ?\" loading=\"lazy\" importance=\"low\" fetchpriority=\"low\" class=\"\"\/><img decoding=\"async\" src=\"https:\/\/www.tf1info.fr\/images\/icons\/player-logo-play.svg\" alt=\"Logo lecture\" class=\"jsx-d0de44c05fe3042c PlayerLazyload__Play\"\/>SOMMET \u00c0 TROIS09:19<\/p>\n<p>Les Etats-Unis travaillent \u00e0 \u00ab\u00a0programmer\u00a0\u00bb une rencontre entre Donald Trump et ses homologues russe Vladimir Poutine et ukrainien Volodymyr Zelensky, a d\u00e9clar\u00e9 dimanche le vice-pr\u00e9sident am\u00e9ricain JD Vance, tandis que les alli\u00e9s europ\u00e9ens de l&rsquo;Ukraine poussent pour la pr\u00e9sence de M. Zelensky au sommet am\u00e9ricano-russe en Alaska.<\/p>\n<p>\u00ab\u00a0L&rsquo;un des blocages les plus importants est que Vladimir Poutine a dit qu&rsquo;il ne s&rsquo;assi\u00e9rait jamais avec (Volodymyr) Zelensky, le dirigeant ukrainien, et le pr\u00e9sident (Trump) a r\u00e9ussi \u00e0 changer cela\u00a0\u00bb, a affirm\u00e9 JD Vance lors d&rsquo;un entretien avec la cha\u00eene conservatrice Fox News, diffus\u00e9 dimanche. D\u00e9sormais, a-t-il ajout\u00e9, l&rsquo;administration am\u00e9ricaine travaille \u00e0 \u00ab\u00a0programmer (le moment o\u00f9) ces trois dirigeants pourraient s&rsquo;asseoir et discuter de la fin de ce conflit\u00a0\u00bb en Ukraine.<\/p>\n<p>L&rsquo;EUROPE ALIGNE SA POSITION08:23<\/p>\n<p>L&rsquo;Ukraine est \u00ab\u00a0libre de choisir de son propre destin\u00a0\u00bb, ont assur\u00e9 la France, l\u2019Italie, l\u2019Allemagne, la Pologne, le Royaume-Uni et la Commission europ\u00e9enne dans une d\u00e9claration commune. Une position r\u00e9affirm\u00e9e en amont de la rencontre pr\u00e9vue pour le 15 ao\u00fbt entre le pr\u00e9sident am\u00e9ricain Donald Trump et le pr\u00e9sident russe Vladimir Poutine.<\/p>\n<p>\u00ab\u00a0Nous saluons le travail du pr\u00e9sident Trump pour arr\u00eater le massacre en Ukraine, mettre fin \u00e0 la guerre d\u2019agression de la F\u00e9d\u00e9ration de Russie et parvenir \u00e0 une paix et une s\u00e9curit\u00e9 justes et durables pour l&rsquo;Ukraine\u00a0\u00bb, insiste les Europ\u00e9ens. Le texte ajoute que \u00ab\u00a0nous sommes convaincus que seule une approche combinant une diplomatie active, un soutien \u00e0 l&rsquo;Ukraine et une pression sur la F\u00e9d\u00e9ration de Russie pour qu&rsquo;elle mette fin \u00e0 sa guerre ill\u00e9gale, peut r\u00e9ussir.\u00a0\u00bb<\/p>\n<p>R\u00c9UNION D&rsquo;URGENCE DES EUROP\u00c9ENS06:20<\/p>\n<p>L&rsquo;Union europ\u00e9enne r\u00e9unit en urgence ses chefs de la diplomatie lundi, cherchant \u00e0 peser sur les pourparlers pr\u00e9vus cette semaine entre Donald Trump et Vladimir Poutine sur la guerre en Ukraine, qui lui font craindre un accord aux d\u00e9pens de Kiev.<\/p>\n<p>En l&rsquo;\u00e9tat, la pr\u00e9sence du pr\u00e9sident ukrainien Volodymyr Zelensky n&rsquo;est pourtant pas pr\u00e9vue, m\u00eame si elle reste \u00ab\u00a0possible\u00a0\u00bb selon l&rsquo;ambassadeur des \u00c9tats-Unis aupr\u00e8s de l&rsquo;Otan Matthew Whitaker.<\/p>\n<p>\u00ab\u00a0Le pr\u00e9sident Trump a raison de dire que la Russie doit mettre fin \u00e0 sa guerre contre l&rsquo;Ukraine. Les Etats-Unis ont le pouvoir de contraindre la Russie \u00e0 n\u00e9gocier s\u00e9rieusement\u00a0\u00bb, a martel\u00e9 dans un communiqu\u00e9 la responsable de la diplomatie de l&rsquo;Union europ\u00e9enne, Kaja Kallas. Mais, a-t-elle insist\u00e9, \u00ab\u00a0tout accord entre les Etats-Unis et la Russie doit inclure l&rsquo;Ukraine et l&rsquo;UE car c&rsquo;est une question de s\u00e9curit\u00e9 pour l&rsquo;Ukraine et pour l&rsquo;ensemble de l&rsquo;Europe\u00a0\u00bb.<\/p>\n<p>Elle a annonc\u00e9 une \u00ab\u00a0r\u00e9union extraordinaire\u00a0\u00bb lundi en visioconf\u00e9rence de ministres des Affaires \u00e9trang\u00e8res de pays de l&rsquo;UE, en pr\u00e9sence de leur homologue ukrainien Andri\u00ef Sybigua, \u00ab\u00a0afin de discuter des prochaines \u00e9tapes\u00a0\u00bb.<\/p>\n<p>ZELENSKY INVIT\u00c9 AU SOMMET TRUMP-POUTINE ?06:12<\/p>\n<p>L&rsquo;ambassadeur des \u00c9tats-Unis aupr\u00e8s de l&rsquo;Otan Matthew Whitaker a indiqu\u00e9 dimanche que le pr\u00e9sident ukrainien Volodymyr Zelensky pourrait assister au sommet vendredi en Alaska entre Donald Trump et Vladimir Poutine, une demande des Europ\u00e9ens.<\/p>\n<p>\u00ab\u00a0Oui, je pense sans aucun doute que c&rsquo;est possible\u00a0\u00bb, a r\u00e9pondu le diplomate am\u00e9ricain aupr\u00e8s de l&rsquo;Alliance atlantique, qui \u00e9tait interrog\u00e9 par la t\u00e9l\u00e9vision CNN sur une \u00e9ventuelle venue du chef de l&rsquo;Etat ukrainien en Alaska o\u00f9 doivent se retrouver le 15 ao\u00fbt ses homologues am\u00e9ricain et russe. \u00ab\u00a0Il ne peut assur\u00e9ment pas y avoir d&rsquo;accord si toutes les parties impliqu\u00e9es n&rsquo;y ont pas souscrit. Et, \u00e9videmment, la priorit\u00e9 absolue c&rsquo;est de parvenir \u00e0 la fin de la guerre\u00a0\u00bb, a argument\u00e9 M. Whitaker.<\/p>\n<p data-module=\"article-paragraph\" class=\"jsx-3046738180 Paragraph Paragraph__End\">Volodymyr Zelensky ira-t-il le 15 ao\u00fbt en Alaska ? Les dirigeants europ\u00e9ens, eux, le souhaitent. Tous ont insist\u00e9 dimanche pour que l&rsquo;Ukraine soit partie prenante aux n\u00e9gociations am\u00e9ricano-russes, en amont <a href=\"https:\/\/www.tf1info.fr\/international\/guerre-ukraine-russie-zelensky-possible-invite-surprise-europeens-non-convies-qui-seront-les-participants-au-sommet-trump-poutine-en-alaska-le-15-aout-2387921.html\" target=\"_blank\" rel=\"noopener\">du sommet pr\u00e9vu entre Donald Trump et Vladimir Poutine.<\/a> Les deux pr\u00e9sidents devraient \u00e0 l&rsquo;occasion de ce t\u00eate-\u00e0-t\u00eate tenter de trouver une issue pacifique au conflit que le Kremlin a d\u00e9clench\u00e9 en f\u00e9vrier 2022 sur le sol ukrainien.\u00a0<\/p>\n<p data-module=\"article-paragraph\" class=\"jsx-3046738180 Paragraph Paragraph__End\">Dans ce contexte, le chef de l&rsquo;Etat ukrainien, <a href=\"https:\/\/www.tf1info.fr\/actualite\/volodymyr-zelensky-12882\/\" target=\"_blank\" rel=\"noopener\">Volodymyr Zelensky<\/a>, qui ne participera en principe pas \u00e0 cette r\u00e9union, faisant craindre \u00e0 Kiev un accord \u00e0 ses d\u00e9pens, a exhort\u00e9 ses alli\u00e9s europ\u00e9ens, \u00e9galement \u00e9cart\u00e9s des pourparlers, \u00e0 d\u00e9finir une approche commune. La cheffe de la diplomatie de l&rsquo;Union europ\u00e9enne, Kaja Kallas, a \u00e0 cet \u00e9gard annonc\u00e9 une \u00ab\u00a0r\u00e9union extraordinaire\u00a0\u00bb lundi en visioconf\u00e9rence des ministres des Affaires \u00e9trang\u00e8res des pays membres de l&rsquo;UE, en pr\u00e9sence de leur homologue ukrainien, \u00ab\u00a0afin de discuter des prochaines \u00e9tapes\u00a0\u00bb.<\/p>\n<p><a href=\"https:\/\/www.tf1info.fr\/international\/guerre-ukraine-russie-zelensky-possible-invite-surprise-europeens-non-convies-qui-seront-les-participants-au-sommet-trump-poutine-en-alaska-le-15-aout-2387921.html\" rel=\"noopener\" class=\"jsx-3308031228 Link flex\" target=\"_blank\"><img decoding=\"async\" src=\"https:\/\/www.europesays.com\/fr\/wp-content\/uploads\/2025\/08\/trump-poutine-juillet-20218-helsinki-5af14d-0@1x.jpeg\" alt=\"Brendan Smialowski \/ AFP\" loading=\"lazy\" importance=\"low\" fetchpriority=\"low\" class=\"\" aria-hidden=\"true\"\/><\/p>\n<p class=\"jsx-3657663356 ReadMoreArticle__Title\">Lire aussi<\/p>\n<p class=\"jsx-3657663356\">Zelensky possible invit\u00e9 surprise, Europ\u00e9ens non convi\u00e9s&#8230; Qui seront les participants au sommet Trump-Poutine ?<\/p>\n<p><\/a><\/p>\n<p data-module=\"article-paragraph\" class=\"jsx-3046738180 Paragraph Paragraph__End\">Les Etats d&rsquo;Europe du Nord et les Pays baltes &#8211; Danemark, Estonie, Finlande, Islande, Lettonie, Lituanie, Norv\u00e8ge et Su\u00e8de &#8211; ont \u00e9galement assur\u00e9 que \u00ab\u00a0le chemin vers la paix\u00a0\u00bb ne pouvait \u00ab\u00a0pas \u00eatre trac\u00e9 sans la voix de l&rsquo;Ukraine\u00a0\u00bb. \u00ab\u00a0Aucune d\u00e9cision sur l&rsquo;Ukraine sans l&rsquo;Ukraine et aucune d\u00e9cision sur l&rsquo;Europe sans l&rsquo;Europe\u00a0\u00bb, ont-ils insist\u00e9 dans une d\u00e9claration. Le pr\u00e9sident am\u00e9ricain \u00ab\u00a0met la pression sur Poutine\u00a0\u00bb, a en tout cas estim\u00e9 dimanche le secr\u00e9taire g\u00e9n\u00e9ral de l&rsquo;Otan, Mark Rutte, sur la cha\u00eene de t\u00e9l\u00e9vision ABC, ajoutant : \u00ab\u00a0Vendredi prochain sera important, car il s&rsquo;agira de tester Poutine et de d\u00e9terminer son engagement \u00e0 mettre fin \u00e0 cette terrible guerre\u00a0\u00bb.<\/p>\n<p>La r\u00e9daction de TF1info<\/p>\n<p><script async src=\"https:\/\/platform.twitter.com\/widgets.js\" charset=\"utf-8\"><\/script><\/p>\n","protected":false},"excerpt":{"rendered":"Lors d&rsquo;une conf\u00e9rence de presse, ce lundi, le pr\u00e9sident am\u00e9ricain a pr\u00e9venu l&rsquo;Ukraine que les n\u00e9gociations comporteraient des&hellip;\n","protected":false},"author":2,"featured_media":312149,"comment_status":"","ping_status":"","sticky":false,"template":"","format":"standard","meta":{"footnotes":""},"categories":[1591],"tags":[1111,11,1921,75,1887,28083,1922,1916,12,1885,1886,132,45201,220,1917,45200,133,1920,135,134],"class_list":{"0":"post-312148","1":"post","2":"type-post","3":"status-publish","4":"format-standard","5":"has-post-thumbnail","7":"category-russie","8":"tag-actu","9":"tag-actualites","10":"tag-article-video","11":"tag-donald-trump","12":"tag-federation-de-russie","13":"tag-guerre-en-ukraine-une-treve-sera-t-elle-possible","14":"tag-info","15":"tag-moscou","16":"tag-news","17":"tag-russia","18":"tag-russian-federation","19":"tag-russie","20":"tag-sans-zelensky","21":"tag-ukraine","22":"tag-ukraine-4-annee-de-guerre","23":"tag-ukraine-une-rencontre-cruciale-trump-poutine-le-15-aout","24":"tag-video","25":"tag-video-international","26":"tag-vladimir-poutine","27":"tag-volodymyr-zelensky"},"share_on_mastodon":{"url":"https:\/\/pubeurope.com\/@fr\/115011461471021096","error":""},"_links":{"self":[{"href":"https:\/\/www.europesays.com\/fr\/wp-json\/wp\/v2\/posts\/312148","targetHints":{"allow":["GET"]}}],"collection":[{"href":"https:\/\/www.europesays.com\/fr\/wp-json\/wp\/v2\/posts"}],"about":[{"href":"https:\/\/www.europesays.com\/fr\/wp-json\/wp\/v2\/types\/post"}],"author":[{"embeddable":true,"href":"https:\/\/www.europesays.com\/fr\/wp-json\/wp\/v2\/users\/2"}],"replies":[{"embeddable":true,"href":"https:\/\/www.europesays.com\/fr\/wp-json\/wp\/v2\/comments?post=312148"}],"version-history":[{"count":0,"href":"https:\/\/www.europesays.com\/fr\/wp-json\/wp\/v2\/posts\/312148\/revisions"}],"wp:featuredmedia":[{"embeddable":true,"href":"https:\/\/www.europesays.com\/fr\/wp-json\/wp\/v2\/media\/312149"}],"wp:attachment":[{"href":"https:\/\/www.europesays.com\/fr\/wp-json\/wp\/v2\/media?parent=312148"}],"wp:term":[{"taxonomy":"category","embeddable":true,"href":"https:\/\/www.europesays.com\/fr\/wp-json\/wp\/v2\/categories?post=312148"},{"taxonomy":"post_tag","embeddable":true,"href":"https:\/\/www.europesays.com\/fr\/wp-json\/wp\/v2\/tags?post=312148"}],"curies":[{"name":"wp","href":"https:\/\/api.w.org\/{rel}","templated":true}]}}