{"id":312150,"date":"2025-08-11T18:06:11","date_gmt":"2025-08-11T18:06:11","guid":{"rendered":"https:\/\/www.europesays.com\/fr\/312150\/"},"modified":"2025-08-11T18:06:11","modified_gmt":"2025-08-11T18:06:11","slug":"trump-accepte-un-pre-sommet-avec-zelensky-et-les-europeens-avant-de-rencontrer-poutine","status":"publish","type":"post","link":"https:\/\/www.europesays.com\/fr\/312150\/","title":{"rendered":"Trump accepte un pr\u00e9-sommet avec Zelensky et les Europ\u00e9ens avant de rencontrer Poutine"},"content":{"rendered":"<p>INTERNATIONAL &#8211; Contre-soir\u00e9e obligatoire pour le chef d\u2019\u00c9tat am\u00e9ricain. Avant <a href=\"https:\/\/fr.news.yahoo.com\/rencontre-entre-trump-poutine-soul%C3%A8ve-180017519.html\" data-ylk=\"slk:sa rencontre pr\u00e9vue vendredi avec le pr\u00e9sident russe;elm:context_link;itc:0;sec:content-canvas;outcm:mb_qualified_link;_E:mb_qualified_link;ct:story;\" class=\"link  yahoo-link\" target=\"_blank\" rel=\"noopener\">sa rencontre pr\u00e9vue vendredi avec le pr\u00e9sident russe<\/a> Vladimir Poutine, Donald Trump s\u2019est confront\u00e9 \u00e0 <a href=\"https:\/\/fr.news.yahoo.com\/%C3%A9cart%C3%A9s-pourparlers-entre-trump-poutine-065824966.html\" data-ylk=\"slk:l\u2019insistance des Europ\u00e9ens;elm:context_link;itc:0;sec:content-canvas;outcm:mb_qualified_link;_E:mb_qualified_link;ct:story;\" class=\"link  yahoo-link\" target=\"_blank\" rel=\"noopener\">l\u2019insistance des Europ\u00e9ens<\/a>, qui s\u2019efforcent de faire front commun et redoublent d\u2019activit\u00e9 diplomatique pour peser sur les n\u00e9gociations autour de la guerre en Ukraine.<\/p>\n<p>Redoutant un accord aux d\u00e9pens de l\u2019Ukraine, les Europ\u00e9ens ont obtenu une premi\u00e8re victoire ce lundi 11\u00a0ao\u00fbt puisque <a href=\"https:\/\/fr.news.yahoo.com\/avant-rencontre-trump-poutine-alaska-084647698.html\" data-ylk=\"slk:Volodymyr Zelensky;elm:context_link;itc:0;sec:content-canvas;outcm:mb_qualified_link;_E:mb_qualified_link;ct:story;\" class=\"link  yahoo-link\" target=\"_blank\" rel=\"noopener\">Volodymyr Zelensky<\/a> et les dirigeants europ\u00e9ens s\u2019adresseront mercredi \u00e0 Donald Trump, deux jours avant <a href=\"https:\/\/fr.news.yahoo.com\/trump-poutine-doivent-rencontrer-alaska-170010613.html\" data-ylk=\"slk:son sommet en Alaska;elm:context_link;itc:0;sec:content-canvas;outcm:mb_qualified_link;_E:mb_qualified_link;ct:story;\" class=\"link  yahoo-link\" target=\"_blank\" rel=\"noopener\">son sommet en Alaska<\/a>.<\/p>\n<p><a href=\"https:\/\/fr.news.yahoo.com\/donald-trump-vladimir-poutine-volodymyr-062752793.html\" data-ylk=\"slk:Donald Trump, Vladimir Poutine\u2026 et Volodymyr Zelensky\u00a0? Ce responsable am\u00e9ricain ne ferme pas la porte;elm:context_link;itc:0;sec:content-canvas;outcm:mb_qualified_link;_E:mb_qualified_link;ct:story;\" class=\"link  yahoo-link\" target=\"_blank\" rel=\"noopener\"> Donald Trump, Vladimir Poutine\u2026 et Volodymyr Zelensky\u00a0? Ce responsable am\u00e9ricain ne ferme pas la porte <\/a><\/p>\n<p>Ce lundi apr\u00e8s-midi, c\u2019est l\u2019Allemagne qui a annonc\u00e9 que le chancelier Friedrich Merz avait \u00ab\u00a0invit\u00e9\u00a0\u00bb les dirigeants de pays europ\u00e9ens \u2212 France, Royaume-Uni, Italie, Pologne et Finlande \u2212 et de l\u2019UE, ceux de l\u2019Ukraine et de l\u2019Otan mais aussi Donald Trump et son <a href=\"https:\/\/fr.news.yahoo.com\/nouvel-%C3%A9pisode-south-park-trump-161023585.html\" data-ylk=\"slk:vice-pr\u00e9sident JD Vance;elm:context_link;itc:0;sec:content-canvas;outcm:mb_qualified_link;_E:mb_qualified_link;ct:story;\" class=\"link  yahoo-link\" target=\"_blank\" rel=\"noopener\">vice-pr\u00e9sident JD Vance<\/a> \u00e0 des \u00ab\u00a0discussions\u00a0\u00bb par visioconf\u00e9rence mercredi.<\/p>\n<p>Organis\u00e9es par \u00ab\u00a0groupes th\u00e9matiques\u00a0\u00bb, elles porteront sur d\u2019\u00e9ventuelles \u00ab\u00a0actions suppl\u00e9mentaires\u00a0\u00bb pour \u00ab\u00a0exercer une pression sur la Russie\u00a0\u00bb mais aussi sur \u00ab\u00a0la pr\u00e9paration de possibles n\u00e9gociations de paix\u00a0\u00bb et les questions \u00ab\u00a0relatives aux revendications territoriales et aux garanties de s\u00e9curit\u00e9\u00a0\u00bb qui en d\u00e9coulent, a poursuivi Berlin. La pr\u00e9sidence fran\u00e7aise a par la suite pr\u00e9cis\u00e9 que cette initiative avait \u00e9t\u00e9 prise en commun par Emmanuel Macron, le Premier ministre britannique Keir Starmer et Friedrich Merz.<\/p>\n<p>Selon le journal Bild, Volodymyr Zelensky, les Europ\u00e9ens et le secr\u00e9taire g\u00e9n\u00e9ral de l\u2019Alliance atlantique Mark Rutte se r\u00e9uniront d\u2019abord sans les Am\u00e9ricains, avant de leur communiquer les r\u00e9sultats de leurs consultations dans un deuxi\u00e8me temps. Et avant cela, les ministres des Affaires \u00e9trang\u00e8res des \u00c9tats membres de l\u2019Union europ\u00e9enne <a href=\"https:\/\/fr.news.yahoo.com\/avant-rencontre-trump-poutine-diplomatie-204541108.html\" data-ylk=\"slk:se retrouvent d\u00e9j\u00e0 lundi d\u2019urgence;elm:context_link;itc:0;sec:content-canvas;outcm:mb_qualified_link;_E:mb_qualified_link;ct:story;\" class=\"link  yahoo-link\" target=\"_blank\" rel=\"noopener\">se retrouvent d\u00e9j\u00e0 lundi d\u2019urgence<\/a> pour \u00e9viter un accord entre Washington et Moscou au d\u00e9triment de l\u2019Ukraine.<\/p>\n<p>\u00ab\u00a0Les concessions ne persuadent pas un tueur\u00a0\u00bb<\/p>\n<p>Il faut dire que l\u2019Ukraine de Volodymyr Zelensky se retrouve impuissante dans l\u2019optique d\u2019une gestion du conflit uniquement entre Am\u00e9ricains et Russes. D\u2019autant plus que Donald Trump a encore rompu la ligne de soutien sans faille \u00e0 l\u2019Ukraine de son pr\u00e9d\u00e9cesseur Joe Biden en se disant \u00ab\u00a0un peu contrari\u00e9 que Zelensky dise \u201cje dois avoir une autorisation constitutionnelle\u201d\u00a0\u00bb pour c\u00e9der des territoires. \u00ab\u00a0Il a obtenu l\u2019autorisation d\u2019entrer en guerre et de tuer tout le monde mais il a besoin d\u2019une autorisation pour proc\u00e9der \u00e0 un \u00e9change de territoires\u00a0?\u00a0\u00bb, a demand\u00e9 Donald Trump. \u00ab\u00a0Car il y aura des \u00e9changes de territoires.\u00a0\u00bb<\/p>\n<p>En guise de r\u00e9ponse, Volodymyr Zelensky a mis en garde son homologue sur Facebook en d\u00e9clarant que \u00ab\u00a0la Russie refuse d\u2019arr\u00eater les massacres et ne doit donc pas recevoir de r\u00e9compenses ou d\u2019avantages. Et ce n\u2019est pas seulement une position morale, c\u2019est une position rationnelle\u00a0\u00bb. \u00ab\u00a0Les concessions ne persuadent pas un tueur\u00a0\u00bb, a-t-il ajout\u00e9.<\/p>\n<p>Concernant sa future rencontre avec le chef du Kremlin, le pr\u00e9sident des \u00c9tats-Unis a simplement assur\u00e9 s\u2019attendre \u00e0 un \u00e9change \u00ab\u00a0constructif\u00a0\u00bb. \u00ab\u00a0Je pense que cela va bien se passer, mais cela pourrait mal se passer\u00a0\u00bb, a aussi lanc\u00e9 le pr\u00e9sident am\u00e9ricain. Il a \u00e9galement jug\u00e9 \u00ab\u00a0tr\u00e8s respectueux\u00a0\u00bb de la part de son homologue russe de venir pour ce sommet <a href=\"https:\/\/fr.news.yahoo.com\/trump-poutine-vont-rencontrer-alaska-053454051.html\" data-ylk=\"slk:sur le sol am\u00e9ricain;elm:context_link;itc:0;sec:content-canvas;outcm:mb_qualified_link;_E:mb_qualified_link;ct:story;\" class=\"link  yahoo-link\" target=\"_blank\" rel=\"noopener\">sur le sol am\u00e9ricain<\/a>. \u00c0 ce stade, la pr\u00e9sence du pr\u00e9sident de l\u2019Ukraine a ce sommet n\u2019a pas \u00e9t\u00e9 confirm\u00e9e, ni r\u00e9fut\u00e9e.<\/p>\n<p><a href=\"https:\/\/fr.news.yahoo.com\/steve-witkoff-l-ami-businessman-050015952.html\" data-ylk=\"slk:Steve Witkoff, l\u2019ami businessman de Trump propuls\u00e9 diplomate et en premi\u00e8re ligne pour n\u00e9gocier avec la Russie;elm:context_link;itc:0;sec:content-canvas;outcm:mb_qualified_link;_E:mb_qualified_link;ct:story;\" class=\"link  yahoo-link\" target=\"_blank\" rel=\"noopener\"> Steve Witkoff, l\u2019ami businessman de Trump propuls\u00e9 diplomate et en premi\u00e8re ligne pour n\u00e9gocier avec la Russie <\/a><\/p>\n<p><a href=\"https:\/\/fr.news.yahoo.com\/clash-trump-medvedev-affrontement-gangsters-040012907.html\" data-ylk=\"slk:Le clash Trump-Medvedev, un \u00ab\u00a0affrontement de gangsters plus qu\u2019un conflit diplomatique\u00a0\u00bb, selon cet expert;elm:context_link;itc:0;sec:content-canvas;outcm:mb_qualified_link;_E:mb_qualified_link;ct:story;\" class=\"link  yahoo-link\" target=\"_blank\" rel=\"noopener\"> Le clash Trump-Medvedev, un \u00ab\u00a0affrontement de gangsters plus qu\u2019un conflit diplomatique\u00a0\u00bb, selon cet expert <\/a><\/p>\n","protected":false},"excerpt":{"rendered":"INTERNATIONAL &#8211; Contre-soir\u00e9e obligatoire pour le chef d\u2019\u00c9tat am\u00e9ricain. Avant sa rencontre pr\u00e9vue vendredi avec le pr\u00e9sident russe&hellip;\n","protected":false},"author":2,"featured_media":312151,"comment_status":"","ping_status":"","sticky":false,"template":"","format":"standard","meta":{"footnotes":""},"categories":[1590],"tags":[11,75,1073,1777,674,5493,12,220,135,134],"class_list":{"0":"post-312150","1":"post","2":"type-post","3":"status-publish","4":"format-standard","5":"has-post-thumbnail","7":"category-ukraine","8":"tag-actualites","9":"tag-donald-trump","10":"tag-emmanuel-macron","11":"tag-eu","12":"tag-europe","13":"tag-lukraine","14":"tag-news","15":"tag-ukraine","16":"tag-vladimir-poutine","17":"tag-volodymyr-zelensky"},"share_on_mastodon":{"url":"https:\/\/pubeurope.com\/@fr\/115011464978596009","error":""},"_links":{"self":[{"href":"https:\/\/www.europesays.com\/fr\/wp-json\/wp\/v2\/posts\/312150","targetHints":{"allow":["GET"]}}],"collection":[{"href":"https:\/\/www.europesays.com\/fr\/wp-json\/wp\/v2\/posts"}],"about":[{"href":"https:\/\/www.europesays.com\/fr\/wp-json\/wp\/v2\/types\/post"}],"author":[{"embeddable":true,"href":"https:\/\/www.europesays.com\/fr\/wp-json\/wp\/v2\/users\/2"}],"replies":[{"embeddable":true,"href":"https:\/\/www.europesays.com\/fr\/wp-json\/wp\/v2\/comments?post=312150"}],"version-history":[{"count":0,"href":"https:\/\/www.europesays.com\/fr\/wp-json\/wp\/v2\/posts\/312150\/revisions"}],"wp:featuredmedia":[{"embeddable":true,"href":"https:\/\/www.europesays.com\/fr\/wp-json\/wp\/v2\/media\/312151"}],"wp:attachment":[{"href":"https:\/\/www.europesays.com\/fr\/wp-json\/wp\/v2\/media?parent=312150"}],"wp:term":[{"taxonomy":"category","embeddable":true,"href":"https:\/\/www.europesays.com\/fr\/wp-json\/wp\/v2\/categories?post=312150"},{"taxonomy":"post_tag","embeddable":true,"href":"https:\/\/www.europesays.com\/fr\/wp-json\/wp\/v2\/tags?post=312150"}],"curies":[{"name":"wp","href":"https:\/\/api.w.org\/{rel}","templated":true}]}}