{"id":312152,"date":"2025-08-11T18:07:16","date_gmt":"2025-08-11T18:07:16","guid":{"rendered":"https:\/\/www.europesays.com\/fr\/312152\/"},"modified":"2025-08-11T18:07:16","modified_gmt":"2025-08-11T18:07:16","slug":"mondial-2026-le-mexique-le-canada-et-les-usa-sengagent-pour-une-organisation-sure-et-exemplaire","status":"publish","type":"post","link":"https:\/\/www.europesays.com\/fr\/312152\/","title":{"rendered":"Mondial 2026 : le Mexique, le Canada et les USA s&rsquo;engagent pour une organisation \u00ab\u00a0s\u00fbre et exemplaire\u00a0\u00bb"},"content":{"rendered":"<p>Les gouvernements du Mexique, du Canada et des \u00c9tats-Unis d\u2019Am\u00e9rique ont tenu, r\u00e9cemment \u00e0 Mexico, la premi\u00e8re r\u00e9union de coordination trilat\u00e9rale de haut niveau, consacr\u00e9e aux pr\u00e9paratifs \u00e0 la Coupe du Monde 2026 de la FIFA, durant laquelle les trois nations h\u00f4tes se sont engag\u00e9es pour une organisation \u201cs\u00fbre et exemplaire\u201d.<\/p>\n<p>Dans une d\u00e9claration conjointe, les trois pays ont r\u00e9affirm\u00e9 que \u201cla Coupe du monde 2026 est un \u00e9v\u00e8nement historique qui unira nos pays et fera rayonner le meilleur de l\u2019Am\u00e9rique du Nord aux yeux du monde entier, tout en constituant une occasion de renforcer notre partenariat r\u00e9gional solide et extr\u00eamement dynamique\u201d.<\/p>\n<p>Cet \u00e9change de trois jours entre experts a eu pour objectif de favoriser la collaboration entre des responsables gouvernementaux, des chefs de file du secteur et des professionnels de la s\u00e9curit\u00e9, en vue de discuter des mesures conjointes de lutte contre les menaces que repr\u00e9sentent les syst\u00e8mes de lutte contre les a\u00e9ronefs sans pilote (C-UAS) pour la Coupe du Monde.<\/p>\n<p>Dans le cadre de cet effort trilat\u00e9ral, les trois pays ont affirm\u00e9 leur d\u00e9termination \u00e0 renforcer la coordination entre les secteurs public et priv\u00e9 et \u00e0 pallier les lacunes politiques et technologiques susceptibles de nuire \u00e0 leur capacit\u00e9 \u00e0 relever efficacement les d\u00e9fis communs.<\/p>\n<p>Par ailleurs, une table ronde de l\u2019industrie a r\u00e9uni des entreprises de premier plan du Canada, des \u00c9tats-Unis d\u2019Am\u00e9rique et du Mexique, indique-t-on, ajoutant que cette s\u00e9ance a permis aux trois parties d\u2019explorer des solutions de pointe et d\u2019am\u00e9liorer l\u2019\u00e9tat de pr\u00e9paration pour faire face \u00e0 l\u2019\u00e9volution des menaces.<\/p>\n<p>La collaboration de ces trois jours donne le coup d\u2019envoi d\u2019une s\u00e9rie d\u2019\u00e9v\u00e8nements qui refl\u00e8tent l\u2019engagement commun des trois pays en faveur de la s\u00e9curit\u00e9 r\u00e9gionale et de l\u2019\u00e9laboration de strat\u00e9gies visant \u00e0 exploiter les technologies \u00e9mergentes et \u00e0 en att\u00e9nuer les dangers.<\/p>\n<p>Les initiatives de coordination trilat\u00e9rale s\u2019inscrivent dans le cadre d\u2019un effort plus large ayant pour objectif de garantir la s\u00e9curit\u00e9 et le succ\u00e8s de la Coupe du monde de 2026.<\/p>\n<p>En travaillant main dans la main gr\u00e2ce \u00e0 une coordination \u00e9troite, au partage d\u2019informations et \u00e0 une planification conjointe, le Canada, les \u00c9tats-Unis d\u2019Am\u00e9rique et le Mexique s\u2019engagent \u00e0 faire en sorte que la Coupe du monde 2026 de la FIFA soit non seulement une c\u00e9l\u00e9bration du sport, mais aussi \u201cun t\u00e9moignage de la force de notre partenariat et de nos valeurs communes\u201d, pr\u00e9cise-t-on.<\/p>\n<p>MAP<\/p>\n","protected":false},"excerpt":{"rendered":"Les gouvernements du Mexique, du Canada et des \u00c9tats-Unis d\u2019Am\u00e9rique ont tenu, r\u00e9cemment \u00e0 Mexico, la premi\u00e8re r\u00e9union&hellip;\n","protected":false},"author":2,"featured_media":312153,"comment_status":"","ping_status":"","sticky":false,"template":"","format":"standard","meta":{"footnotes":""},"categories":[1589],"tags":[11,73,1866,12,1864,1865,1863,308],"class_list":{"0":"post-312152","1":"post","2":"type-post","3":"status-publish","4":"format-standard","5":"has-post-thumbnail","7":"category-etats-unis","8":"tag-actualites","9":"tag-etats-unis","10":"tag-etats-unis-damerique","11":"tag-news","12":"tag-united-states","13":"tag-united-states-of-america","14":"tag-us","15":"tag-usa"},"share_on_mastodon":{"url":"https:\/\/pubeurope.com\/@fr\/115011469118952594","error":""},"_links":{"self":[{"href":"https:\/\/www.europesays.com\/fr\/wp-json\/wp\/v2\/posts\/312152","targetHints":{"allow":["GET"]}}],"collection":[{"href":"https:\/\/www.europesays.com\/fr\/wp-json\/wp\/v2\/posts"}],"about":[{"href":"https:\/\/www.europesays.com\/fr\/wp-json\/wp\/v2\/types\/post"}],"author":[{"embeddable":true,"href":"https:\/\/www.europesays.com\/fr\/wp-json\/wp\/v2\/users\/2"}],"replies":[{"embeddable":true,"href":"https:\/\/www.europesays.com\/fr\/wp-json\/wp\/v2\/comments?post=312152"}],"version-history":[{"count":0,"href":"https:\/\/www.europesays.com\/fr\/wp-json\/wp\/v2\/posts\/312152\/revisions"}],"wp:featuredmedia":[{"embeddable":true,"href":"https:\/\/www.europesays.com\/fr\/wp-json\/wp\/v2\/media\/312153"}],"wp:attachment":[{"href":"https:\/\/www.europesays.com\/fr\/wp-json\/wp\/v2\/media?parent=312152"}],"wp:term":[{"taxonomy":"category","embeddable":true,"href":"https:\/\/www.europesays.com\/fr\/wp-json\/wp\/v2\/categories?post=312152"},{"taxonomy":"post_tag","embeddable":true,"href":"https:\/\/www.europesays.com\/fr\/wp-json\/wp\/v2\/tags?post=312152"}],"curies":[{"name":"wp","href":"https:\/\/api.w.org\/{rel}","templated":true}]}}