{"id":312156,"date":"2025-08-11T18:09:10","date_gmt":"2025-08-11T18:09:10","guid":{"rendered":"https:\/\/www.europesays.com\/fr\/312156\/"},"modified":"2025-08-11T18:09:10","modified_gmt":"2025-08-11T18:09:10","slug":"berlin-suspend-la-livraison-de-certaines-armes-a-israel-dw-11-08-2025","status":"publish","type":"post","link":"https:\/\/www.europesays.com\/fr\/312156\/","title":{"rendered":"Berlin suspend la livraison de certaines armes \u00e0 Isra\u00ebl \u2013 DW \u2013 11\/08\/2025"},"content":{"rendered":"<p>En Allemagne, Friedrich Merz d\u00e9fend sa d\u00e9cision, annonc\u00e9e vendredi dernier (08.08), de suspendre l&rsquo;exportation d&rsquo;\u00e9quipements militaires susceptibles d&rsquo;\u00eatre utilis\u00e9s par l&rsquo;arm\u00e9e isra\u00e9lienne dans la bande de Gaza.<\/p>\n<p>Cette annonce de sanctions, alors que l&rsquo;Allemagne est le deuxi\u00e8me fournisseur d&rsquo;armes \u00e0 <a class=\"internal-link\" href=\"https:\/\/www.dw.com\/fr\/isra\u00ebl\/t-19319407\" rel=\"nofollow noopener\" target=\"_blank\">Isra\u00ebl<\/a> apr\u00e8s les Etats-Unis, marque un changement de cap majeur de Berlin vis-\u00e0-vis du gouvernement de Benjamin Netanyahu, critiqu\u00e9 de toutes parts \u00e0 l&rsquo;\u00e9tranger pour sa poursuite de l&rsquo;offensive dans la bande de Gaza et les blocages qui freinent l&rsquo;entr\u00e9e d&rsquo;aide humanitaire.<\/p>\n<p>\u00ab\u00a0Le chancelier solitaire explique sa plus grande erreur\u00a0\u00bb, \u00e9crit ce lundi le tablo\u00efd Bild. Le quotidien le plus lu d&rsquo;Allemagne critique ainsi l&rsquo;annonce de Friedrich Merz de suspendre la livraison de certaines armes \u00e0 Isra\u00ebl. Bild croit savoir que le chef du gouvernement a pris cette d\u00e9cision plus ou moins seul et que c&rsquo;est l&rsquo;incompr\u00e9hension qui domine dans son camp politique des conservateurs (CDU).<\/p>\n<p><img data-format=\"MASTER_LANDSCAPE\" data-id=\"68244112\" data-url=\"https:\/\/static.dw.com\/image\/68244112_${formatId}.jpg\" data-aspect-ratio=\"16\/9\" alt=\"Friedrich Merz lors d'une visite en Isra\u00ebl\" style=\"padding-bottom: 56.25%; height: 0; max-height: 0;\"\/>Le chancelier a affirm\u00e9 avoir rassur\u00e9 le pr\u00e9sident isra\u00e9lien en lui affirmant que l&rsquo;Allemagne ne rompait pas son amiti\u00e9 traditionnelle avec Isra\u00ebl.Image : Ilia Yefimovich\/dpa\/picture alliance<\/p>\n<p>Souffrances de la population civile \u00e0 Gaza<\/p>\n<p>La suspension d&rsquo;exportation d&rsquo;\u00e9quipements militaires qui pourraient servir \u00e0 l&rsquo;arm\u00e9e dans la bande de Gaza semble r\u00e9pondre au projet isra\u00e9lien de prendre le contr\u00f4le de la ville de Gaza.<\/p>\n<p>Dans son communiqu\u00e9, Friedrich Merz \u00e9crit que \u00ab\u00a0le gouvernement allemand reste profond\u00e9ment pr\u00e9occup\u00e9 par la souffrance continue de la population civile dans la bande de Gaza. Avec l&rsquo;offensive pr\u00e9vue, le gouvernement isra\u00e9lien porte une responsabilit\u00e9 encore plus grande qu&rsquo;auparavant pour leur approvisionnement (en aide humanitaire)\u201d.<\/p>\n<p>Selon le chancelier, il devient \u00ab\u00a0de plus en plus difficile de comprendre\u00a0\u00bb en quoi le plan militaire isra\u00e9lien permettrait d&rsquo;atteindre ses objectifs dans l&rsquo;enclave palestinienne.<\/p>\n<p>Pour Friedrich Merz, \u00ab\u00a0une amiti\u00e9 doit supporter cela\u00a0\u00bb<\/p>\n<p>L&rsquo;Allemagne est-elle en train d&rsquo;abandonner Isra\u00ebl ? Pour Berlin, la s\u00e9curit\u00e9 et l&rsquo;existence d&rsquo;Isra\u00ebl sont \u00ab\u00a0raison d&rsquo;\u00c9tat pour l&rsquo;Allemagne\u00a0\u00bb, une formule d&rsquo;abord utilis\u00e9e par l&rsquo;ancienne chanceli\u00e8re Angela Merkel en 2008 et reprise depuis par les dirigeants allemands. De par sa responsabilit\u00e9 historique vis-\u00e0-vis de l&rsquo;extermination de six millions de juifs pendant la Seconde Guerre mondiale, l&rsquo;Allemagne est d\u00e9sormais l&rsquo;un des plus grands soutiens de l&rsquo;Etat d&rsquo;Isra\u00ebl.<\/p>\n<p><img data-format=\"MASTER_LANDSCAPE\" data-id=\"73602927\" data-url=\"https:\/\/static.dw.com\/image\/73602927_${formatId}.jpg\" data-aspect-ratio=\"16\/9\" alt=\"Une foule de Palestiniens participent aux fun\u00e9railles des journalistes tu\u00e9s dans la bande de Gaza\" style=\"padding-bottom: 56.25%; height: 0; max-height: 0;\"\/>L&rsquo;Onu a condamn\u00e9 le \u00ab\u00a0meurtre\u00a0\u00bb de six journalistes palestiniens, tu\u00e9s par une frappe isra\u00e9lienne d\u00e9lib\u00e9r\u00e9e dans la bande de GazaImage : Jehad Alshrafi\/AP Photo\/picture alliance<\/p>\n<p>Friedrich Merz a expliqu\u00e9 dans une interview \u00e0 la t\u00e9l\u00e9vision publique allemande, que l&rsquo;Allemagne \u00ab\u00a0continuera \u00e0 aider ce pays \u00e0 se d\u00e9fendre\u201d, mais que l&rsquo;amiti\u00e9 entre les deux pays doit pouvoir supporter un d\u00e9saccord comme c&rsquo;est le cas actuellement.<\/p>\n<p>Embarras chez les conservateurs<\/p>\n<p>En Allemagne, l&#8217;embarras est palpable au sein de la classe politique. Il a fallu attendre ce lundi pour avoir une r\u00e9action de l&rsquo;influent Jens Spahn, chef de file du groupe parlementaire de la CDU au Parlement. Il a toutefois simplement qualifi\u00e9 la d\u00e9cision du chancelier de \u00ab\u00a0d\u00e9fendable\u00a0\u00bb, et insiste sur le fait qu&rsquo;il ne s&rsquo;agit pas d&rsquo;une d\u00e9cision des d\u00e9put\u00e9s conservateurs.<\/p>\n<p>Des critiques claires ont \u00e9merg\u00e9 dans les rangs de la CSU, le parti alli\u00e9 de la CDU en Bavi\u00e8re. Stephan Mayer, expert en affaires \u00e9trang\u00e8res de la formation au Parlement, a d\u00e9clar\u00e9 au journal berlinois Tagesspiegel que m\u00eame s&rsquo;il constate la souffrance des civils \u00e0 Gaza, \u00ab\u00a0la question est de savoir si la d\u00e9cision d&rsquo;arr\u00eater partiellement les livraisons d&rsquo;armes est la bonne r\u00e9ponse \u00e0 cette situation\u00a0\u00bb.<\/p>\n<p>Le d\u00e9put\u00e9 a aussi rappel\u00e9 la d\u00e9pendance dans l&rsquo;autre sens de l&rsquo;Allemagne vis-\u00e0-vis des \u00ab\u00a0des importations d&rsquo;armes en provenance d&rsquo;Isra\u00ebl, en particulier lorsqu&rsquo;il s&rsquo;agit de ces domaines importants de la cybers\u00e9curit\u00e9, de la d\u00e9fense contre les drones, des boucliers anti-a\u00e9riens, de la coop\u00e9ration en mati\u00e8re de renseignement\u00a0\u00bb.\u00a0 <\/p>\n<p>De son c\u00f4t\u00e9, l&rsquo;expert en affaires \u00e9trang\u00e8res de la CDU, Roderich Kiesewetter, a estim\u00e9 sur le r\u00e9seau X que \u00ab\u00a0la cr\u00e9dibilit\u00e9 de notre raison d&rsquo;\u00c9tat se mesure pr\u00e9cis\u00e9ment \u00e0 la coop\u00e9ration en mati\u00e8re de s\u00e9curit\u00e9 et \u00e0 la promesse de prot\u00e9ger la communaut\u00e9 juive et l&rsquo;\u00c9tat d&rsquo;Isra\u00ebl\u00a0\u00bb.<\/p>\n<p><img data-format=\"MASTER_LANDSCAPE\" data-id=\"73592289\" data-url=\"https:\/\/static.dw.com\/image\/73592289_${formatId}.jpg\" data-aspect-ratio=\"16\/9\" alt=\"Benjamin Netanyahu lors d'une conf\u00e9rence de presse\" style=\"padding-bottom: 56.25%; height: 0; max-height: 0;\"\/>Selon Benjamin Netanyahu; la d\u00e9cision de l&rsquo;Allemagne \u00ab\u00a0r\u00e9compense le terrorisme du Hamas\u00a0\u00bbImage : Abir Sultan\/AFP<\/p>\n<p>Friedrich Merz a-t-il r\u00e9agi aux sondages ?<\/p>\n<p>Le parti social-d\u00e9mocrate, le SPD, partenaire de coalition de la CDU, est venu apporter son soutien au chancelier. La co-pr\u00e9sidente du parti, la ministre du Travail B\u00e4rbel Bas, affirme qu'\u00a0\u00bbinsinuer que Friedrich Merz trahirait Isra\u00ebl, c&rsquo;est vraiment scandaleux\u00a0\u00bb.<\/p>\n<p>Le d\u00e9bat en cours questionne aussi le processus de d\u00e9cision du chancelier.\u00a0<\/p>\n<p>Selon un sondage de l&rsquo;institut d&rsquo;\u00e9tudes d&rsquo;opinion Infratest-dimap, publi\u00e9 la veille de l&rsquo;annonce de Friedrich Merz, 66 % des personnes interrog\u00e9es en Allemagne pensent que <a class=\"internal-link\" href=\"https:\/\/www.dw.com\/fr\/israel-gaza-palestine-allemagne-netanyahu\/a-73575236\" rel=\"nofollow noopener\" target=\"_blank\">le chancelier devrait augmenter la pression<\/a> pour qu&rsquo;Isra\u00ebl change d&rsquo;approche.\u00a0<\/p>\n<p>Plus largement, alors que le gouvernement de Friedrich Merz a pris ses fonctions il y a 100 jours, 69 % des personnes interrog\u00e9es <a rel=\"noopener follow nofollow\" target=\"_blank\" class=\"external-link\" href=\"https:\/\/www.tagesschau.de\/inland\/deutschlandtrend\/deutschlandtrend-3484.html\" title=\"Lien externe \u2014 se disent insatisfaites\">se disent insatisfaites<\/a> de son travail.\u00a0\u00a0<\/p>\n<p>Enfin, il se trouve que la suspension des futures exportations de certaines armes serait surtout symbolique. Ce lundi, un porte-parole du minist\u00e8re de la D\u00e9fense a surpris en expliquant que l&rsquo;Allemagne n&rsquo;avait plus livr\u00e9 d&rsquo;armes ou de munitions depuis le d\u00e9but de <a class=\"internal-link\" href=\"https:\/\/www.dw.com\/fr\/proche-orient\/t-67154849\" rel=\"nofollow noopener\" target=\"_blank\">la guerre \u00e0 Gaza<\/a> en octobre 2023.<\/p>\n","protected":false},"excerpt":{"rendered":"En Allemagne, Friedrich Merz d\u00e9fend sa d\u00e9cision, annonc\u00e9e vendredi dernier (08.08), de suspendre l&rsquo;exportation d&rsquo;\u00e9quipements militaires susceptibles d&rsquo;\u00eatre&hellip;\n","protected":false},"author":2,"featured_media":312157,"comment_status":"","ping_status":"","sticky":false,"template":"","format":"standard","meta":{"footnotes":""},"categories":[1587],"tags":[11,672,1804,1805,1803,1777,674,1801,12,1802],"class_list":{"0":"post-312156","1":"post","2":"type-post","3":"status-publish","4":"format-standard","5":"has-post-thumbnail","7":"category-allemagne","8":"tag-actualites","9":"tag-allemagne","10":"tag-bundesrepublik-deutschland","11":"tag-de","12":"tag-deutschland","13":"tag-eu","14":"tag-europe","15":"tag-germany","16":"tag-news","17":"tag-republique-federale-dallemagne"},"share_on_mastodon":{"url":"https:\/\/pubeurope.com\/@fr\/115011476765329163","error":""},"_links":{"self":[{"href":"https:\/\/www.europesays.com\/fr\/wp-json\/wp\/v2\/posts\/312156","targetHints":{"allow":["GET"]}}],"collection":[{"href":"https:\/\/www.europesays.com\/fr\/wp-json\/wp\/v2\/posts"}],"about":[{"href":"https:\/\/www.europesays.com\/fr\/wp-json\/wp\/v2\/types\/post"}],"author":[{"embeddable":true,"href":"https:\/\/www.europesays.com\/fr\/wp-json\/wp\/v2\/users\/2"}],"replies":[{"embeddable":true,"href":"https:\/\/www.europesays.com\/fr\/wp-json\/wp\/v2\/comments?post=312156"}],"version-history":[{"count":0,"href":"https:\/\/www.europesays.com\/fr\/wp-json\/wp\/v2\/posts\/312156\/revisions"}],"wp:featuredmedia":[{"embeddable":true,"href":"https:\/\/www.europesays.com\/fr\/wp-json\/wp\/v2\/media\/312157"}],"wp:attachment":[{"href":"https:\/\/www.europesays.com\/fr\/wp-json\/wp\/v2\/media?parent=312156"}],"wp:term":[{"taxonomy":"category","embeddable":true,"href":"https:\/\/www.europesays.com\/fr\/wp-json\/wp\/v2\/categories?post=312156"},{"taxonomy":"post_tag","embeddable":true,"href":"https:\/\/www.europesays.com\/fr\/wp-json\/wp\/v2\/tags?post=312156"}],"curies":[{"name":"wp","href":"https:\/\/api.w.org\/{rel}","templated":true}]}}