{"id":312160,"date":"2025-08-11T18:11:46","date_gmt":"2025-08-11T18:11:46","guid":{"rendered":"https:\/\/www.europesays.com\/fr\/312160\/"},"modified":"2025-08-11T18:11:46","modified_gmt":"2025-08-11T18:11:46","slug":"projet-de-loi-autorisant-la-ratification-du-ceta-aecg-et-de-laccord-de-partenariat-strategique-entre-lue-ses-etats-membres-et-le-canada","status":"publish","type":"post","link":"https:\/\/www.europesays.com\/fr\/312160\/","title":{"rendered":"Projet de loi autorisant la ratification du CETA\/AECG et de l&rsquo;accord de partenariat strat\u00e9gique entre l&rsquo;UE, ses \u00c9tats membres et le Canada"},"content":{"rendered":"<p>L\u2019<strong>accord \u00e9conomique et commercial global (AECG\/CETA<\/strong>) vise \u00e0 <strong>resserrer les liens \u00e9conomiques entre l\u2019Union europ\u00e9enne (UE) et le Canada<\/strong>, en cr\u00e9ant un <strong>march\u00e9 \u00e9largi<\/strong> et en d\u00e9veloppant les \u00e9changes bilat\u00e9raux par la <strong>r\u00e9duction ou l\u2019\u00e9limination des obstacles au commerce<\/strong> des marchandises et des services et aux investissements.<\/p>\n<p>L\u2019<strong>accord de partenariat strat\u00e9gique (APS)<\/strong>, n\u00e9goci\u00e9 parall\u00e8lement \u00e0 l\u2019accord de libre\u2011\u00e9change UE\u2011Canada (CETA\/AECG), vise \u00e0 <strong>moderniser les relations UE\u2011Canada<\/strong>, en \u00e9tablissant une <strong>coop\u00e9ration renforc\u00e9e<\/strong> en mati\u00e8re notamment de <strong>protection des droits de l\u2019Homme, <\/strong>de <strong>lutte contre le terrorisme<\/strong>, de <strong>r\u00e9duction de la pauvret\u00e9<\/strong>, de <strong>promotion du d\u00e9veloppement durable<\/strong>, de <strong>recherche<\/strong> et de <strong>diversit\u00e9 des expressions culturelles<\/strong>.<\/p>\n<p>Ces accords sign\u00e9s \u00e0 Bruxelles le 30 octobre 2016 sont <strong>appliqu\u00e9s de mani\u00e8re provisoire depuis 2017<\/strong>, pour leurs stipulations entrant dans le champ des comp\u00e9tences exclusives de l\u2019Union europ\u00e9enne.<br \/>En application de l\u2019article 53 de la Constitution, ils\u00a0<strong>n\u00e9cessitent, pour leur ratification, d\u2019\u00eatre soumis \u00e0 l\u2019autorisation du Parlement<\/strong>.<\/p>\n<p>Adopt\u00e9 par l&rsquo;Assembl\u00e9e nationale en 2019, le projet de loi autorisant ladite ratification n\u2019a cependant<strong> jamais \u00e9t\u00e9 inscrit \u00e0 l\u2019ordre du jour du S\u00e9nat par le Gouvernement<\/strong>, en d\u00e9pit de <a href=\"https:\/\/www.senat.fr\/dossier-legislatif\/ppr20-249.html\" target=\"_self\" rel=\"nofollow noopener\">demandes<\/a> de la Haute Assembl\u00e9e.\u00a0 <strong>Le groupe Communiste R\u00e9publicain Citoyen et Ecologiste &#8211; Kanaky (CRCE-K) a d\u00e9cid\u00e9 de l&rsquo;inscrire<\/strong> sur son temps parlementaire r\u00e9serv\u00e9.\u00a0<\/p>\n","protected":false},"excerpt":{"rendered":"L\u2019accord \u00e9conomique et commercial global (AECG\/CETA) vise \u00e0 resserrer les liens \u00e9conomiques entre l\u2019Union europ\u00e9enne (UE) et le&hellip;\n","protected":false},"author":2,"featured_media":312161,"comment_status":"","ping_status":"","sticky":false,"template":"","format":"standard","meta":{"footnotes":""},"categories":[1586],"tags":[11,1777,674,1779,1011,27,12,25,1778,364],"class_list":{"0":"post-312160","1":"post","2":"type-post","3":"status-publish","4":"format-standard","5":"has-post-thumbnail","7":"category-europe","8":"tag-actualites","9":"tag-eu","10":"tag-europe","11":"tag-european-union","12":"tag-fr","13":"tag-france","14":"tag-news","15":"tag-republique-francaise","16":"tag-ue","17":"tag-union-europeenne"},"share_on_mastodon":{"url":"https:\/\/pubeurope.com\/@fr\/115011488620407547","error":""},"_links":{"self":[{"href":"https:\/\/www.europesays.com\/fr\/wp-json\/wp\/v2\/posts\/312160","targetHints":{"allow":["GET"]}}],"collection":[{"href":"https:\/\/www.europesays.com\/fr\/wp-json\/wp\/v2\/posts"}],"about":[{"href":"https:\/\/www.europesays.com\/fr\/wp-json\/wp\/v2\/types\/post"}],"author":[{"embeddable":true,"href":"https:\/\/www.europesays.com\/fr\/wp-json\/wp\/v2\/users\/2"}],"replies":[{"embeddable":true,"href":"https:\/\/www.europesays.com\/fr\/wp-json\/wp\/v2\/comments?post=312160"}],"version-history":[{"count":0,"href":"https:\/\/www.europesays.com\/fr\/wp-json\/wp\/v2\/posts\/312160\/revisions"}],"wp:featuredmedia":[{"embeddable":true,"href":"https:\/\/www.europesays.com\/fr\/wp-json\/wp\/v2\/media\/312161"}],"wp:attachment":[{"href":"https:\/\/www.europesays.com\/fr\/wp-json\/wp\/v2\/media?parent=312160"}],"wp:term":[{"taxonomy":"category","embeddable":true,"href":"https:\/\/www.europesays.com\/fr\/wp-json\/wp\/v2\/categories?post=312160"},{"taxonomy":"post_tag","embeddable":true,"href":"https:\/\/www.europesays.com\/fr\/wp-json\/wp\/v2\/tags?post=312160"}],"curies":[{"name":"wp","href":"https:\/\/api.w.org\/{rel}","templated":true}]}}