{"id":312168,"date":"2025-08-11T18:15:21","date_gmt":"2025-08-11T18:15:21","guid":{"rendered":"https:\/\/www.europesays.com\/fr\/312168\/"},"modified":"2025-08-11T18:15:21","modified_gmt":"2025-08-11T18:15:21","slug":"cure-de-jeunesse-pour-le-multigolf-de-fleurimont","status":"publish","type":"post","link":"https:\/\/www.europesays.com\/fr\/312168\/","title":{"rendered":"Cure de jeunesse pour le Multigolf de Fleurimont"},"content":{"rendered":"<p class=\"article-bodystyled__StyledText-sc-19uhgql-0 bGeyRM body-paragraph\">Copropri\u00e9taires depuis quatre ans, le professionnel de golf Marc-Andr\u00e9 Roy et son partenaire Marc-Andr\u00e9 Coutu \u00abont achet\u00e9 pour le potentiel\u00bb de l\u2019entreprise, raconte M. Roy. \u00c0 la base, ils sont tomb\u00e9s amoureux du champ de pratique. <\/p>\n<p class=\"article-bodystyled__StyledText-sc-19uhgql-0 bGeyRM body-paragraph\">\u00abMais notre plus gros investissement, c\u2019est le minigolf l\u2019Odyss\u00e9e qu\u2019on a ouvert il y a trois semaines. L\u2019achalandage a \u00e9t\u00e9 extraordinaire. Les gens de Sherbrooke attendaient quelque chose comme \u00e7a depuis longtemps\u00bb, exprime-t-il. <\/p>\n<p><img decoding=\"async\" data-chromatic=\"ignore\" alt=\"Marc-Andr&#xE9; Roy et son partenaire ont donn&#xE9; un nouveau souffle au minigolf de Fleurimont.\" class=\"c-image\" loading=\"lazy\" src=\"https:\/\/www.europesays.com\/fr\/wp-content\/uploads\/2025\/08\/PJD2MY6MEBEI5CMF6PEHGNOBP4.JPG\"  width=\"1200\" height=\"797\"\/><\/p>\n<p class=\"image-metadata__MetadataParagraph-sc-1gfk7p2-0 cAaLKg image-metadata\">Marc-Andr\u00e9 Roy et son partenaire ont donn\u00e9 un nouveau souffle au minigolf de Fleurimont. (Maxime Picard\/La Tribune)<\/p>\n<p class=\"article-bodystyled__StyledText-sc-19uhgql-0 bGeyRM body-paragraph\">Contrairement aux plus petits parcours o\u00f9 la normale est de deux coups, le nouveau parcours de 18 trous compte plusieurs par-3, un d\u00e9fi diff\u00e9rent pour les amateurs de minigolf. \u00abIl y a beaucoup d\u2019eau, des ponts et des changements d\u2019\u00e9l\u00e9vation. \u00c7\u2019a pris un an et huit mois \u00e0 construire, mais on y est\u00bb, se r\u00e9jouit le nouveau propri\u00e9taire.<\/p>\n<p class=\"article-bodystyled__StyledText-sc-19uhgql-0 bGeyRM body-paragraph\">Les deux partenaires ont effectu\u00e9 de nombreux voyages aux \u00c9tats-Unis et ont trouv\u00e9 une firme am\u00e9ricaine qui a dessin\u00e9 le minigolf. \u00abOn est all\u00e9s un peu partout et on s\u2019est inspir\u00e9 des plus grands succ\u00e8s\u00bb, explique M. Roy.<\/p>\n<p><img decoding=\"async\" data-chromatic=\"ignore\" alt=\"Les 18 trous ont sont entrecoup&#xE9;s d'eau.\" class=\"c-image\" loading=\"lazy\" src=\"https:\/\/www.europesays.com\/fr\/wp-content\/uploads\/2025\/08\/QNKI5RFLIBHZVNR6PLGA736TFU.JPG\"  width=\"1200\" height=\"675\"\/><\/p>\n<p class=\"image-metadata__MetadataParagraph-sc-1gfk7p2-0 cAaLKg image-metadata\">Les 18 trous ont sont entrecoup\u00e9s d&rsquo;eau. (Maxime Picard\/La Tribune)<\/p>\n<p class=\"article-bodystyled__StyledText-sc-19uhgql-0 bGeyRM body-paragraph\">Combien \u00e7a co\u00fbte un parcours comme celui-l\u00e0? \u00abC\u2019est cher!\u00bb r\u00e9pond M. Roy en riant, pr\u00e9f\u00e9rant se garder une r\u00e9serve.<\/p>\n<p class=\"article-bodystyled__StyledText-sc-19uhgql-0 bGeyRM body-paragraph\">\u00abOn se cherchait un champ de pratique pour notre entreprise, une acad\u00e9mie de golf en ligne. Apr\u00e8s avoir administr\u00e9, on a choisi de changer notre fusil d\u2019\u00e9paule et on a d\u00e9cid\u00e9 d\u2019investir dans le minigolf plus qu\u2019initialement pr\u00e9vu\u00bb, d\u00e9crit-il.<\/p>\n<p class=\"article-bodystyled__StyledText-sc-19uhgql-0 bGeyRM body-paragraph\">\u00abOn voyait que la client\u00e8le \u00e9tait loyale, mais qu\u2019il manquait un petit quelque chose. On a donc voulu changer l\u2019image du Multigolf\u00bb, dit celui qui a re\u00e7u des clients de Saint-Hyacinthe, de Drummondville et de Trois-Rivi\u00e8res.<\/p>\n<p>Champ de tir<\/p>\n<p class=\"article-bodystyled__StyledText-sc-19uhgql-0 bGeyRM body-paragraph\">Si le champ de pratique du Multigolf a fait couler beaucoup d\u2019encre il y a quelques ann\u00e9es lorsque des balles atteignaient les terrains des voisins, Marc-Andr\u00e9 Roy assure que la situation est maintenant r\u00e9sorb\u00e9e. <\/p>\n<p><img decoding=\"async\" data-chromatic=\"ignore\" alt=\"Les nouveaux propri&#xE9;taires ont r&#xE9;align&#xE9; les espaces de tir pour s'assurer que les balles ne g&#xEA;nent plus les voisins.\" class=\"c-image\" loading=\"lazy\" src=\"https:\/\/www.europesays.com\/fr\/wp-content\/uploads\/2025\/08\/NURDXO6VWBCTXMG2MITUEPHPLQ.JPG\"  width=\"1200\" height=\"785\"\/><\/p>\n<p class=\"image-metadata__MetadataParagraph-sc-1gfk7p2-0 cAaLKg image-metadata\">Les nouveaux propri\u00e9taires ont r\u00e9align\u00e9 les espaces de tir pour s&rsquo;assurer que les balles ne g\u00eanent plus les voisins. (Maxime Picard\/La Tribune)<\/p>\n<p class=\"article-bodystyled__StyledText-sc-19uhgql-0 bGeyRM body-paragraph\">\u00abOn est all\u00e9s se pr\u00e9senter \u00e0 chaque voisin et on leur a dit qu\u2019on voulait cohabiter avec eux sainement. On n\u2019a pas eu de probl\u00e8me lors des trois derni\u00e8res ann\u00e9es\u00bb, assure-t-il. <\/p>\n<p class=\"article-bodystyled__StyledText-sc-19uhgql-0 bGeyRM body-paragraph\">\u00abOn a compl\u00e8tement r\u00e9nov\u00e9 le champ de pratique: on a ajout\u00e9 de nouvelles cibles, on a mis en place un syst\u00e8me pour faciliter le ramassage de balles, on a chang\u00e9 les tapis, les balles et on a r\u00e9align\u00e9 les aires de frappe\u00bb, \u00e9num\u00e8re le copropri\u00e9taire, mentionnant que ce dernier a gagn\u00e9 en popularit\u00e9. <\/p>\n<p class=\"article-bodystyled__StyledText-sc-19uhgql-0 bGeyRM body-paragraph\">Pour la suite, le duo de Marc-Andr\u00e9 profitera des installations, lui qui a nettoy\u00e9 la propri\u00e9t\u00e9 durant deux ans. \u00abOn va souffler un peu. Apr\u00e8s, on a \u00e9norm\u00e9ment de terrain disponible. Les possibilit\u00e9s sont illimit\u00e9es\u00bb, r\u00e9sume-t-il, sourire en coin. <\/p>\n","protected":false},"excerpt":{"rendered":"Copropri\u00e9taires depuis quatre ans, le professionnel de golf Marc-Andr\u00e9 Roy et son partenaire Marc-Andr\u00e9 Coutu \u00abont achet\u00e9 pour&hellip;\n","protected":false},"author":2,"featured_media":312169,"comment_status":"","ping_status":"","sticky":false,"template":"","format":"standard","meta":{"footnotes":""},"categories":[1418],"tags":[25397,45203,1011,27,1472,45205,30370,45204,45202,60],"class_list":{"0":"post-312168","1":"post","2":"type-post","3":"status-publish","4":"format-standard","5":"has-post-thumbnail","7":"category-golf","8":"tag-champ-de-tir","9":"tag-fleurimont","10":"tag-fr","11":"tag-france","12":"tag-golf","13":"tag-marc-andre-roy","14":"tag-minigolf","15":"tag-miniputt","16":"tag-multigolf","17":"tag-sports"},"share_on_mastodon":{"url":"https:\/\/pubeurope.com\/@fr\/115011500762702585","error":""},"_links":{"self":[{"href":"https:\/\/www.europesays.com\/fr\/wp-json\/wp\/v2\/posts\/312168","targetHints":{"allow":["GET"]}}],"collection":[{"href":"https:\/\/www.europesays.com\/fr\/wp-json\/wp\/v2\/posts"}],"about":[{"href":"https:\/\/www.europesays.com\/fr\/wp-json\/wp\/v2\/types\/post"}],"author":[{"embeddable":true,"href":"https:\/\/www.europesays.com\/fr\/wp-json\/wp\/v2\/users\/2"}],"replies":[{"embeddable":true,"href":"https:\/\/www.europesays.com\/fr\/wp-json\/wp\/v2\/comments?post=312168"}],"version-history":[{"count":0,"href":"https:\/\/www.europesays.com\/fr\/wp-json\/wp\/v2\/posts\/312168\/revisions"}],"wp:featuredmedia":[{"embeddable":true,"href":"https:\/\/www.europesays.com\/fr\/wp-json\/wp\/v2\/media\/312169"}],"wp:attachment":[{"href":"https:\/\/www.europesays.com\/fr\/wp-json\/wp\/v2\/media?parent=312168"}],"wp:term":[{"taxonomy":"category","embeddable":true,"href":"https:\/\/www.europesays.com\/fr\/wp-json\/wp\/v2\/categories?post=312168"},{"taxonomy":"post_tag","embeddable":true,"href":"https:\/\/www.europesays.com\/fr\/wp-json\/wp\/v2\/tags?post=312168"}],"curies":[{"name":"wp","href":"https:\/\/api.w.org\/{rel}","templated":true}]}}