{"id":312170,"date":"2025-08-11T18:16:21","date_gmt":"2025-08-11T18:16:21","guid":{"rendered":"https:\/\/www.europesays.com\/fr\/312170\/"},"modified":"2025-08-11T18:16:21","modified_gmt":"2025-08-11T18:16:21","slug":"joris-seddik-terell-et-talmay-tchouassi-des-mendois-qui-evoluent-au-plus-haut-niveau","status":"publish","type":"post","link":"https:\/\/www.europesays.com\/fr\/312170\/","title":{"rendered":"Joris Seddik, Terell et Talmay Tchouassi, des Mendois qui \u00e9voluent au plus haut niveau"},"content":{"rendered":"<p>\n                                                                Quel plaisir de voir la pr\u00e9paration de trois grands espoirs mendois du volley-ball fran\u00e7ais et niveau<br \/>Mondial s\u2019entra\u00eener ensemble ces trois derni\u00e8res semaines. Et devinez qui a eu cette id\u00e9e\u00a0?<br \/>Constant Tchouassi bien s\u00fbr\u00a0! Et pour cause, car le championnat du monde d\u00e9marre du vendredi\u00a012 au dimanche 28\u00a0septembre, le championnat de France d\u00e9butera le 21\u00a0octobre, et celui de l\u2019entra\u00eenement collectif de l\u2019AS Cannes, le\u00a01er\u00a0septembre.\n                            <\/p>\n<p>Quel plaisir de voir la pr\u00e9paration de trois\u00a0grands espoirs mendois du volley-ball fran\u00e7ais et mondial s\u2019entra\u00eener ensemble ces trois derni\u00e8res semaines. Et devinez qui a eu cette id\u00e9e\u00a0?<\/p>\n<p>Constant Tchouassi bien s\u00fbr\u00a0! Pour cause de championnat du monde du vendredi\u00a012 au dimanche 28\u00a0septembre 2025, le Championnat de France d\u00e9butera le 21\u00a0octobre 2025, l\u2019entra\u00eenement collectif de l\u2019AS Cannes qu\u2019il coachera cette saison attaquera en\u00a0septembre, ce qui lui a laiss\u00e9 un peu de temps libre.<\/p>\n<p>Un parcours tr\u00e8s brillant<\/p>\n<p>Joris Seddik, 19 ans, 2m14, central, a quitt\u00e9 le Mende Volley Loz\u00e8re \u00e0 15 ans pour rejoindre le Montpellier Volley en N2 puis il rejoindra le Centre National VB (France Avenir) bas\u00e9 \u00e0 Montpellier o\u00f9 il \u00e9voluera en Ligue B face \u00e0 Mende en particulier. Ces 2 derni\u00e8res saisons il a jou\u00e9 en Ligue A au Montpellier Volley. Au niveau international, il a br\u00fbl\u00e9 toutes les \u00e9tapes, il\u00a0devient \u00e0 16 ans et 17 ans champion d\u2019Europe U17, et champion du monde U19 puis il int\u00e8gre l\u2019\u00e9quipe de France A \u00e0 18 ans.<\/p>\n<p>Cet \u00e9t\u00e9 une entorse \u00e0 la cheville l\u2019emp\u00eache\u00a0de disputer la VNL (Volley Ball Nation League) mais Andr\u00e9a Giani, le coach de l\u2019\u00e9quipe de France, ne l\u2019a pas oubli\u00e9 et le convoque ce lundi 11\u00a0ao\u00fbt \u00e0 Cannes pour un stage de pr\u00e9paration pour le mondial.<\/p>\n<p>Un top niveau au Canada<\/p>\n<p>Tr\u00e8s mobile et dot\u00e9 d\u2019une belle d\u00e9tente pour son profil physique rare, il y rajoute un mental de fer. Le club italien de Piacenza (4e du dernier championnat italien et qui disputera la champion\u2019s league) ne s\u2019y est pas tromp\u00e9 en l\u2019embauchant pour la saison prochaine\u00a0!<\/p>\n<p>Terell Tchouassi, 20 ans, 1m95, pointu, a fait toute sa formation au MVL, int\u00e9grant de 16 \u00e0 18 ans le Centre de Formation du MVL qui \u00e9voluait au 4e niveau fran\u00e7ais (en dessous l\u2019Elite, au-dessus de la N2). Il fait alors le choix de partir au Canada et de r\u00e9ussir les tests d\u2019entr\u00e9e \u00e0 la tr\u00e8s r\u00e9put\u00e9e universit\u00e9 de Laval (56\u00a0000 \u00e9tudiants dont 3\u00a0200 \u00e9tudiants sportifs de haut niveau dont 200 de tr\u00e8s haut niveau, Terell faisant partie de ces derniers).<\/p>\n<p>Double surclassement<\/p>\n<p>Il vient d\u2019\u00eatre pr\u00e9s\u00e9lectionn\u00e9 en \u00e9quipe de France U21. Il va attaquer sa 3e et derni\u00e8re ann\u00e9e \u00e0 Laval. Brillant \u00e9l\u00e8ve il obtiendra sans difficult\u00e9 son dipl\u00f4me en informatique. Sur le plan sportif soyons certains que de nombreux clubs europ\u00e9ens seront pr\u00eats \u00e0 l\u2019accueillir la saison suivante. D\u00e9tente, puissance, il a toutes les qualit\u00e9s pour devenir un \u00ab\u00a0gros\u00a0\u00bb pointu.<\/p>\n<p>Talmay Tchouassi, 15 ans, 1m95, pointu, form\u00e9 au MVL jusqu\u2019\u00e0 13 ans, il rejoint le p\u00f4le espoirs de Montpellier. La saison derni\u00e8re il a jou\u00e9 en Pr\u00e9nationale avec l\u2019\u00e9quipe 3 de Narbonne. Il y a \u00e9t\u00e9 l\u2019\u00e9l\u00e9ment majeur et a permis aux centurions narbonnais de monter cette ann\u00e9e en N3. Il a aussi doubl\u00e9, avec l\u00e0 aussi un double surclassement, avec le CFC de Narbonne.<\/p>\n<p>Ce mois de septembre, il sera le plus jeune joueur \u00e0 int\u00e9grer le CNVB (France Avenir). D\u00e9tente, tr\u00e8s grande vitesse de bras, il est promis au plus haut niveau.\u00a0Mouss\u00e9 Gueye qui a pass\u00e9 4 ans \u00e0 Mende est lui aussi dans la liste des pr\u00e9s\u00e9lectionn\u00e9s pour la pr\u00e9paration du mondial et ce apr\u00e8s avoir jou\u00e9 l\u2019int\u00e9gralit\u00e9 de la VNL (matchs au Canada, Bulgarie, Pologne puis final \u00e0 8 en Chine).<\/p>\n","protected":false},"excerpt":{"rendered":"Quel plaisir de voir la pr\u00e9paration de trois grands espoirs mendois du volley-ball fran\u00e7ais et niveauMondial s\u2019entra\u00eener ensemble&hellip;\n","protected":false},"author":2,"featured_media":312171,"comment_status":"","ping_status":"","sticky":false,"template":"","format":"standard","meta":{"footnotes":""},"categories":[1417],"tags":[1011,27,60,1470,1469],"class_list":{"0":"post-312170","1":"post","2":"type-post","3":"status-publish","4":"format-standard","5":"has-post-thumbnail","7":"category-volley","8":"tag-fr","9":"tag-france","10":"tag-sports","11":"tag-volley","12":"tag-volleyball"},"share_on_mastodon":{"url":"https:\/\/pubeurope.com\/@fr\/115011504305569130","error":""},"_links":{"self":[{"href":"https:\/\/www.europesays.com\/fr\/wp-json\/wp\/v2\/posts\/312170","targetHints":{"allow":["GET"]}}],"collection":[{"href":"https:\/\/www.europesays.com\/fr\/wp-json\/wp\/v2\/posts"}],"about":[{"href":"https:\/\/www.europesays.com\/fr\/wp-json\/wp\/v2\/types\/post"}],"author":[{"embeddable":true,"href":"https:\/\/www.europesays.com\/fr\/wp-json\/wp\/v2\/users\/2"}],"replies":[{"embeddable":true,"href":"https:\/\/www.europesays.com\/fr\/wp-json\/wp\/v2\/comments?post=312170"}],"version-history":[{"count":0,"href":"https:\/\/www.europesays.com\/fr\/wp-json\/wp\/v2\/posts\/312170\/revisions"}],"wp:featuredmedia":[{"embeddable":true,"href":"https:\/\/www.europesays.com\/fr\/wp-json\/wp\/v2\/media\/312171"}],"wp:attachment":[{"href":"https:\/\/www.europesays.com\/fr\/wp-json\/wp\/v2\/media?parent=312170"}],"wp:term":[{"taxonomy":"category","embeddable":true,"href":"https:\/\/www.europesays.com\/fr\/wp-json\/wp\/v2\/categories?post=312170"},{"taxonomy":"post_tag","embeddable":true,"href":"https:\/\/www.europesays.com\/fr\/wp-json\/wp\/v2\/tags?post=312170"}],"curies":[{"name":"wp","href":"https:\/\/api.w.org\/{rel}","templated":true}]}}