{"id":312175,"date":"2025-08-11T18:20:11","date_gmt":"2025-08-11T18:20:11","guid":{"rendered":"https:\/\/www.europesays.com\/fr\/312175\/"},"modified":"2025-08-11T18:20:11","modified_gmt":"2025-08-11T18:20:11","slug":"le-meilleur-dinstagram-cette-semaine-stoner-roule-en-andorre-zarco-encore-un-peu-aux-8-heures-de-suzuka-vinales-a-repris-lentrainement-4-10-aout","status":"publish","type":"post","link":"https:\/\/www.europesays.com\/fr\/312175\/","title":{"rendered":"Le meilleur d&rsquo;Instagram cette semaine : Stoner roule en Andorre, Zarco encore un peu aux 8 Heures de Suzuka, Vi\u00f1ales a repris l&rsquo;entra\u00eenement&#8230; (4-10 ao\u00fbt)"},"content":{"rendered":"<p><strong>Chaque semaine, les pilotes et les \u00e9quipes des<br \/>\ndiff\u00e9rents championnats partagent leur quotidien sur les r\u00e9seaux<br \/>\nsociaux, avec une pr\u00e9f\u00e9rence pour <a href=\"https:\/\/www.instagram.com\/\" rel=\"nofollow noopener\" target=\"_blank\">Instagram<\/a>. C\u2019est bel et bien sur<br \/>\nce r\u00e9seau social qu\u2019il faut \u00eatre pour ne rien manquer, mais il<br \/>\nn\u2019est pas toujours \u00e9vident de voir tous les posts.<\/strong><br \/>\n<strong>Entre actualit\u00e9, belles images, humour et parfois \u00e9motion,<br \/>\nnous vous proposons chaque semaine de d\u00e9couvrir \u00ab le meilleur<br \/>\nd\u2019Instagram \u00bb afin de suivre les coulisses du MotoGP, Moto2, Moto3,<br \/>\nSuperbike ou encore MotoAmerica au fil des publications. C\u2019est<br \/>\nparti !<\/strong><\/p>\n<p style=\"text-align: center;\"><strong>LE MEILLEUR D\u2019INSTAGRAM :<br \/>\nSEMAINE DU 4 AU 10 AO\u00dbT<\/strong><\/p>\n<p>Lundi 4 ao\u00fbt : <strong>Fabio Di Giannantonio<\/strong><br \/>\nprofite de ses vacances en couple et entre amis (Cliquez sur la<br \/>\nfl\u00e8che \u00e0 droite pour faire d\u00e9filer les photos).<\/p>\n<p>Lundi 4 ao\u00fbt : <strong>Casey Stoner<\/strong> a particip\u00e9<br \/>\n\u00e0 un \u00e9v\u00e9nement en Andorre (Cliquez sur l\u2019image pour voir la<br \/>\nvid\u00e9o).<\/p>\n<p>Mardi 5 ao\u00fbt : De son c\u00f4t\u00e9, <strong>Jorge Mart\u00edn<\/strong><br \/>\na roul\u00e9 sur circuit avec <strong>\u00c1lex Rins<\/strong> en Andorre<br \/>\n(Cliquez sur la fl\u00e8che \u00e0 droite pour faire d\u00e9filer les<br \/>\nphotos).<\/p>\n<p>Mercredi 6 ao\u00fbt : En souvenir des 8 Heures de Suzuka,<br \/>\n<strong>Loris Baz<\/strong> a partag\u00e9 avec humour plusieurs clich\u00e9s<br \/>\nde lui et <strong>J\u00e9r\u00e9my Guarnoni<\/strong> souffrant de la chaleur<br \/>\n(Cliquez sur l\u2019image pour voir la vid\u00e9o).<\/p>\n<p>Mercredi 6 ao\u00fbt : <strong>Iker Lecuona<\/strong><br \/>\n(WorldSBK) a profit\u00e9 de la pause estivale pour se pacser<br \/>\n(Cliquez sur la fl\u00e8che \u00e0 droite pour faire d\u00e9filer les<br \/>\nphotos).<\/p>\n<p>Jeudi 7 ao\u00fbt : <strong>Tech3<\/strong> vous emm\u00e8ne sur la<br \/>\ngrille en cam\u00e9ra embarqu\u00e9e avec Lucas, l\u2019un des m\u00e9caniciens de<br \/>\nJacob Roulstone en Moto3 (Cliquez sur l\u2019image pour voir la<br \/>\nvid\u00e9o).<\/p>\n<p>Jeudi 7 ao\u00fbt : <strong>Marc M\u00e1rquez<\/strong> et<br \/>\n<strong>Francesco Bagnaia<\/strong> se sont essay\u00e9s au dessin, avec<br \/>\nplus ou moins de r\u00e9ussite (Cliquez sur l\u2019image pour voir la<br \/>\nvid\u00e9o).<\/p>\n<p>Samedi 9 ao\u00fbt : <strong>Maverick Vi\u00f1ales<\/strong> a<br \/>\nrepris l\u2019entra\u00eenement apr\u00e8s sa blessure \u00e0 l\u2019\u00e9paule et vise d\u2019\u00eatre<br \/>\nau Grand Prix d\u2019Autriche ce week-end (Cliquez sur l\u2019image pour<br \/>\nvoir la vid\u00e9o).<\/p>\n<p>Samedi 9 ao\u00fbt : <strong>Johann Zarco<\/strong> et son<br \/>\nco\u00e9quipier <strong>Takumi Takahashi<\/strong> sont pass\u00e9s sur un<br \/>\nstand des 8 Heures de Suzuka pour se prendre un souvenir<br \/>\n(Cliquez sur l\u2019image pour voir la vid\u00e9o).<\/p>\n<p>Dimanche 10 ao\u00fbt : <strong>Filip Sala\u010d<\/strong> (Moto2) a<br \/>\nrelev\u00e9 le d\u00e9fi de dessiner le circuit de Brno les yeux ferm\u00e9s.<br \/>\nVerdict ? (Cliquez sur l\u2019image pour voir la vid\u00e9o)<\/p>\n<p><script async src=\"\/\/www.instagram.com\/embed.js\"><\/script><\/p>\n","protected":false},"excerpt":{"rendered":"Chaque semaine, les pilotes et les \u00e9quipes des diff\u00e9rents championnats partagent leur quotidien sur les r\u00e9seaux sociaux, avec&hellip;\n","protected":false},"author":2,"featured_media":312176,"comment_status":"","ping_status":"","sticky":false,"template":"","format":"standard","meta":{"footnotes":""},"categories":[1413],"tags":[1011,27,1457,1456,60],"class_list":{"0":"post-312175","1":"post","2":"type-post","3":"status-publish","4":"format-standard","5":"has-post-thumbnail","7":"category-moto","8":"tag-fr","9":"tag-france","10":"tag-moto","11":"tag-motocycle","12":"tag-sports"},"share_on_mastodon":{"url":"https:\/\/pubeurope.com\/@fr\/115011520030145521","error":""},"_links":{"self":[{"href":"https:\/\/www.europesays.com\/fr\/wp-json\/wp\/v2\/posts\/312175","targetHints":{"allow":["GET"]}}],"collection":[{"href":"https:\/\/www.europesays.com\/fr\/wp-json\/wp\/v2\/posts"}],"about":[{"href":"https:\/\/www.europesays.com\/fr\/wp-json\/wp\/v2\/types\/post"}],"author":[{"embeddable":true,"href":"https:\/\/www.europesays.com\/fr\/wp-json\/wp\/v2\/users\/2"}],"replies":[{"embeddable":true,"href":"https:\/\/www.europesays.com\/fr\/wp-json\/wp\/v2\/comments?post=312175"}],"version-history":[{"count":0,"href":"https:\/\/www.europesays.com\/fr\/wp-json\/wp\/v2\/posts\/312175\/revisions"}],"wp:featuredmedia":[{"embeddable":true,"href":"https:\/\/www.europesays.com\/fr\/wp-json\/wp\/v2\/media\/312176"}],"wp:attachment":[{"href":"https:\/\/www.europesays.com\/fr\/wp-json\/wp\/v2\/media?parent=312175"}],"wp:term":[{"taxonomy":"category","embeddable":true,"href":"https:\/\/www.europesays.com\/fr\/wp-json\/wp\/v2\/categories?post=312175"},{"taxonomy":"post_tag","embeddable":true,"href":"https:\/\/www.europesays.com\/fr\/wp-json\/wp\/v2\/tags?post=312175"}],"curies":[{"name":"wp","href":"https:\/\/api.w.org\/{rel}","templated":true}]}}