{"id":312183,"date":"2025-08-11T18:24:14","date_gmt":"2025-08-11T18:24:14","guid":{"rendered":"https:\/\/www.europesays.com\/fr\/312183\/"},"modified":"2025-08-11T18:24:14","modified_gmt":"2025-08-11T18:24:14","slug":"paga-son-fantasme-cest-ces-sordides-revelations-de-son-ex-exhumees-apres-sa-garde-a-vue","status":"publish","type":"post","link":"https:\/\/www.europesays.com\/fr\/312183\/","title":{"rendered":"\u201cPaga, son fantasme c\u2019est\u2026\u201d : ces sordides r\u00e9v\u00e9lations de son ex exhum\u00e9es apr\u00e8s sa garde \u00e0 vue"},"content":{"rendered":"<p data-pm-slice=\"0 0 []\">Paga, de son vrai nom <a class=\"qbe-widget\" href=\"https:\/\/www.closermag.fr\/people\/paga-interpelle-par-la-police-rebondissement-de-taille-apres-une-nuit-en-cellule-de-degrisement-3570174\" target=\"_blank\" rel=\"noopener noreferrer\">Anthony Paggini,<\/a> fait<br \/>\npartie des figures de la t\u00e9l\u00e9-r\u00e9alit\u00e9 fran\u00e7aise. Il s\u2019est fait<br \/>\nconna\u00eetre suite \u00e0 sa participation \u00e0 l\u2019\u00e9mission \u201cLes Marseillais \u00e0<br \/>\nMiami\u201d, en 2012. Avec 2,4 millions d&rsquo;abonn\u00e9s sur Instagram, il fait<br \/>\nencore partie des personnalit\u00e9s phares de ce milieu.<\/p>\n<p>Pourtant depuis quelques jours, <a class=\"qbe-widget\" href=\"https:\/\/www.closermag.fr\/people\/un-peu-de-paix-et-de-serenite-sous-le-choc-paga-reagit-aux-accusations-infondees-3570279\" target=\"_blank\" rel=\"noopener noreferrer\">le cr\u00e9ateur de contenu<br \/>\nest dans la tourmente.<\/a> Le 9 aout 2025, il a \u00e9t\u00e9 sur la plage<br \/>\nCasa Amor \u00e0 Ramatuelle, afin d\u2019\u00eatr<a class=\"qbe-widget\" href=\"https:\/\/www.closermag.fr\/tv_tele_realite\/une-star-des-marseillais-en-garde-a-vue-descente-de-police-a-la-sortie-dun-restaurant-suite-a-de-graves-accusations-3570097\" target=\"_blank\" rel=\"noopener noreferrer\">e mis en garde \u00e0 vue pour<br \/>\nviol<\/a>. Elle a dur\u00e9 de 9 h \u00e0 19 h, puis <a class=\"qbe-widget\" href=\"https:\/\/www.closermag.fr\/people\/paga-la-star-des-marseillais-quitte-le-commissariat-sans-sattarder-la-video-de-sa-sortie-de-garde-a-vue-3570224\" target=\"_blank\" rel=\"noopener noreferrer\">il a \u00e9t\u00e9 rel\u00e2ch\u00e9.<\/a><br \/>\nLib\u00e9r\u00e9 sans charges, une ancienne vid\u00e9o qui vient de refaire<br \/>\nsurface risque de beaucoup faire parler.<\/p>\n<p>Adixia r\u00e9v\u00e8le le fantasme de Paga<\/p>\n<p>D\u00e9sormais libre, Paga a pu retrouver sa compagne, Guiseppa<br \/>\nCiurleo. Mais l\u2019affaire ne risque pas de se tasser. Sur X, une<br \/>\nvid\u00e9o sur laquelle il apparait avec <strong>son ex-compagne<br \/>\nAdixia<\/strong>, de son vrai nom Adeline Romaniello, ne va rien<br \/>\narranger quant \u00e0 sa r\u00e9putation. Il s\u2019agit d\u2019une conversation, dans<br \/>\nlaquelle Adixia r\u00e9v\u00e8le les fantasmes de Paga. Lors d\u2019une interview,<br \/>\nla candidate de t\u00e9l\u00e9-r\u00e9alit\u00e9 a d\u00e9clar\u00e9 : \u00ab\u00a0<strong>Paga, son<br \/>\nfantasme c\u2019est qu\u2019il aime bien que je me fasse passer pour sa<br \/>\ns\u0153ur.<\/strong>\u201d Des r\u00e9v\u00e9lations qui ont de quoi choquer.<\/p>\n<p>\u00c0 son tour, Paga prend le micro et pr\u00e9cise : \u201cOn passe par<br \/>\ntous les jeux de r\u00f4les. Mais celui qui revient le plus souvent,<br \/>\nc\u2019est celui o\u00f9 c\u2019est ma petite s\u0153ur, et je suis son<br \/>\nfr\u00e8re.\u201d En commentaire, les internautes sont assez<br \/>\noutr\u00e9s : \u201cDonc le mec dit normal qu\u2019il a des fantasmes<br \/>\nincestueux.\u201d Mais ils ont aussi \u00e9t\u00e9 interpell\u00e9s par<br \/>\nle comportement d\u2019Adixia, qui a fait ces confessions en rigolant :<br \/>\n\u201cJe ne sais pas c&rsquo;est quoi le pire, si c&rsquo;est le fantasme de<br \/>\nPaga ? Qui a accept\u00e9 de jouer la petite s\u0153ur ? Ou<br \/>\nl&rsquo;assumer fi\u00e8rement devant une cam\u00e9ra ? Ils ne sont pas<br \/>\nnormaux.<\/p>\n<blockquote class=\"twitter-tweet\"><p><a class=\"twitter-link\" rel=\"noindex, nofollow noopener\" href=\"https:\/\/twitter.com\/lili_island\/status\/1954321297862971497#038;t=HNzA7R1dsdY70-W9-yls4A1Ii1pr--SDsqS0ZGfclbg\" target=\"_blank\"><br \/>\n<\/a><\/p><\/blockquote>\n<p>Paga rel\u00e2ch\u00e9 apr\u00e8s 10 h de garde \u00e0<br \/>\nvue<\/p>\n<p>Tout comme son ex-compagnon, Adixia a aussi tourn\u00e9 dans<br \/>\nplusieurs \u00e9missions des Marseillais. Ils se sont d\u2019ailleurs<br \/>\nrencontr\u00e9s sur le tournage des Marseillais \u00e0 Rio en 2014, avant de<br \/>\nse s\u00e9parer en 2017. Il a ensuite crois\u00e9 la route de Giuseppa en<br \/>\n2021, dans Les Marseillais vs Le Reste du Monde 6. Le couple s\u2019est<br \/>\nmari\u00e9 en d\u00e9cembre 2023. Ensemble, ils ont deux filles :<br \/>\n<strong>Giorgia<\/strong> (n\u00e9e en avril 2023) et<br \/>\n<strong>Adrianna<\/strong> (n\u00e9e en mai 2024).<\/p>\n<p>Si cette vid\u00e9o exhum\u00e9e risque \u00e0 nouveau de ternir son image, ses<br \/>\navocats sont formels concernant son accusation de viol. Comme on<br \/>\npeut le lire dans <a class=\"qbe-widget\" href=\"https:\/\/www.laprovence.com\/article\/faits-divers-justice\/4700957445593714\/paga-est-sous-le-choc-de-ces-accusations-de-viol-infondees-la-defense-de-son-avocate-apres-la-levee-de-garde-a-vue\" target=\"_blank\" rel=\"noopener noreferrer\">La Provence<\/a>,<br \/>\nson avocate, Ma\u00eetre Margaux Matthieu a d\u00e9clar\u00e9 : \u201c<a class=\"qbe-widget\" href=\"https:\/\/www.closermag.fr\/people\/paga-en-garde-a-vue-des-investigations-en-cours-ce-que-lon-sait-de-la-plaignante-3570161\" target=\"_blank\" rel=\"noopener noreferrer\">Les accusations sont<br \/>\ntotalement infond\u00e9es<\/a> (\u2026) <strong>La gravit\u00e9 des<br \/>\naccusations a profond\u00e9ment choqu\u00e9 mon client et sa<br \/>\nfamille.<\/strong> M. Paggini est scandalis\u00e9 par ce qu&rsquo;il vient de<br \/>\nse passer.<\/p>\n<p><script async src=\"https:\/\/platform.twitter.com\/widgets.js\" charset=\"utf-8\"><\/script><\/p>\n","protected":false},"excerpt":{"rendered":"Paga, de son vrai nom Anthony Paggini, fait partie des figures de la t\u00e9l\u00e9-r\u00e9alit\u00e9 fran\u00e7aise. Il s\u2019est fait&hellip;\n","protected":false},"author":2,"featured_media":312184,"comment_status":"","ping_status":"","sticky":false,"template":"","format":"standard","meta":{"footnotes":""},"categories":[1359],"tags":[548,58,59,1011,27,35356,973],"class_list":{"0":"post-312183","1":"post","2":"type-post","3":"status-publish","4":"format-standard","5":"has-post-thumbnail","7":"category-people","8":"tag-article-simple","9":"tag-divertissement","10":"tag-entertainment","11":"tag-fr","12":"tag-france","13":"tag-paga","14":"tag-people"},"share_on_mastodon":{"url":"https:\/\/pubeurope.com\/@fr\/115011535697822455","error":""},"_links":{"self":[{"href":"https:\/\/www.europesays.com\/fr\/wp-json\/wp\/v2\/posts\/312183","targetHints":{"allow":["GET"]}}],"collection":[{"href":"https:\/\/www.europesays.com\/fr\/wp-json\/wp\/v2\/posts"}],"about":[{"href":"https:\/\/www.europesays.com\/fr\/wp-json\/wp\/v2\/types\/post"}],"author":[{"embeddable":true,"href":"https:\/\/www.europesays.com\/fr\/wp-json\/wp\/v2\/users\/2"}],"replies":[{"embeddable":true,"href":"https:\/\/www.europesays.com\/fr\/wp-json\/wp\/v2\/comments?post=312183"}],"version-history":[{"count":0,"href":"https:\/\/www.europesays.com\/fr\/wp-json\/wp\/v2\/posts\/312183\/revisions"}],"wp:featuredmedia":[{"embeddable":true,"href":"https:\/\/www.europesays.com\/fr\/wp-json\/wp\/v2\/media\/312184"}],"wp:attachment":[{"href":"https:\/\/www.europesays.com\/fr\/wp-json\/wp\/v2\/media?parent=312183"}],"wp:term":[{"taxonomy":"category","embeddable":true,"href":"https:\/\/www.europesays.com\/fr\/wp-json\/wp\/v2\/categories?post=312183"},{"taxonomy":"post_tag","embeddable":true,"href":"https:\/\/www.europesays.com\/fr\/wp-json\/wp\/v2\/tags?post=312183"}],"curies":[{"name":"wp","href":"https:\/\/api.w.org\/{rel}","templated":true}]}}