{"id":312187,"date":"2025-08-11T18:27:12","date_gmt":"2025-08-11T18:27:12","guid":{"rendered":"https:\/\/www.europesays.com\/fr\/312187\/"},"modified":"2025-08-11T18:27:12","modified_gmt":"2025-08-11T18:27:12","slug":"cest-juste-impossible-pour-moi-la-maison-de-karine-le-marchand-a-aix-en-provence-repond-a-une-attente-precise","status":"publish","type":"post","link":"https:\/\/www.europesays.com\/fr\/312187\/","title":{"rendered":"\u00ab\u00a0C&rsquo;est juste impossible pour moi\u00a0\u00bb : La maison de Karine Le Marchand \u00e0 Aix-en-Provence r\u00e9pond \u00e0 une attente pr\u00e9cise"},"content":{"rendered":"<p>            <img loading=\"lazy\" decoding=\"async\" src=\"https:\/\/www.europesays.com\/fr\/wp-content\/uploads\/2025\/04\/144-64f8c016610ee-35x35-1.jpg\" class=\"author-article-picture\" width=\"35\" height=\"35\"\/><\/p>\n<p>                Par<br \/>\n                                    <a class=\"author-article-bio-link\" href=\"https:\/\/www.purepeople.com\/auteur\/louise-martin_a144\" rel=\"nofollow noopener\" target=\"_blank\">Louise Martin<\/a><br \/>\n                                                    | R\u00e9dactrice<\/p>\n<p>\n                Koh Lanta, Les Marseillais mais aussi Mari\u00e9s au Premier regards\u2026 Louise Martin est une t\u00e9l\u00e9vore qui essaye, \u00e0 ses heures perdues, de refaire les g\u00e2teaux qu\u2019elle admire devant le Meilleur P\u00e2tissier\u2026 mais elle ne risque pas de gagner le tablier bleu ! Les r\u00e9seaux sociaux n\u2019ont pas de secret pour elle, les derniers scoops, les derni\u00e8res \u00e9missions, elle les conna\u00eet tous.\n            <\/p>\n<p>\n    Depuis 15 ans, Karine Le Marchand incarne comme personne \u00ab\u00a0L&rsquo;amour est dans le pr\u00e9\u00a0\u00bb, qui f\u00eatera \u00e0 la rentr\u00e9e ses 20 ans. Mais si l&rsquo;animatrice est devenue une v\u00e9ritable \u00e9g\u00e9rie pour le monde de l&rsquo;agriculture, il y a quelque chose qu&rsquo;elle ne pourra jamais faire, a-t-elle confi\u00e9 dans les colonnes de \u00ab\u00a0T\u00e9l\u00e9 7 Jours\u00a0\u00bb.\n<\/p>\n<p>                            <img loading=\"lazy\" decoding=\"async\" class=\"player-thumbnail\" src=\"https:\/\/www.europesays.com\/fr\/wp-content\/uploads\/2025\/08\/1987b81920bbdc6e-580x326-2.jpg\" width=\"580\" height=\"326\"\/><\/p>\n<p>                    \u00ab\u00a0C&rsquo;est juste impossible pour moi\u00a0\u00bb : La maison de Karine Le Marchand \u00e0 Aix-en-Provence r\u00e9pond \u00e0 une attente pr\u00e9cise<\/p>\n<p>La suite apr\u00e8s la publicit\u00e9<\/p>\n<p>Cela fera <a href=\"https:\/\/www.purepeople.com\/article\/situation-inedite-dans-lamour-est-dans-le-pre-2025-en-20-ans-les-telespectateurs-nont-jamais-vu-ca_a532881\/1\" rel=\"nofollow noopener\" target=\"_blank\">20 ans<\/a>, le 8 septembre 2025, que M6 a diffus\u00e9 pour la toute premi\u00e8re fois sur son antenne un concept appel\u00e9 \u00e0 devenir culte\u00a0: L&rsquo;amour est dans le pr\u00e9. Si <a href=\"https:\/\/www.purepeople.com\/people\/veronique-mounier_p1922\" rel=\"nofollow noopener\" target=\"_blank\">V\u00e9ronique Mounier<\/a>, puis <a href=\"https:\/\/www.purepeople.com\/people\/alessandra-sublet_p859\" rel=\"nofollow noopener\" target=\"_blank\">Alessandra Sublet<\/a>, ont pr\u00e9sent\u00e9 les quatre premi\u00e8res saisons du programme, c&rsquo;est bien <a href=\"https:\/\/www.purepeople.com\/people\/karine-le-marchand_p340\" rel=\"nofollow noopener\" target=\"_blank\"><strong>Karine Le Marchand<\/strong><\/a>, qui en a pris les commandes depuis 2010, qui reste indissociable de <a href=\"https:\/\/www.purepeople.com\/article\/apres-mickael-et-nadia-un-autre-couple-de-lamour-est-dans-le-pre-est-en-route-pour-le-mariage_a541142\/1\" rel=\"nofollow noopener\" target=\"_blank\"><strong>la c\u00e9l\u00e8bre \u00e9mission de rencontres<\/strong><\/a>. L&rsquo;animatrice a su imposer son ton, son humour et son empathie, faisant de L&rsquo;amour est dans le pr\u00e9 <strong>l&rsquo;une des \u00e9missions les plus appr\u00e9ci\u00e9es<\/strong> du petit \u00e9cran. Pourtant, si <a href=\"https:\/\/www.purepeople.com\/article\/karine-le-marchand-fete-ses-55-ans-petit-maillot-et-dehanche-vitamine-elle-fait-passer-un-message-fort_a512782\/1\" rel=\"nofollow noopener\" target=\"_blank\">la quinquag\u00e9naire<\/a> incarne comme personne ce programme, <strong>elle n&rsquo;est pas vraiment une campagnarde<\/strong>\u00a0! C&rsquo;est elle-m\u00eame qui l&rsquo;avoue, dans le dernier num\u00e9ro de T\u00e9l\u00e9 7 Jours, paru ce lundi 11 ao\u00fbt 2025. La preuve, elle a achet\u00e9 derni\u00e8rement <a href=\"https:\/\/www.purepeople.com\/article\/maison-de-stars-karine-le-marchand-devoile-son-magnifique-mas-en-provence-apres-2-ans-et-demi-de-travaux-et-ce-n-est-pas-termine_a522830\/1\" rel=\"nofollow noopener\" target=\"_blank\">une maison dans le sud de France<\/a>, mais certainement pas au milieu des champs. Elle est en ville\u00a0!<\/p>\n<p>\u00ab\u00a0Je suis une fille de la ville, confie Karine Le Marchand \u00e0 T\u00e9l\u00e9 7 Jours. <strong>J&rsquo;ai achet\u00e9 une maison, o\u00f9 j&rsquo;ai vraiment de l&rsquo;espace, mais elle est en ville<\/strong>. A Aix-en-Provence. Vivre en plein milieu de la campagne ou de la for\u00eat, c&rsquo;est juste impossible pour moi. J&rsquo;aime y aller, mais y habiter, c&rsquo;est autre chose.\u00a0\u00bb L&rsquo;animatrice est <strong>originaire de Nancy<\/strong>, et <a href=\"https:\/\/www.purepeople.com\/article\/karine-le-marchand-et-paul-belmondo-survitamines-pour-le-marathon-de-paris_a139267\/1\" rel=\"nofollow noopener\" target=\"_blank\">elle s&rsquo;est install\u00e9e \u00e0 Paris<\/a>, lors de son ann\u00e9e de terminale, et ne l&rsquo;a plus jamais quitt\u00e9e, avait expliqu\u00e9 Lib\u00e9ration, dans un portrait qui lui \u00e9tait consacr\u00e9, en 2015. \u00ab\u00a0J&rsquo;ai ador\u00e9 venir \u00e0 Paris, poursuit-elle, dans T\u00e9l\u00e9 7 Jours. Quand je vois la r\u00e9action des candidats de L&rsquo;amour est dans le pr\u00e9 lorsqu&rsquo;ils d\u00e9barquent dans la capitale pour le tournage de certaines s\u00e9quences, qu&rsquo;ils r\u00e2lent, s&rsquo;exclament \u00a0\u00bbOh l\u00e0 l\u00e0, c&rsquo;est horrible\u00a0!\u00a0\u00bb, je comprends leurs r\u00e9actions. Mais moi, je suis venue \u00e0 Paris parce que je voulais la ville avec un grand V.\u00a0\u00bb Ce que Karine Le Marchand recherchait, c&rsquo;est \u00ab\u00a0la m\u00e9gapole, la mixit\u00e9 sociale et raciale\u00a0\u00bb. \u00ab\u00a0Tous les domaines du possible qui s&rsquo;offraient \u00e0 moi\u00a0\u00bb, assure-t-elle. \u00ab\u00a0Avant d&rsquo;arriver \u00e0 Paris, je n&rsquo;avais jamais mang\u00e9 dans un restaurant chinois, par exemple. J&rsquo;\u00e9tais hyper impressionn\u00e9e\u00a0!\u00a0\u00bb<\/p>\n<p>Une v\u00e9ritable \u00e9g\u00e9rie pour le monde agricole<\/p>\n<p>Son amour pour la grande ville n&#8217;emp\u00eache pas l&rsquo;animatrice, toutefois, d&rsquo;\u00eatre <a href=\"https:\/\/www.purepeople.com\/article\/karine-le-marchand-bloque-paris-avec-les-agriculteurs-l-animatrice-intervient-avec-un-discours-impactant_a519179\/1\" rel=\"nofollow noopener\" target=\"_blank\"><strong>tr\u00e8s proche du monde des agriculteurs<\/strong><\/a>, dont elle est devenue au fil des ann\u00e9es <a href=\"https:\/\/www.purepeople.com\/article\/karine-le-marchand-bloque-paris-avec-les-agriculteurs-sa-grande-initiative-symbolique_a519153\/1\" rel=\"nofollow noopener\" target=\"_blank\"><strong>une v\u00e9ritable \u00e9g\u00e9rie<\/strong><\/a>. Le 29 janvier 2024, Karine Le Marchand avait par exemple <a href=\"https:\/\/www.purepeople.com\/article\/karine-le-marchand-son-soutien-aux-agriculteurs-critique-elle-repond-aux-rageux_a519227\/1\" rel=\"nofollow noopener\" target=\"_blank\"><strong>soutenu le mouvement des paysans<\/strong><\/a>, sur un barrage de l&rsquo;autoroute A4, pr\u00e8s de Jossigny, en Seine et Marne. La pr\u00e9sentatrice vedette de M6 s&rsquo;est \u00e9galement fait plusieurs fois la porte-parole du secteur, notamment en 2020, o\u00f9 elle s&rsquo;\u00e9tait rendue au <a href=\"https:\/\/www.purepeople.com\/article\/karine-le-marchand-rayonnante-au-salon-de-l-agriculture-debat-et-retrouvailles_a376145\/1\" rel=\"nofollow noopener\" target=\"_blank\">Salon international de l&rsquo;agriculture<\/a>.<\/p>\n<p>D&rsquo;ailleurs, dans T\u00e9l\u00e9 7 Jours, Karine Le Marchand a confi\u00e9 qu&rsquo;il ne serait pas impossible <a href=\"https:\/\/www.purepeople.com\/article\/karine-le-marchand-pourrait-elle-tomber-amoureuse-dun-agriculteur-sa-reponse-devrait-vous-surprendre_a541311\/1\" rel=\"nofollow noopener\" target=\"_blank\"><strong>qu&rsquo;elle craque, un jour, pour un agriculteur<\/strong><\/a>\u00a0! \u00ab\u00a0Dans l&rsquo;absolu, oui, je pourrais tomber amoureuse d&rsquo;un agriculteur, indique l&rsquo;animatrice au magazine. Mais pas dans le cadre de L&rsquo;amour est dans le pr\u00e9.\u00a0\u00bb Pendant le tournage de l&rsquo;\u00e9mission star de M6, elle sait \u00ab\u00a0rester \u00e0 [sa] place\u00a0\u00bb, assure cette figure de la Six. \u00ab\u00a0Je ne suis pas dans la s\u00e9duction avec eux. D&rsquo;ailleurs, ce surnom de Tata Kaka, ce sont eux qui me l&rsquo;ont donn\u00e9, et \u00e7a indique la bonne distance.\u00a0\u00bb<\/p>\n","protected":false},"excerpt":{"rendered":"Par Louise Martin | R\u00e9dactrice Koh Lanta, Les Marseillais mais aussi Mari\u00e9s au Premier regards\u2026 Louise Martin est&hellip;\n","protected":false},"author":2,"featured_media":312188,"comment_status":"","ping_status":"","sticky":false,"template":"","format":"standard","meta":{"footnotes":""},"categories":[1356],"tags":[58,59,1011,27,252,1364],"class_list":{"0":"post-312187","1":"post","2":"type-post","3":"status-publish","4":"format-standard","5":"has-post-thumbnail","7":"category-television","8":"tag-divertissement","9":"tag-entertainment","10":"tag-fr","11":"tag-france","12":"tag-television","13":"tag-tv"},"share_on_mastodon":{"url":"https:\/\/pubeurope.com\/@fr\/115011547594393195","error":""},"_links":{"self":[{"href":"https:\/\/www.europesays.com\/fr\/wp-json\/wp\/v2\/posts\/312187","targetHints":{"allow":["GET"]}}],"collection":[{"href":"https:\/\/www.europesays.com\/fr\/wp-json\/wp\/v2\/posts"}],"about":[{"href":"https:\/\/www.europesays.com\/fr\/wp-json\/wp\/v2\/types\/post"}],"author":[{"embeddable":true,"href":"https:\/\/www.europesays.com\/fr\/wp-json\/wp\/v2\/users\/2"}],"replies":[{"embeddable":true,"href":"https:\/\/www.europesays.com\/fr\/wp-json\/wp\/v2\/comments?post=312187"}],"version-history":[{"count":0,"href":"https:\/\/www.europesays.com\/fr\/wp-json\/wp\/v2\/posts\/312187\/revisions"}],"wp:featuredmedia":[{"embeddable":true,"href":"https:\/\/www.europesays.com\/fr\/wp-json\/wp\/v2\/media\/312188"}],"wp:attachment":[{"href":"https:\/\/www.europesays.com\/fr\/wp-json\/wp\/v2\/media?parent=312187"}],"wp:term":[{"taxonomy":"category","embeddable":true,"href":"https:\/\/www.europesays.com\/fr\/wp-json\/wp\/v2\/categories?post=312187"},{"taxonomy":"post_tag","embeddable":true,"href":"https:\/\/www.europesays.com\/fr\/wp-json\/wp\/v2\/tags?post=312187"}],"curies":[{"name":"wp","href":"https:\/\/api.w.org\/{rel}","templated":true}]}}