{"id":312190,"date":"2025-08-11T18:29:12","date_gmt":"2025-08-11T18:29:12","guid":{"rendered":"https:\/\/www.europesays.com\/fr\/312190\/"},"modified":"2025-08-11T18:29:12","modified_gmt":"2025-08-11T18:29:12","slug":"de-nouveaux-details-pour-le-film-dhorreur-du-realisateur-devanouis","status":"publish","type":"post","link":"https:\/\/www.europesays.com\/fr\/312190\/","title":{"rendered":"de nouveaux d\u00e9tails pour le film d&rsquo;horreur du r\u00e9alisateur d&rsquo;\u00c9vanouis"},"content":{"rendered":"<p><strong>Alors qu\u2019<a href=\"https:\/\/www.ecranlarge.com\/films\/1465033-weapons\" data-type=\"films\" data-id=\"795491\" rel=\"nofollow noopener\" target=\"_blank\">\u00c9vanouis<\/a> confirme son statut de petit g\u00e9nie de l\u2019horreur, <a href=\"https:\/\/www.ecranlarge.com\/personnalite\/725082-zach-cregger\" data-type=\"people\" data-id=\"188109\" rel=\"nofollow noopener\" target=\"_blank\">Zach Cregger<\/a> a donn\u00e9 des nouvelles de son reboot de <a href=\"https:\/\/www.ecranlarge.com\/films\/untitled-resident-evil-reboot\" data-type=\"films\" data-id=\"1295903\" rel=\"nofollow noopener\" target=\"_blank\">Resident Evil<\/a>.<\/strong> <\/p>\n<p>Si la saga de jeux vid\u00e9o <strong>Resident Evil<\/strong> s\u2019est perdue dans les limbes de l\u2019action-nanar au d\u00e9triment de ses origines horrifiques, les adaptations au cin\u00e9ma par Paul W.S. Anderson n\u2019ont pas vraiment aid\u00e9. Entre Milla Jovovich qui fait des cabrioles \u00e0 la<strong> Matrix <\/strong>et des sc\u00e9narios \u00e0 la zob bourr\u00e9s de clones et de retournements de situation de soap opera, les frissons ont vite laiss\u00e9 place \u00e0 du grand n\u2019importe quoi au ralenti. Les jeux ont bien essay\u00e9 de revenir \u00e0 la source des premiers titres de Capcom, fait de hors-champ, de personnages lourds et de faibles munitions avec <strong>Resident Evil 7<\/strong>, tandis que le septi\u00e8me art a p\u00e9niblement tent\u00e9 un reboot plus fid\u00e8le mais chiant (<strong>Bienvenue \u00e0 Raccoon City<\/strong>). <\/p>\n<p>                    <img decoding=\"async\" alt=\"\" class=\"wp-image-518375\" style=\"object-fit:cover;width:25px;height:25px\" src=\"https:\/\/www.ecranlarge.com\/content\/uploads\/2023\/09\/arrow-right-circle.svg\"\/><\/p>\n<p>D\u00e8s lors, on ne peut qu\u2019\u00eatre ravis de voir Zach Cregger prendre les r\u00eanes d\u2019un reboot. Alors que son film <strong>\u00c9vanouis<\/strong> est en train de cartonner au box-office, le cin\u00e9aste s\u2019impose comme le nouveau petit prince de l\u2019horreur depuis la surprise que fut <strong>Barbare<\/strong>. Cregger a lui-m\u00eame \u00e9crit <strong>\u00c9vanouis<\/strong>, et a provoqu\u00e9 une guerre des ench\u00e8res pour les droits de son sc\u00e9nario, donc on est forc\u00e9ment curieux de savoir ce qu\u2019il r\u00e9serve \u00e0 <strong>Resident Evil<\/strong>. Et<strong> il a donn\u00e9 de nouvelles informations \u00e0 ce sujet<\/strong>. <\/p>\n<p><img loading=\"lazy\" decoding=\"async\" width=\"1200\" height=\"800\" alt=\"milla jovovich resident evil retribution\" src=\"https:\/\/www.europesays.com\/fr\/wp-content\/uploads\/2025\/08\/20132331.jpg\"  \/><\/p>\n<p>Finies les conneriesRe-re-resident Evil<\/p>\n<p>En pleine promotion pour <strong>\u00c9vanouis<\/strong>, Cregger est revenu aupr\u00e8s d\u2019Inverse sur ce qui sera son prochain film. Le r\u00e9alisateur avait d\u00e9j\u00e0 exprim\u00e9 que son rapport \u00e0 la fid\u00e9lit\u00e9 du mat\u00e9riau de base s\u2019exprimerait avant tout par <a href=\"https:\/\/www.ecranlarge.com\/films\/news\/resident-evil-remake-histoire-jeux-horreur\" data-type=\"link\" data-id=\"https:\/\/www.ecranlarge.com\/films\/news\/resident-evil-remake-histoire-jeux-horreur\" rel=\"nofollow noopener\" target=\"_blank\">une retranscription des \u00e9motions fortes du gameplay<\/a>. Cette fois, il a pr\u00e9cis\u00e9 que son film existerait <strong>\u00ab\u00a0au-del\u00e0 des personnages des jeux\u00a0\u00bb<\/strong>. <\/p>\n<blockquote class=\"wp-block-quote is-layout-flow wp-block-quote-is-layout-flow\">\n<p><strong>\u00ab\u00a0Laissez-moi dire ceci : \u00e7a ne brisera pas les r\u00e8gles des jeux. Je suis le plus grand admirateur des jeux, donc je vais raconter une histoire qui sera une lettre d\u2019amour aux jeux et qui suivra les r\u00e8gles des jeux. [\u2026] Ce sera raccord avec le lore des jeux, c\u2019est juste une histoire diff\u00e9rente. Je ne vais pas raconter l\u2019histoire de Leon [S. Kennedy], parce que cette histoire est racont\u00e9e dans les jeux. Les fans ont d\u00e9j\u00e0 vu \u00e7a.\u00a0\u00bb<\/strong><\/p>\n<\/blockquote>\n<p><a href=\"https:\/\/www.ecranlarge.com\/content\/uploads\/2024\/09\/3456un5gp4ywrfodr9oc9byszdx.jpg\" rel=\"nofollow noopener\" target=\"_blank\"><\/p>\n<p><img loading=\"lazy\" decoding=\"async\" alt=\"Resident Evil : Bienvenue \u00e0 Raccoon City\" src=\"https:\/\/www.europesays.com\/fr\/wp-content\/uploads\/2025\/08\/3456un5gp4ywrfodr9oc9byszdx-630x354.jpg\" width=\"630\" height=\"354\"  \/><\/p>\n<p><\/a>Finies les conneries (bis)<\/p>\n<p>Le nouveau <strong>Resident Evil<\/strong> devrait donc proposer quelque chose d\u2019\u00e9tonnamment similaire aux films de Paul W.S. Anderson, qui avaient invent\u00e9 pour l\u2019occasion le personnage d\u2019Alice (Milla Jovovich), petit \u00e0 petit entour\u00e9e des personnages des jeux. Cregger cite Leon car il s\u2019agit d\u2019un des personnages les plus ador\u00e9s de la saga <strong>Resident Evil<\/strong>. Inverse a demand\u00e9 au r\u00e9alisateur s\u2019il ne craignait pas la d\u00e9ception de certains fans, ce \u00e0 quoi il a r\u00e9pondu : <strong>\u00ab\u00a0Ils peuvent jouer aux jeux\u00a0\u00bb<\/strong>.<\/p>\n<p><strong>Barbare<\/strong> et <strong>\u00c9vanouis<\/strong> se sont tous les deux repos\u00e9s sur leur sens du myst\u00e8re, avec succ\u00e8s en ce qui concerne leur r\u00e9ception critique et publique. Le casting de ce nouveau <strong>Resident Evil<\/strong> n\u2019est pas encore officiel, mais <a href=\"https:\/\/www.ecranlarge.com\/personnalite\/998981-austin-abrams\" data-type=\"people\" data-id=\"478385\" rel=\"nofollow noopener\" target=\"_blank\">Austin Abrams<\/a> (<strong>Euphoria<\/strong>, et qui joue le personnage d\u2019Anthony dans <strong>\u00c9vanouis<\/strong>) est pressenti pour l\u2019un des r\u00f4les principaux. Le film est co-\u00e9crit par Zach Cregger et Shay Hatten (<strong>Army of the Dead, Rebel Moon<\/strong>), et est pr\u00e9vu pour sortir dans les salles fran\u00e7aises le 16 septembre 2026. <\/p>\n","protected":false},"excerpt":{"rendered":"Alors qu\u2019\u00c9vanouis confirme son statut de petit g\u00e9nie de l\u2019horreur, Zach Cregger a donn\u00e9 des nouvelles de son&hellip;\n","protected":false},"author":2,"featured_media":312191,"comment_status":"","ping_status":"","sticky":false,"template":"","format":"standard","meta":{"footnotes":""},"categories":[1354],"tags":[58,59,1346,1011,27,1360],"class_list":{"0":"post-312190","1":"post","2":"type-post","3":"status-publish","4":"format-standard","5":"has-post-thumbnail","7":"category-films","8":"tag-divertissement","9":"tag-entertainment","10":"tag-films","11":"tag-fr","12":"tag-france","13":"tag-movies"},"share_on_mastodon":{"url":"https:\/\/pubeurope.com\/@fr\/115011555503973719","error":""},"_links":{"self":[{"href":"https:\/\/www.europesays.com\/fr\/wp-json\/wp\/v2\/posts\/312190","targetHints":{"allow":["GET"]}}],"collection":[{"href":"https:\/\/www.europesays.com\/fr\/wp-json\/wp\/v2\/posts"}],"about":[{"href":"https:\/\/www.europesays.com\/fr\/wp-json\/wp\/v2\/types\/post"}],"author":[{"embeddable":true,"href":"https:\/\/www.europesays.com\/fr\/wp-json\/wp\/v2\/users\/2"}],"replies":[{"embeddable":true,"href":"https:\/\/www.europesays.com\/fr\/wp-json\/wp\/v2\/comments?post=312190"}],"version-history":[{"count":0,"href":"https:\/\/www.europesays.com\/fr\/wp-json\/wp\/v2\/posts\/312190\/revisions"}],"wp:featuredmedia":[{"embeddable":true,"href":"https:\/\/www.europesays.com\/fr\/wp-json\/wp\/v2\/media\/312191"}],"wp:attachment":[{"href":"https:\/\/www.europesays.com\/fr\/wp-json\/wp\/v2\/media?parent=312190"}],"wp:term":[{"taxonomy":"category","embeddable":true,"href":"https:\/\/www.europesays.com\/fr\/wp-json\/wp\/v2\/categories?post=312190"},{"taxonomy":"post_tag","embeddable":true,"href":"https:\/\/www.europesays.com\/fr\/wp-json\/wp\/v2\/tags?post=312190"}],"curies":[{"name":"wp","href":"https:\/\/api.w.org\/{rel}","templated":true}]}}