{"id":312192,"date":"2025-08-11T18:30:12","date_gmt":"2025-08-11T18:30:12","guid":{"rendered":"https:\/\/www.europesays.com\/fr\/312192\/"},"modified":"2025-08-11T18:30:12","modified_gmt":"2025-08-11T18:30:12","slug":"si-vous-etes-sous-anti-depresseurs-faites-attention-a-cet-effet-indesirable-peu-connu-en-cas-de-forte-chaleur","status":"publish","type":"post","link":"https:\/\/www.europesays.com\/fr\/312192\/","title":{"rendered":"si vous \u00eates sous anti-d\u00e9presseurs, faites attention \u00e0 cet effet ind\u00e9sirable peu connu, en cas de forte chaleur"},"content":{"rendered":"<p>Sous antid\u00e9presseurs, les fortes chaleurs peuvent augmenter les risques de d\u00e9shydratation et d\u2019effets ind\u00e9sirables. Il est crucial d\u2019adopter des gestes simples pour prot\u00e9ger sa sant\u00e9 cet \u00e9t\u00e9, tout en poursuivant son traitement en toute s\u00e9curit\u00e9.<\/p>\n<p>En France, plus de 4,4 millions de personnes prenaient des <strong>antid\u00e9presseurs <\/strong>en 2021. Ces m\u00e9dicaments sont prescrits pour soulager les sympt\u00f4mes de la d\u00e9pression, comme la tristesse intense ou le ralentissement moteur. Ils peuvent accompagner une psychoth\u00e9rapie afin d\u2019am\u00e9liorer la qualit\u00e9 de vie des patients. Mais alors que les vagues de chaleur deviennent plus fr\u00e9quentes, la prudence s\u2019impose. Certains traitements, dont les antid\u00e9presseurs, peuvent interagir avec les conditions climatiques extr\u00eames et avoir des <strong>effets ind\u00e9sirables insoup\u00e7onn\u00e9s<\/strong>, parfois graves, si des mesures de pr\u00e9vention ne sont pas respect\u00e9es.<\/p>\n<p> \t\t\t  Antid\u00e9presseurs et fortes chaleurs : attention aux effets ind\u00e9sirables   Un contexte marqu\u00e9 par la chaleur et la sant\u00e9 mentale  <\/p>\n<p>D\u2019apr\u00e8s <a href=\"https:\/\/www.femmeactuelle.fr\/sante\/news-sante\/antidepresseurs-et-fortes-chaleurs-cet-effet-indesirable-a-connaitre-2195305\" target=\"_blank\" rel=\"noopener nofollow\">Femme Actuelle<\/a>, En France, plus de 4,4 millions de personnes prenaient des antid\u00e9presseurs en 2021. Ces m\u00e9dicaments sont prescrits pour soulager <strong>les sympt\u00f4mes de la d\u00e9pression<\/strong>, comme la tristesse intense ou le ralentissement moteur. Ils peuvent accompagner une psychoth\u00e9rapie afin d\u2019am\u00e9liorer <strong>la qualit\u00e9 de vie des patients<\/strong>. Mais alors que les vagues de chaleur deviennent plus fr\u00e9quentes, la prudence s\u2019impose. Certains traitements, dont les antid\u00e9presseurs, peuvent interagir avec les conditions climatiques extr\u00eames et avoir des effets ind\u00e9sirables insoup\u00e7onn\u00e9s, parfois graves, si des mesures de pr\u00e9vention ne sont pas respect\u00e9es.<\/p>\n<p>     Les effets des antid\u00e9presseurs sur l\u2019organisme  <\/p>\n<p><a href=\"https:\/\/www.pleinevie.fr\/sante\/ces-medicaments-courants-deviennent-dangereux-apres-65-ans-voici-ceux-que-la-haute-autorite-de-sante-recommande-deviter-158290.html\" target=\"_blank\" rel=\"noopener nofollow\">Les antid\u00e9presseurs<\/a> agissent sur la chimie c\u00e9r\u00e9brale, notamment les neurotransmetteurs comme la s\u00e9rotonine, afin de r\u00e9guler l\u2019humeur et r\u00e9duire les sympt\u00f4mes d\u00e9pressifs. Mais ils ne se limitent pas au cerveau car certains peuvent aussi <strong>modifier le fonctionnement<\/strong> d\u2019autres syst\u00e8mes du corps. Par exemple, ils influencent parfois <strong>la thermor\u00e9gulation<\/strong>, la sudation et l\u2019hydratation. Ces effets passent souvent inaper\u00e7us au quotidien. Cependant, lorsqu\u2019ils sont combin\u00e9s \u00e0 des temp\u00e9ratures \u00e9lev\u00e9es, ils peuvent fragiliser l\u2019organisme, le rendant plus vuln\u00e9rable \u00e0 la chaleur et augmentant le risque de coup de chaleur ou de d\u00e9shydratation s\u00e9v\u00e8re.<\/p>\n<p>  Les risques en p\u00e9riode de fortes chaleurs  <\/p>\n<p>Lors d\u2019\u00e9pisodes de canicule, le corps doit dissiper un exc\u00e8s de chaleur pour maintenir une temp\u00e9rature interne stable. Or, certains antid\u00e9presseurs peuvent perturber <strong>cette r\u00e9gulation<\/strong>. Ils r\u00e9duisent parfois la sensation de soif, entra\u00eenent une diminution de la transpiration ou affectent la circulation sanguine. Le corps \u00e9vacue moins bien la chaleur, ce qui accro\u00eet le risque de <strong>d\u00e9shydratation et de surchauffe<\/strong>. Pour les personnes \u00e2g\u00e9es, fragiles ou souffrantes de maladies chroniques, ce danger est encore plus important, rendant l\u2019adoption de gestes pr\u00e9ventifs absolument indispensable.<\/p>\n<p>     Comment prot\u00e9ger sa sant\u00e9 et \u00e9viter la d\u00e9shydratation en p\u00e9riode de canicule avec un traitement antid\u00e9presseur   L\u2019alerte des professionnels de sant\u00e9  <\/p>\n<p>Sur Instagram, la psychiatre C\u00e9cile Feltin (@psychiatrie.sans.filtre) rappelle que les patients sous antid\u00e9presseurs doivent \u00eatre particuli\u00e8rement vigilants pendant <strong>les fortes chaleurs<\/strong>. Elle insiste sur l\u2019importance de reconna\u00eetre les signes pr\u00e9coces de d\u00e9shydratation ou de coup de chaleur. Fatigue inhabituelle, maux de t\u00eate, confusion, <a href=\"https:\/\/www.pleinevie.fr\/sante\/ces-medicaments-sont-a-risque-88-traitements-dangereux-sont-vendus-en-france-141106.html\" target=\"_blank\" rel=\"noopener nofollow\">\u00e9tourdissements<\/a>, s\u00e9cheresse buccale. La professionnelle recommande de consulter rapidement en cas de sympt\u00f4mes, surtout si <strong>la prise m\u00e9dicamenteuse<\/strong> est r\u00e9cente ou si les doses ont \u00e9t\u00e9 modifi\u00e9es. Elle rappelle que l\u2019autom\u00e9dication est \u00e0 proscrire et que seul un suivi m\u00e9dical adapt\u00e9 permet d\u2019\u00e9viter les complications.<\/p>\n<p>  Les bons r\u00e9flexes \u00e0 adopter  <\/p>\n<p>Pour limiter les risques, <a href=\"https:\/\/www.pleinevie.fr\/bien-etre-forme\/psycho\/ce-sentiment-peu-agreable-et-que-beaucoup-ignorent-peut-cacher-une-depression-130173.html\" target=\"_blank\" rel=\"noopener nofollow\">les patients<\/a> prenant des antid\u00e9presseurs doivent renforcer leur vigilance. Cela passe par une <strong>hydratation r\u00e9guli\u00e8re<\/strong>, m\u00eame en l\u2019absence de soif, le port de v\u00eatements l\u00e9gers et amples, ainsi que l\u2019\u00e9vitement des sorties aux heures les plus chaudes. Il est aussi conseill\u00e9 de <strong>rafra\u00eechir r\u00e9guli\u00e8rement son corps<\/strong> avec de l\u2019eau et de maintenir son logement au frais. En cas de doute sur l\u2019effet du traitement face \u00e0 la chaleur, mieux vaut en parler \u00e0 son m\u00e9decin ou son pharmacien, qui pourra adapter les recommandations.<\/p>\n<p>     Pr\u00e9server sa sant\u00e9 mentale et physique  <\/p>\n<p>Les antid\u00e9presseurs sont essentiels pour de nombreuses personnes souffrant de d\u00e9pression, mais leur prise n\u00e9cessite une attention particuli\u00e8re lors des canicules. Il ne s\u2019agit pas d\u2019arr\u00eater le traitement, mais de l\u2019accompagner de <strong>mesures protectrices<\/strong> adapt\u00e9es aux conditions m\u00e9t\u00e9orologiques. Conna\u00eetre les effets possibles sur la thermor\u00e9gulation permet <strong>d\u2019anticiper les risques et d\u2019\u00e9viter les accidents<\/strong> li\u00e9s \u00e0 la chaleur. En alliant suivi m\u00e9dical, pr\u00e9cautions quotidiennes et bonne hygi\u00e8ne de vie, il est possible de pr\u00e9server \u00e0 la fois son \u00e9quilibre psychologique et sa s\u00e9curit\u00e9 physique pendant les p\u00e9riodes de fortes temp\u00e9ratures.<\/p>\n","protected":false},"excerpt":{"rendered":"Sous antid\u00e9presseurs, les fortes chaleurs peuvent augmenter les risques de d\u00e9shydratation et d\u2019effets ind\u00e9sirables. Il est crucial d\u2019adopter&hellip;\n","protected":false},"author":2,"featured_media":312193,"comment_status":"","ping_status":"","sticky":false,"template":"","format":"standard","meta":{"footnotes":""},"categories":[10],"tags":[1011,27,72,71],"class_list":{"0":"post-312192","1":"post","2":"type-post","3":"status-publish","4":"format-standard","5":"has-post-thumbnail","7":"category-sante","8":"tag-fr","9":"tag-france","10":"tag-health","11":"tag-sante"},"share_on_mastodon":{"url":"https:\/\/pubeurope.com\/@fr\/115011559331394934","error":""},"_links":{"self":[{"href":"https:\/\/www.europesays.com\/fr\/wp-json\/wp\/v2\/posts\/312192","targetHints":{"allow":["GET"]}}],"collection":[{"href":"https:\/\/www.europesays.com\/fr\/wp-json\/wp\/v2\/posts"}],"about":[{"href":"https:\/\/www.europesays.com\/fr\/wp-json\/wp\/v2\/types\/post"}],"author":[{"embeddable":true,"href":"https:\/\/www.europesays.com\/fr\/wp-json\/wp\/v2\/users\/2"}],"replies":[{"embeddable":true,"href":"https:\/\/www.europesays.com\/fr\/wp-json\/wp\/v2\/comments?post=312192"}],"version-history":[{"count":0,"href":"https:\/\/www.europesays.com\/fr\/wp-json\/wp\/v2\/posts\/312192\/revisions"}],"wp:featuredmedia":[{"embeddable":true,"href":"https:\/\/www.europesays.com\/fr\/wp-json\/wp\/v2\/media\/312193"}],"wp:attachment":[{"href":"https:\/\/www.europesays.com\/fr\/wp-json\/wp\/v2\/media?parent=312192"}],"wp:term":[{"taxonomy":"category","embeddable":true,"href":"https:\/\/www.europesays.com\/fr\/wp-json\/wp\/v2\/categories?post=312192"},{"taxonomy":"post_tag","embeddable":true,"href":"https:\/\/www.europesays.com\/fr\/wp-json\/wp\/v2\/tags?post=312192"}],"curies":[{"name":"wp","href":"https:\/\/api.w.org\/{rel}","templated":true}]}}