{"id":312199,"date":"2025-08-11T18:34:11","date_gmt":"2025-08-11T18:34:11","guid":{"rendered":"https:\/\/www.europesays.com\/fr\/312199\/"},"modified":"2025-08-11T18:34:11","modified_gmt":"2025-08-11T18:34:11","slug":"cette-astuce-economique-et-efficace-met-fin-a-la-canicule-chez-vous","status":"publish","type":"post","link":"https:\/\/www.europesays.com\/fr\/312199\/","title":{"rendered":"cette astuce \u00e9conomique et efficace met fin \u00e0 la canicule chez vous"},"content":{"rendered":"<p>La canicule s\u2019installe en France, et cette ann\u00e9e, elle frappe fort. Si vous \u00eates en train de transpirer \u00e0 grosses gouttes, vous n\u2019\u00eates pas seul ! Les temp\u00e9ratures d\u00e9passent les 40\u00b0C dans certaines r\u00e9gions, et l\u2019air chaud s\u2019accroche \u00e0 chaque recoin. Les alertes m\u00e9t\u00e9o tombent, les d\u00e9partements se colorent en rouge et orange, et nous, on cherche tous un moyen de survivre \u00e0 cette fournaise. <\/p>\n<p>La chaleur accablante rend tout plus difficile : dormir, travailler, m\u00eame respirer devient un challenge. Heureusement, il existe une astuce ing\u00e9nieuse, \u00e0 la fois simple et efficace, pour abaisser la temp\u00e9rature chez soi. Mais avant de vous la d\u00e9voiler, faisons un petit tour d\u2019horizon sur cette vague de chaleur qui s\u2019abat sur nous.<\/p>\n<p>Quand le thermom\u00e8tre grimpe\u2026 la panique aussi<\/p>\n<p>Les pr\u00e9visions m\u00e9t\u00e9o ne sont pas claires, et pourtant, une chose est s\u00fbre : la canicule a bien d\u00e9cid\u00e9 de s\u2019installer durablement. Avec des temp\u00e9ratures flirtant avec les 40\u00b0C, surtout dans le Sud, chaque d\u00e9placement devient une \u00e9preuve. On cherche des solutions, mais l\u2019ennemi est invisible et partout. Si vous avez de la chance d\u2019\u00eatre pr\u00e8s de la mer ou des montagnes, c\u2019est un petit r\u00e9pit, mais pour beaucoup, la chaleur est omnipr\u00e9sente. Et qu\u2019on parle de l\u2019asphalte qui d\u00e9gage une chaleur infernale, ou des b\u00e2timents qui retiennent la chaleur comme des fours, il est difficile de se d\u00e9tendre. M\u00eame les nuits sont \u00e9touffantes, avec des temp\u00e9ratures qui ne descendent jamais sous les 25\u00b0C, for\u00e7ant \u00e0 passer des nuits blanches sous des draps moites.<\/p>\n<p>La climatisation, c\u2019est bien, mais pas pour tout le monde<\/p>\n<p>Ah, la <a href=\"https:\/\/www.be.com\/actualites\/geste-ventilateur-plus-frais-clim-230211.html\" data-type=\"post\" data-id=\"230211\" rel=\"nofollow noopener\" target=\"_blank\">clim\u2019<\/a>\u2026 Ce doux r\u00eave qui semble si loin pour ceux qui n\u2019en ont pas. Et soyons r\u00e9alistes : tout le monde ne peut pas se permettre de maintenir une climatisation en marche 24 heures sur 24, surtout quand la facture d\u2019\u00e9lectricit\u00e9 grimpe \u00e0 une vitesse folle. Et ne parlons m\u00eame pas de son impact environnemental ! La question se pose alors : comment faire pour garder une maison fra\u00eeche sans se ruiner ? Heureusement, il existe des alternatives simples et \u00e9conomiques. Pas besoin d\u2019investir dans un syst\u00e8me co\u00fbteux et \u00e9nergivore. Non, il suffit parfois de faire preuve de cr\u00e9ativit\u00e9 et de jouer avec les lois de la physique\u2026 C\u2019est l\u00e0 qu\u2019une petite astuce entre en jeu.<\/p>\n<p>Un ventilateur et\u2026 de la glace ? Le combo gagnant<\/p>\n<p>Il existe une technique que les Espagnols utilisent depuis des ann\u00e9es pour rafra\u00eechir l\u2019air, et croyez-nous, elle fonctionne ! Bien plus que de simples gla\u00e7ons dans un verre, cette astuce vous permet de rafra\u00eechir toute une pi\u00e8ce sans trop d\u2019effort. Vous avez besoin de quelques bouteilles d\u2019eau et de votre cong\u00e9lateur. Simple, non ? La magie op\u00e8re gr\u00e2ce \u00e0 la convection naturelle : l\u2019air froid g\u00e9n\u00e9r\u00e9 par les bouteilles glac\u00e9es descend, tandis que l\u2019air chaud monte. Un ventilateur positionn\u00e9 devant ces bouteilles pourra diffuser un air bien plus frais que celui qu\u2019il brasserait normalement. Pas de factures sal\u00e9es, pas de pollution, juste un petit coup de frais. \u00c0 tester absolument, et qui sait, cela pourrait bien devenir votre nouvelle arme secr\u00e8te contre les vagues de chaleur.<\/p>\n<p>La solution qui ne co\u00fbte presque rien<\/p>\n<p>Dans un monde o\u00f9 tout devient plus cher, il est important de trouver des solutions \u00e9conomiques. Pas besoin de d\u00e9penser des centaines d\u2019euros dans un climatiseur, cette technique simple vous permet de r\u00e9duire la temp\u00e9rature de votre pi\u00e8ce \u00e0 moindres frais. En quelques heures, vous pouvez transformer votre espace en un lieu beaucoup plus agr\u00e9able et respirable. Bien s\u00fbr, ce n\u2019est pas une solution miracle pour combattre la canicule tout au long de l\u2019\u00e9t\u00e9, mais pour quelques heures de fra\u00eecheur, c\u2019est d\u00e9j\u00e0 un vrai soulagement. Alors, pr\u00eat \u00e0 mettre la technique \u00e0 l\u2019\u00e9preuve ?<\/p>\n","protected":false},"excerpt":{"rendered":"La canicule s\u2019installe en France, et cette ann\u00e9e, elle frappe fort. Si vous \u00eates en train de transpirer&hellip;\n","protected":false},"author":2,"featured_media":312200,"comment_status":"","ping_status":"","sticky":false,"template":"","format":"standard","meta":{"footnotes":""},"categories":[6],"tags":[35,33,34,1011,27],"class_list":{"0":"post-312199","1":"post","2":"type-post","3":"status-publish","4":"format-standard","5":"has-post-thumbnail","7":"category-economie","8":"tag-business","9":"tag-economie","10":"tag-economy","11":"tag-fr","12":"tag-france"},"share_on_mastodon":{"url":"https:\/\/pubeurope.com\/@fr\/115011575133877704","error":""},"_links":{"self":[{"href":"https:\/\/www.europesays.com\/fr\/wp-json\/wp\/v2\/posts\/312199","targetHints":{"allow":["GET"]}}],"collection":[{"href":"https:\/\/www.europesays.com\/fr\/wp-json\/wp\/v2\/posts"}],"about":[{"href":"https:\/\/www.europesays.com\/fr\/wp-json\/wp\/v2\/types\/post"}],"author":[{"embeddable":true,"href":"https:\/\/www.europesays.com\/fr\/wp-json\/wp\/v2\/users\/2"}],"replies":[{"embeddable":true,"href":"https:\/\/www.europesays.com\/fr\/wp-json\/wp\/v2\/comments?post=312199"}],"version-history":[{"count":0,"href":"https:\/\/www.europesays.com\/fr\/wp-json\/wp\/v2\/posts\/312199\/revisions"}],"wp:featuredmedia":[{"embeddable":true,"href":"https:\/\/www.europesays.com\/fr\/wp-json\/wp\/v2\/media\/312200"}],"wp:attachment":[{"href":"https:\/\/www.europesays.com\/fr\/wp-json\/wp\/v2\/media?parent=312199"}],"wp:term":[{"taxonomy":"category","embeddable":true,"href":"https:\/\/www.europesays.com\/fr\/wp-json\/wp\/v2\/categories?post=312199"},{"taxonomy":"post_tag","embeddable":true,"href":"https:\/\/www.europesays.com\/fr\/wp-json\/wp\/v2\/tags?post=312199"}],"curies":[{"name":"wp","href":"https:\/\/api.w.org\/{rel}","templated":true}]}}