{"id":312205,"date":"2025-08-11T18:37:10","date_gmt":"2025-08-11T18:37:10","guid":{"rendered":"https:\/\/www.europesays.com\/fr\/312205\/"},"modified":"2025-08-11T18:37:10","modified_gmt":"2025-08-11T18:37:10","slug":"un-touriste-suisse-se-fait-voler-sa-montre-a-200-000-euros-les-policiers-la-retrouvent-sous-une-voiture","status":"publish","type":"post","link":"https:\/\/www.europesays.com\/fr\/312205\/","title":{"rendered":"un touriste suisse se fait voler sa montre \u00e0 200.000 euros, les policiers la retrouvent sous une voiture"},"content":{"rendered":"<p>Ce touriste circulait en voiture dans le deuxi\u00e8me arrondissement de Marseille lorsque deux individus sur un deux-roues sont parvenus \u00e0 lui arracher la montre de luxe qu\u2019il portait au poignet.<\/p>\n<p class=\"fig-paragraph\">Le s\u00e9jour \u00e0 Marseille aura un arri\u00e8re-go\u00fbt amer pour ce touriste suisse. Samedi vers 19 heures, cet automobiliste s\u2019est fait voler la\u00a0<a href=\"http:\/\/www.lefigaro.fr\/nice\/a-cannes-la-lutte-sans-fin-contre-les-voleurs-de-montres-de-luxe-20250520\" data-fig-type=\"NewsFlash\" data-gtm-custom-categorie=\"navigation\" data-gtm-custom-action=\"crossclick\" data-gtm-custom-label=\"Contextuel\" data-gtm-event=\"customEventSPE\" data-fig-domain=\"LEFIGARO\" target=\"_blank\" rel=\"noopener\">montre de luxe<\/a>\u00a0qu\u2019il portait au poignet par deux individus alors qu\u2019il roulait sur le boulevard des Dames, dans le deuxi\u00e8me arrondissement de Marseille, a appris Le Figaro de sources concordantes, confirmant une information initiale de\u00a0<a href=\"https:\/\/www.laprovence.com\/article\/faits-divers-justice\/1561970032360414\/arrachee-a-un-touriste-suisse-une-montre-richard-mille-a-plus-de-200-000e-est-retrouvee-sous-une-voiture-par-la-police-municipale\" target=\"_blank\" rel=\"sponsored noopener\" data-gtm-custom-categorie=\"navigation\" data-gtm-custom-action=\"crossclick\" data-gtm-custom-label=\"Contextuel\" data-gtm-event=\"customEventSPE\">La Provence.\u00a0<\/a><\/p>\n<p class=\"fig-paragraph\">Les deux voleurs roulaient en deux-roues quand ils sont parvenus \u00e0 p\u00e9n\u00e9trer \u00e0 l\u2019int\u00e9rieur de la voiture dans le but de d\u00e9rober cette montre estim\u00e9e \u00e0 200.000 euros.<\/p>\n<p>                                    <a class=\"fig-a11y-skip a11y-hidden\" href=\"#fig-a11y-skip-main-inarticle\"><br \/>\n        Passer la publicit\u00e9<br \/>\n    <\/a><\/p>\n<p>Deux suspects interpell\u00e9s<\/p>\n<p class=\"fig-paragraph\">Mais des agents de la brigade de nuit de la police municipale de Marseille sont alors intervenus et ont r\u00e9ussi \u00e0 interpeller le conducteur du deux-roues. Toutefois, le passager a pris la fuite avec le pr\u00e9cieux butin.<\/p>\n<p class=\"fig-paragraph\">\u00c0 l\u2019aide des op\u00e9rateurs du centre de supervision urbain de Marseille, le second suspect a \u00e9t\u00e9 g\u00e9olocalis\u00e9 puis interpell\u00e9 un peu plus tard, toujours dans le deuxi\u00e8me arrondissement de Marseille. Gr\u00e2ce aux cam\u00e9ras de vid\u00e9osurveillance, les policiers municipaux ont \u00e9galement retrouv\u00e9 la montre sous une voiture stationn\u00e9e. Une plainte a \u00e9t\u00e9 d\u00e9pos\u00e9e par la victime.<\/p>\n","protected":false},"excerpt":{"rendered":"Ce touriste circulait en voiture dans le deuxi\u00e8me arrondissement de Marseille lorsque deux individus sur un deux-roues sont&hellip;\n","protected":false},"author":2,"featured_media":312206,"comment_status":"","ping_status":"","sticky":false,"template":"","format":"standard","meta":{"footnotes":""},"categories":[2],"tags":[11,1011,27,15422,12,2872,1175],"class_list":{"0":"post-312205","1":"post","2":"type-post","3":"status-publish","4":"format-standard","5":"has-post-thumbnail","7":"category-actualites","8":"tag-actualites","9":"tag-fr","10":"tag-france","11":"tag-montre","12":"tag-news","13":"tag-police-municipale","14":"tag-vol"},"share_on_mastodon":{"url":"https:\/\/pubeurope.com\/@fr\/115011586821744359","error":""},"_links":{"self":[{"href":"https:\/\/www.europesays.com\/fr\/wp-json\/wp\/v2\/posts\/312205","targetHints":{"allow":["GET"]}}],"collection":[{"href":"https:\/\/www.europesays.com\/fr\/wp-json\/wp\/v2\/posts"}],"about":[{"href":"https:\/\/www.europesays.com\/fr\/wp-json\/wp\/v2\/types\/post"}],"author":[{"embeddable":true,"href":"https:\/\/www.europesays.com\/fr\/wp-json\/wp\/v2\/users\/2"}],"replies":[{"embeddable":true,"href":"https:\/\/www.europesays.com\/fr\/wp-json\/wp\/v2\/comments?post=312205"}],"version-history":[{"count":0,"href":"https:\/\/www.europesays.com\/fr\/wp-json\/wp\/v2\/posts\/312205\/revisions"}],"wp:featuredmedia":[{"embeddable":true,"href":"https:\/\/www.europesays.com\/fr\/wp-json\/wp\/v2\/media\/312206"}],"wp:attachment":[{"href":"https:\/\/www.europesays.com\/fr\/wp-json\/wp\/v2\/media?parent=312205"}],"wp:term":[{"taxonomy":"category","embeddable":true,"href":"https:\/\/www.europesays.com\/fr\/wp-json\/wp\/v2\/categories?post=312205"},{"taxonomy":"post_tag","embeddable":true,"href":"https:\/\/www.europesays.com\/fr\/wp-json\/wp\/v2\/tags?post=312205"}],"curies":[{"name":"wp","href":"https:\/\/api.w.org\/{rel}","templated":true}]}}