{"id":312207,"date":"2025-08-11T18:38:21","date_gmt":"2025-08-11T18:38:21","guid":{"rendered":"https:\/\/www.europesays.com\/fr\/312207\/"},"modified":"2025-08-11T18:38:21","modified_gmt":"2025-08-11T18:38:21","slug":"chez-les-cherki-pere-et-fils-travaillent-ensemble-depuis-10-ans","status":"publish","type":"post","link":"https:\/\/www.europesays.com\/fr\/312207\/","title":{"rendered":"chez les Cherki, p\u00e8re et fils travaillent ensemble depuis 10 ans"},"content":{"rendered":"<p>Si la boutique de Larbi Cherki est sp\u00e9cialis\u00e9e en vestes de c\u00e9r\u00e9monie et costumes sur mesure depuis ses d\u00e9buts, Incognito, l\u2019enseigne de son fils Yannis, proposait jusqu\u2019en 2014 des v\u00eatements plus d\u00e9contract\u00e9s, notamment des vestes. \u00ab\u00a0On s\u2019est finalement recentr\u00e9s sur ce qu\u2019on faisait de mieux\u00a0\u00bb, confie Yannis Cherki.<\/p>\n<p>Aujourd\u2019hui, p\u00e8re et fils exposent un large choix de&#8230;<\/p>\n","protected":false},"excerpt":{"rendered":"Si la boutique de Larbi Cherki est sp\u00e9cialis\u00e9e en vestes de c\u00e9r\u00e9monie et costumes sur mesure depuis ses&hellip;\n","protected":false},"author":2,"featured_media":312208,"comment_status":"","ping_status":"","sticky":false,"template":"","format":"standard","meta":{"footnotes":""},"categories":[9653],"tags":[1111,11,2430,4406,33,7539,1777,674,1011,27,12,25,4001,7538],"class_list":{"0":"post-312207","1":"post","2":"type-post","3":"status-publish","4":"format-standard","5":"has-post-thumbnail","7":"category-saint-etienne","8":"tag-actu","9":"tag-actualites","10":"tag-auvergne-rhone-alpes","11":"tag-commerce-et-services","12":"tag-economie","13":"tag-edition-loire-sud","14":"tag-eu","15":"tag-europe","16":"tag-fr","17":"tag-france","18":"tag-news","19":"tag-republique-francaise","20":"tag-saint-etienne","21":"tag-saint-etienne-ville"},"share_on_mastodon":{"url":"https:\/\/pubeurope.com\/@fr\/115011590762396592","error":""},"_links":{"self":[{"href":"https:\/\/www.europesays.com\/fr\/wp-json\/wp\/v2\/posts\/312207","targetHints":{"allow":["GET"]}}],"collection":[{"href":"https:\/\/www.europesays.com\/fr\/wp-json\/wp\/v2\/posts"}],"about":[{"href":"https:\/\/www.europesays.com\/fr\/wp-json\/wp\/v2\/types\/post"}],"author":[{"embeddable":true,"href":"https:\/\/www.europesays.com\/fr\/wp-json\/wp\/v2\/users\/2"}],"replies":[{"embeddable":true,"href":"https:\/\/www.europesays.com\/fr\/wp-json\/wp\/v2\/comments?post=312207"}],"version-history":[{"count":0,"href":"https:\/\/www.europesays.com\/fr\/wp-json\/wp\/v2\/posts\/312207\/revisions"}],"wp:featuredmedia":[{"embeddable":true,"href":"https:\/\/www.europesays.com\/fr\/wp-json\/wp\/v2\/media\/312208"}],"wp:attachment":[{"href":"https:\/\/www.europesays.com\/fr\/wp-json\/wp\/v2\/media?parent=312207"}],"wp:term":[{"taxonomy":"category","embeddable":true,"href":"https:\/\/www.europesays.com\/fr\/wp-json\/wp\/v2\/categories?post=312207"},{"taxonomy":"post_tag","embeddable":true,"href":"https:\/\/www.europesays.com\/fr\/wp-json\/wp\/v2\/tags?post=312207"}],"curies":[{"name":"wp","href":"https:\/\/api.w.org\/{rel}","templated":true}]}}