{"id":312209,"date":"2025-08-11T18:39:12","date_gmt":"2025-08-11T18:39:12","guid":{"rendered":"https:\/\/www.europesays.com\/fr\/312209\/"},"modified":"2025-08-11T18:39:12","modified_gmt":"2025-08-11T18:39:12","slug":"saint-etienne-50-emplois-bientot-supprimes-a-lusine-novasco","status":"publish","type":"post","link":"https:\/\/www.europesays.com\/fr\/312209\/","title":{"rendered":"SAINT-\u00c9TIENNE : 50 EMPLOIS BIENTOT SUPPRIM\u00c9S \u00c0 L&rsquo;USINE NOVASCO"},"content":{"rendered":"<p>                <a href=\"https:\/\/cadenceradio.fr\" target=\"_blank\" aria-label=\"Banni\u00e8re Cadence 2025\" rel=\"nofollow noopener\"><img loading=\"lazy\" decoding=\"async\" src=\"https:\/\/www.europesays.com\/fr\/wp-content\/uploads\/2025\/07\/Banniere-Cadence-2025-scaled.jpg\" alt=\"\"   width=\"2560\" height=\"738\"\/><\/a><\/p>\n<p>La justice strasbourgeoise a prononc\u00e9 lundi dernier une mesure de sauvegarde judiciaire pour cette entreprise qui fait travailler approximativement 760 personnes r\u00e9parties sur plusieurs r\u00e9gions fran\u00e7aises. Cette d\u00e9cision juridique laisse aux potentiels investisseurs jusqu\u2019\u00e0 la fin du mois de septembre pour pr\u00e9senter leurs propositions de rachat.<\/p>\n<p>Pour bien comprendre la situation, il faut rappeler que cette soci\u00e9t\u00e9 avait d\u00e9j\u00e0 chang\u00e9 de mains l\u2019ann\u00e9e pr\u00e9c\u00e9dente. En effet, le groupe britannique Greybull Capital avait acquis les activit\u00e9s d\u2019Ascometal il y a tout juste un an, avec des promesses d\u2019investissement substantielles. Cependant, les engagements financiers pris lors de cette transaction n\u2019ont pas \u00e9t\u00e9 respect\u00e9s, cr\u00e9ant un d\u00e9ficit de tr\u00e9sorerie critique qui explique la situation actuelle.<\/p>\n<p>L\u2019angoisse palpable des \u00e9quipes st\u00e9phanoises<\/p>\n<p>Dans l\u2019\u00e9tablissement lig\u00e9rien, o\u00f9 une cinquantaine de personnes exercent leur activit\u00e9 professionnelle, l\u2019atmosph\u00e8re est particuli\u00e8rement tendue. Les repr\u00e9sentants du personnel ne masquent pas leur pr\u00e9occupation face \u00e0 cette nouvelle \u00e9preuve, d\u2019autant plus que l\u2019entreprise avait d\u00e9j\u00e0 travers\u00e9 une crise similaire douze mois auparavant.<\/p>\n<p>Cette r\u00e9p\u00e9tition des difficult\u00e9s amplifie naturellement les craintes des salari\u00e9s quant \u00e0 la p\u00e9rennit\u00e9 de leur emploi. L\u2019incertitude r\u00e8gne concernant l\u2019attractivit\u00e9 du site st\u00e9phanois aux yeux des \u00e9ventuels repreneurs, car rien ne garantit qu\u2019un futur propri\u00e9taire souhaiterait maintenir l\u2019activit\u00e9 a Saint-\u00c9tienne. Cette interrogation l\u00e9gitime nourrit l\u2019inqui\u00e9tude quotidienne des \u00e9quipes locales qui voient leur avenir professionnel suspendu aux d\u00e9cisions d\u2019investisseurs encore inconnus.<\/p>\n<p>La course contre la montre pour trouver un repreneur<\/p>\n<p>Le processus de recherche d\u2019acqu\u00e9reurs avait d\u00e9j\u00e0 commenc\u00e9 durant l\u2019\u00e9t\u00e9, avec plusieurs candidats qui ont \u00e9t\u00e9 re\u00e7us et auditionn\u00e9s par les instances comp\u00e9tentes. N\u00e9anmoins, ces premi\u00e8res approches n\u2019ont pas encore d\u00e9bouch\u00e9 sur des propositions concr\u00e8tes et d\u00e9finitives. La complexit\u00e9 r\u00e9side dans le fait que certains investisseurs potentiels manifestent un int\u00e9r\u00eat s\u00e9lectif, ciblant uniquement certaines unit\u00e9s de production plut\u00f4t que l\u2019ensemble du groupe.<\/p>\n<p>Le principal d\u00e9fi concerne l\u2019usine de Hagondange en Moselle, qui concentre la majorit\u00e9 des effectifs avec 450 employ\u00e9s. Cette installation constitue le c\u0153ur industriel du dispositif, mais elle repr\u00e9sente \u00e9galement le plus gros investissement pour un \u00e9ventuel repreneur. Les autres sites, incluant celui de Saint-\u00c9tienne mais \u00e9galement les installations de Custines et Leffrinckoucke, apparaissent comme des \u00e9l\u00e9ments secondaires dans les strat\u00e9gies de reprise envisag\u00e9es.<\/p>\n<p>La dimension \u00e9conomique de cette crise illustre parfaitement les difficult\u00e9s structurelles de l\u2019industrie m\u00e9tallurgique fran\u00e7aise. L\u2019engagement initial de Greybull Capital pr\u00e9voyait un apport de 90 millions d\u2019euros qui ne s\u2019est jamais concr\u00e9tis\u00e9, laissant l\u2019entreprise dans une situation financi\u00e8re pr\u00e9caire. Parall\u00e8lement, les pouvoirs publics ont d\u00e9montr\u00e9 leur volont\u00e9 de pr\u00e9server cette activit\u00e9 industrielle en injectant 75 millions d\u2019euros, avec une tranche suppl\u00e9mentaire de 10 millions attendue dans les prochaines semaines.<\/p>\n","protected":false},"excerpt":{"rendered":"La justice strasbourgeoise a prononc\u00e9 lundi dernier une mesure de sauvegarde judiciaire pour cette entreprise qui fait travailler&hellip;\n","protected":false},"author":2,"featured_media":312210,"comment_status":"","ping_status":"","sticky":false,"template":"","format":"standard","meta":{"footnotes":""},"categories":[9653],"tags":[1111,11,2430,33,1777,674,1011,27,3367,12,25,4001],"class_list":{"0":"post-312209","1":"post","2":"type-post","3":"status-publish","4":"format-standard","5":"has-post-thumbnail","7":"category-saint-etienne","8":"tag-actu","9":"tag-actualites","10":"tag-auvergne-rhone-alpes","11":"tag-economie","12":"tag-eu","13":"tag-europe","14":"tag-fr","15":"tag-france","16":"tag-loire","17":"tag-news","18":"tag-republique-francaise","19":"tag-saint-etienne"},"share_on_mastodon":{"url":"https:\/\/pubeurope.com\/@fr\/115011594849084637","error":""},"_links":{"self":[{"href":"https:\/\/www.europesays.com\/fr\/wp-json\/wp\/v2\/posts\/312209","targetHints":{"allow":["GET"]}}],"collection":[{"href":"https:\/\/www.europesays.com\/fr\/wp-json\/wp\/v2\/posts"}],"about":[{"href":"https:\/\/www.europesays.com\/fr\/wp-json\/wp\/v2\/types\/post"}],"author":[{"embeddable":true,"href":"https:\/\/www.europesays.com\/fr\/wp-json\/wp\/v2\/users\/2"}],"replies":[{"embeddable":true,"href":"https:\/\/www.europesays.com\/fr\/wp-json\/wp\/v2\/comments?post=312209"}],"version-history":[{"count":0,"href":"https:\/\/www.europesays.com\/fr\/wp-json\/wp\/v2\/posts\/312209\/revisions"}],"wp:featuredmedia":[{"embeddable":true,"href":"https:\/\/www.europesays.com\/fr\/wp-json\/wp\/v2\/media\/312210"}],"wp:attachment":[{"href":"https:\/\/www.europesays.com\/fr\/wp-json\/wp\/v2\/media?parent=312209"}],"wp:term":[{"taxonomy":"category","embeddable":true,"href":"https:\/\/www.europesays.com\/fr\/wp-json\/wp\/v2\/categories?post=312209"},{"taxonomy":"post_tag","embeddable":true,"href":"https:\/\/www.europesays.com\/fr\/wp-json\/wp\/v2\/tags?post=312209"}],"curies":[{"name":"wp","href":"https:\/\/api.w.org\/{rel}","templated":true}]}}