{"id":312211,"date":"2025-08-11T18:40:59","date_gmt":"2025-08-11T18:40:59","guid":{"rendered":"https:\/\/www.europesays.com\/fr\/312211\/"},"modified":"2025-08-11T18:40:59","modified_gmt":"2025-08-11T18:40:59","slug":"toul-le-musee-lorrain-hors-les-murs-des-chefs-doeuvre-a-decouvrir","status":"publish","type":"post","link":"https:\/\/www.europesays.com\/fr\/312211\/","title":{"rendered":"Toul. Le Mus\u00e9e lorrain hors les murs\u00a0: des chefs-d\u2019\u0153uvre \u00e0 d\u00e9couvrir"},"content":{"rendered":"<p>  Les crosses \u00e9piscopales \u00e0 la cath\u00e9drale<\/p>\n<p>Jusqu\u2019au 21\u00a0septembre, la salle du Tr\u00e9sor de la cath\u00e9drale Saint-Etienne pr\u00e9sente <a href=\"https:\/\/www.estrepublicain.fr\/culture-loisirs\/2025\/07\/02\/des-crosses-exposees-tels-des-bijoux-a-la-salle-du-tresor-de-la-cathedrale-saint-etienne\" target=\"_blank\" rel=\"noopener\">une exposition exceptionnelle consacr\u00e9e aux crosses \u00e9piscopales,<\/a> insignes de dignit\u00e9 et de juridiction des \u00e9v\u00eaques.<\/p>\n<p>Parmi la trentaine de pi\u00e8ces expos\u00e9es, on peut admirer une crosse en cuivre \u00e9maill\u00e9e du XIIIe \u00a0si\u00e8cle, pr\u00eat\u00e9e par le Mus\u00e9e lorrain.<\/p>\n<p>Elle provient de l\u2019ancienne \u00e9glise abbatiale Saint-Evre, de Toul, disparue apr\u00e8s la R\u00e9volution, et illustre le savoir-faire des orf\u00e8vres \u00e9mailleurs limousins.<\/p>\n<p>L\u2019exposition retrace l\u2019\u00e9volution stylistique de ces objets liturgiques du XIIe au XXe \u00a0si\u00e8cle.<\/p>\n<p>  Lucien Quintard au mus\u00e9e Michel-Hachet<\/p>\n<p>Jusqu\u2019au 22\u00a0septembre, <a href=\"https:\/\/www.estrepublicain.fr\/culture-loisirs\/2025\/08\/02\/ces-toulois-qui-ont-laisse-leurs-noms-en-ville-michel-hachet\" target=\"_blank\" rel=\"noopener\">le mus\u00e9e d\u2019art et d\u2019histoire Michel-Hachet<\/a> consacre une r\u00e9trospective in\u00e9dite au peintre Lucien Quintard (1849 \u2013 1905).<\/p>\n<p>Discret mais profond\u00e9ment ancr\u00e9 dans l\u2019effervescence artistique de la fin du XIXe \u00a0si\u00e8cle \u00e0 Nancy, il s\u2019inscrit dans la lign\u00e9e de l\u2019\u00e9cole de Barbizon.<\/p>\n<p>Le Mus\u00e9e lorrain pr\u00eate pour l\u2019occasion dix tableaux et deux dessins, parmi les soixante-dix \u0153uvres expos\u00e9es, issues de collections priv\u00e9es et publiques.<\/p>\n<p class=\"note\">Le Tr\u00e9sor de la cath\u00e9drale est ouvert tous les jours de 9\u00a0h\u00a030 \u00e0 18\u00a0h\u00a030. L\u2019exposition Lucien Quintard est accessible tous les jours, sauf le mardi, de 10\u00a0h \u00e0 12\u00a0h\u00a030 et de 13\u00a0h\u00a030 \u00e0 18\u00a0h. Entr\u00e9e par le jardin du mus\u00e9e, rue des \u00c9curies de Bourgogne. Entr\u00e9es libres.<\/p>\n","protected":false},"excerpt":{"rendered":"Les crosses \u00e9piscopales \u00e0 la cath\u00e9drale Jusqu\u2019au 21\u00a0septembre, la salle du Tr\u00e9sor de la cath\u00e9drale Saint-Etienne pr\u00e9sente une&hellip;\n","protected":false},"author":2,"featured_media":312212,"comment_status":"","ping_status":"","sticky":false,"template":"","format":"standard","meta":{"footnotes":""},"categories":[9635],"tags":[1111,11,1687,1705,1777,674,2271,1011,27,775,1702,12,2661,25,14984,27449],"class_list":{"0":"post-312211","1":"post","2":"type-post","3":"status-publish","4":"format-standard","5":"has-post-thumbnail","7":"category-nancy","8":"tag-actu","9":"tag-actualites","10":"tag-culture-loisirs","11":"tag-edition-toul","12":"tag-eu","13":"tag-europe","14":"tag-exposition-arts-plastiques","15":"tag-fr","16":"tag-france","17":"tag-grand-est","18":"tag-nancy","19":"tag-news","20":"tag-patrimoine-culturel","21":"tag-republique-francaise","22":"tag-toul","23":"tag-toul-ville-54d"},"share_on_mastodon":{"url":"https:\/\/pubeurope.com\/@fr\/115011602596139634","error":""},"_links":{"self":[{"href":"https:\/\/www.europesays.com\/fr\/wp-json\/wp\/v2\/posts\/312211","targetHints":{"allow":["GET"]}}],"collection":[{"href":"https:\/\/www.europesays.com\/fr\/wp-json\/wp\/v2\/posts"}],"about":[{"href":"https:\/\/www.europesays.com\/fr\/wp-json\/wp\/v2\/types\/post"}],"author":[{"embeddable":true,"href":"https:\/\/www.europesays.com\/fr\/wp-json\/wp\/v2\/users\/2"}],"replies":[{"embeddable":true,"href":"https:\/\/www.europesays.com\/fr\/wp-json\/wp\/v2\/comments?post=312211"}],"version-history":[{"count":0,"href":"https:\/\/www.europesays.com\/fr\/wp-json\/wp\/v2\/posts\/312211\/revisions"}],"wp:featuredmedia":[{"embeddable":true,"href":"https:\/\/www.europesays.com\/fr\/wp-json\/wp\/v2\/media\/312212"}],"wp:attachment":[{"href":"https:\/\/www.europesays.com\/fr\/wp-json\/wp\/v2\/media?parent=312211"}],"wp:term":[{"taxonomy":"category","embeddable":true,"href":"https:\/\/www.europesays.com\/fr\/wp-json\/wp\/v2\/categories?post=312211"},{"taxonomy":"post_tag","embeddable":true,"href":"https:\/\/www.europesays.com\/fr\/wp-json\/wp\/v2\/tags?post=312211"}],"curies":[{"name":"wp","href":"https:\/\/api.w.org\/{rel}","templated":true}]}}