{"id":312215,"date":"2025-08-11T18:43:18","date_gmt":"2025-08-11T18:43:18","guid":{"rendered":"https:\/\/www.europesays.com\/fr\/312215\/"},"modified":"2025-08-11T18:43:18","modified_gmt":"2025-08-11T18:43:18","slug":"clairement-ce-fut-une-reussite-jazz-a-toulon-fait-vibrer-60-000-spectateurs-pour-sa-35e-edition","status":"publish","type":"post","link":"https:\/\/www.europesays.com\/fr\/312215\/","title":{"rendered":"\u00ab\u00a0Clairement, ce fut une r\u00e9ussite\u00a0\u00bb: Jazz \u00e0 Toulon fait vibrer 60.000 spectateurs pour sa 35e \u00e9dition"},"content":{"rendered":"<p>Six mille personnes qui se l\u00e8vent pour danser et un jour &#8211; le 27 juillet &#8211; qui restera grav\u00e9 dans la m\u00e9moire de tous ceux venus, ce soir-l\u00e0, profiter d\u2019un moment de gr\u00e2ce sur la place de la Libert\u00e9. Si la prestation \u00e9clatante du pianiste cubain Roberto Fonseca a \u00e9t\u00e9 l\u2019un des temps forts du festival Jazz \u00e0 Toulon, qui s\u2019est achev\u00e9 samedi soir, elle refl\u00e8te aussi, plus globalement, un \u00e9v\u00e9nement musical qui aura souvent atteint des sommets lors de sa trente-cinqui\u00e8me \u00e9dition.<\/p>\n<p>\u00ab\u00a0Clairement, ce fut une r\u00e9ussite\u00a0\u00bb, confirme Robert Albergucci, pr\u00e9sident de <strong>Toulon M\u00e9tropole \u00e9v\u00e9nements et congr\u00e8s<\/strong>, \u00e0 la baguette de ce rendez-vous culturel incontournable des \u00e9t\u00e9s en bord de rade. <strong>\u00ab\u00a0On a eu plus de 60.000 spectateurs sur vingt dates.\u00a0\u00bb<\/strong> Soit 10.000 de mieux que l\u2019an dernier dont la mouture comptait, certes, cinq concerts de moins. \u00ab\u00a0Mais ce qu\u2019il faut surtout retenir, c\u2019est qu\u2019on a eu un festival totalement d\u00e9mentiel en termes d\u2019ambiance\u00a0\u00bb.<\/p>\n<p>Ce n\u2019\u00e9tait pas gagn\u00e9 d\u2019avance, d\u2019apr\u00e8s l\u2019organisateur. \u00ab\u00a0Les artistes sont souvent inquiets quand on leur parle d\u2019un \u00e9v\u00e9nement gratuit. Dans ce cas-l\u00e0, les gens ne sont pas forc\u00e9ment connect\u00e9s. Mais \u00e0 Toulon, on a un super public, amoureux de jazz. Eric Serra, qui avait donn\u00e9 la veille \u00e0 Mandelieu un concert \u00e0 33 euros la place, s\u2019est retrouv\u00e9 aux halles, avec des spectateurs debout, \u00e0 fond. Il \u00e9tait enchant\u00e9!\u00a0\u00bb<\/p>\n<p>La programmation, peut-\u00eatre un peu moins pointue, \u00ab\u00a0plus populaire\u00a0\u00bb, que les ann\u00e9es pr\u00e9c\u00e9dentes, n\u2019est sans doute pas non plus \u00e9trang\u00e8re \u00e0 ce succ\u00e8s. Avec un budget de 400.000 euros, en alliant, dixit Robert Albergucci, des \u00ab\u00a0stars plan\u00e9taires\u00a0\u00bb &#8211; Fonseca, Serra, Redman\u2026 &#8211; et des artistes \u00e9mergents, le festival a r\u00e9uni un public \u00e9clectique, qu\u2019il est m\u00eame all\u00e9 chercher dans les quartiers. Les sc\u00e8nes pos\u00e9es \u00e0 Saint-Jean-du-Var, aux Quatre-Chemins-des-Routes ou \u00e0 la Rode, y compris pour \u00ab\u00a0le off\u00a0\u00bb, ont attir\u00e9 curieux et amateurs de jazz. <br \/>&#13;<br \/>\nLa programmation de l\u2019an prochain \u00ab\u00a0\u00e0 moiti\u00e9\u00a0\u00bb boucl\u00e9e<\/p>\n<p>Seule petite fausse note, finalement: la performance de <strong>Bireli Lagrene<\/strong>, le premier soir, sur la place de la Libert\u00e9. \u00ab\u00a0Il \u00e9tait un peu fatigu\u00e9\u00a0\u00bb, euph\u00e9misme l\u2019organisateur. Pas tr\u00e8s agr\u00e9able avec le public, contrari\u00e9 par une histoire de micro, le virtuose de la guitare a livr\u00e9 une partition tr\u00e8s oubliable. Il a heureusement \u00e9t\u00e9 \u00ab\u00a0sauv\u00e9\u00a0\u00bb par le talent et le professionnalisme de ses deux acolytes, Martin Taylor et Ulf Wakenus.<\/p>\n<p>Mais au final, Robert Albergucci pr\u00e9f\u00e8re largement retenir l\u2019enthousiasme des m\u00e9lomanes \u00e0 l\u2019issue de ses deux semaines de jazz. Et se tourner d\u00e9j\u00e0 vers 2026, pour une \u00e9dition au moins du m\u00eame niveau. \u00ab\u00a0On a boucl\u00e9 la moiti\u00e9 de la programmation de l\u2019\u00e9t\u00e9 prochain\u00a0\u00bb, assure-t-il. \u00ab\u00a0On est redevenu un festival qui compte, o\u00f9 les artistes sont heureux de se produire. Je ne peux pas encore vous annoncer les noms mais je vous certifie qu\u2019il va y avoir du lourd\u2026\u00a0\u00bb Vivement.<\/p>\n","protected":false},"excerpt":{"rendered":"Six mille personnes qui se l\u00e8vent pour danser et un jour &#8211; le 27 juillet &#8211; qui restera&hellip;\n","protected":false},"author":2,"featured_media":312216,"comment_status":"","ping_status":"","sticky":false,"template":"","format":"standard","meta":{"footnotes":""},"categories":[9619],"tags":[1111,11,4156,251,1777,674,1011,27,12,882,25,2310],"class_list":{"0":"post-312215","1":"post","2":"type-post","3":"status-publish","4":"format-standard","5":"has-post-thumbnail","7":"category-toulon","8":"tag-actu","9":"tag-actualites","10":"tag-concerts","11":"tag-culture","12":"tag-eu","13":"tag-europe","14":"tag-fr","15":"tag-france","16":"tag-news","17":"tag-provence-alpes-cote-dazur","18":"tag-republique-francaise","19":"tag-toulon"},"share_on_mastodon":{"url":"https:\/\/pubeurope.com\/@fr\/115011610400252959","error":""},"_links":{"self":[{"href":"https:\/\/www.europesays.com\/fr\/wp-json\/wp\/v2\/posts\/312215","targetHints":{"allow":["GET"]}}],"collection":[{"href":"https:\/\/www.europesays.com\/fr\/wp-json\/wp\/v2\/posts"}],"about":[{"href":"https:\/\/www.europesays.com\/fr\/wp-json\/wp\/v2\/types\/post"}],"author":[{"embeddable":true,"href":"https:\/\/www.europesays.com\/fr\/wp-json\/wp\/v2\/users\/2"}],"replies":[{"embeddable":true,"href":"https:\/\/www.europesays.com\/fr\/wp-json\/wp\/v2\/comments?post=312215"}],"version-history":[{"count":0,"href":"https:\/\/www.europesays.com\/fr\/wp-json\/wp\/v2\/posts\/312215\/revisions"}],"wp:featuredmedia":[{"embeddable":true,"href":"https:\/\/www.europesays.com\/fr\/wp-json\/wp\/v2\/media\/312216"}],"wp:attachment":[{"href":"https:\/\/www.europesays.com\/fr\/wp-json\/wp\/v2\/media?parent=312215"}],"wp:term":[{"taxonomy":"category","embeddable":true,"href":"https:\/\/www.europesays.com\/fr\/wp-json\/wp\/v2\/categories?post=312215"},{"taxonomy":"post_tag","embeddable":true,"href":"https:\/\/www.europesays.com\/fr\/wp-json\/wp\/v2\/tags?post=312215"}],"curies":[{"name":"wp","href":"https:\/\/api.w.org\/{rel}","templated":true}]}}