{"id":312222,"date":"2025-08-11T18:47:09","date_gmt":"2025-08-11T18:47:09","guid":{"rendered":"https:\/\/www.europesays.com\/fr\/312222\/"},"modified":"2025-08-11T18:47:09","modified_gmt":"2025-08-11T18:47:09","slug":"gagnez-vos-places-pour-voir-le-cirque-pinder-a-rouen-et-au-havre-avec-76actu","status":"publish","type":"post","link":"https:\/\/www.europesays.com\/fr\/312222\/","title":{"rendered":"Gagnez vos places pour voir le cirque Pinder \u00e0 Rouen et au Havre avec 76actu\u00a0!"},"content":{"rendered":"<p>            Par<br \/>\n        <strong><br \/>\n            <a href=\"https:\/\/actu.fr\/auteur\/julien-bouteiller\" title=\"Consulter tous les articles de Julien Bouteiller\" target=\"_blank\" rel=\"noopener\">Julien Bouteiller<\/a><br \/>\n        <\/strong><\/p>\n<p>        Publi\u00e9 le<\/p>\n<p>            11 ao\u00fbt 2025 \u00e0 19h50        <\/p>\n<p>Voil\u00e0 plus de 170 ans que<strong> le cirque Pinder<\/strong> fait r\u00eaver petits et grands ! Et le revoil\u00e0 en tourn\u00e9e, avec des dates pr\u00e9vues prochainement <a href=\"https:\/\/actu.fr\/normandie\/rouen_76540\" target=\"_blank\" rel=\"noopener\">\u00e0 Rouen<\/a> et <a href=\"https:\/\/actu.fr\/normandie\/le-havre_76351\" target=\"_blank\" rel=\"noopener\">au Havre<\/a>. \u00c7a tombe bien, <strong>on vous fait gagner des places<\/strong> pour assister au spectacle en famille.<\/p>\n<p>Comment gagner vos places pour le cirque Pinder<\/p>\n<p class=\" wall-content\">On vous offre en effet<strong> cinq pass pour quatre personnes<\/strong>, vous permettant d\u2019assister \u00e0 l\u2019une des repr\u00e9sentations <strong>au champ de foire du Havre (du 28 au 31 ao\u00fbt) ou sur l\u2019esplanade Saint-Gervais \u00e0 Rouen (du 5 au 14 septembre)<\/strong>.<\/p>\n<p class=\" wall-content\">Pour jouer, c\u2019est simple, <strong>envoyez un mail avant le 13 ao\u00fbt 2025, 20h<\/strong>, \u00e0 <a href=\"https:\/\/actu.fr\/cdn-cgi\/l\/email-protection\" class=\"__cf_email__\" data-cfemail=\"1d2a2b7c7e69685d7c7e6968337b6f\" target=\"_blank\" rel=\"noopener\">[email\u00a0protected]<\/a> en mentionnant \u00ab\u00a0Jeu Cirque Pinder\u00a0\u00bb en objet, ainsi que vos nom et pr\u00e9nom. Nous effectuerons ensuite<strong> un tirage au sort<\/strong> pour d\u00e9terminer les cinq gagnants parmi les participants.\u00a0<\/p>\n<p class=\" wall-content\"><strong>Les gagnants seront contact\u00e9s par mail<\/strong> pour venir retirer leur place \u00e0 la r\u00e9daction de\u00a076actu\u00a0\u00e0 Rouen.<\/p>\n<p class=\" wall-content\">Bonne chance \u00e0 tous !<\/p>\n<p>Suivez l\u2019actualit\u00e9 de Rouen <a href=\"https:\/\/www.whatsapp.com\/channel\/0029VaKfnf99hXF2ddApFB1D\" target=\"_blank\" rel=\"noopener\">sur notre cha\u00eene WhatsApp<\/a> et <a href=\"https:\/\/www.tiktok.com\/@76actu.fr?lang=fr\" target=\"_blank\" rel=\"noopener\">sur notre compte TikTok<\/a>Suivez l\u2019actualit\u00e9 du Havre <a href=\"https:\/\/www.whatsapp.com\/channel\/0029VaFqJYE8aKvLBwVrEe0o\" target=\"_blank\" rel=\"noopener\">sur notre cha\u00eene WhatsApp<\/a> et <a href=\"https:\/\/www.tiktok.com\/@76actu.fr?lang=fr\" target=\"_blank\" rel=\"noopener\">sur notre compte TikTok<\/a><\/p>\n<p class=\" wall-content\">Suivez toute l\u2019actualit\u00e9 de vos villes et m\u00e9dias favoris en vous inscrivant \u00e0 <a href=\"https:\/\/moncompte.actu.fr\" title=\"D\u00e9couvez Mon Actu\" rel=\"nofollow noopener\" data-trk=\"{&quot;cta&quot;:{&quot;action&quot;:&quot;https:\\\/\\\/moncompte.actu.fr&quot;,&quot;category&quot;:&quot;mon compte&quot;,&quot;from&quot;:&quot;article footer&quot;,&quot;name&quot;:&quot;Mon actu&quot;,&quot;type&quot;:&quot;cta&quot;}}\" target=\"_blank\">Mon Actu<\/a>.<\/p>\n<p>                    <script async src=\"\/\/www.tiktok.com\/embed.js\"><\/script><\/p>\n","protected":false},"excerpt":{"rendered":"Par Julien Bouteiller Publi\u00e9 le 11 ao\u00fbt 2025 \u00e0 19h50 Voil\u00e0 plus de 170 ans que le cirque&hellip;\n","protected":false},"author":2,"featured_media":312223,"comment_status":"","ping_status":"","sticky":false,"template":"","format":"standard","meta":{"footnotes":""},"categories":[9587],"tags":[1111,11,5398,1777,674,652,1011,27,1652,12,5161,25,9590,853],"class_list":{"0":"post-312222","1":"post","2":"type-post","3":"status-publish","4":"format-standard","5":"has-post-thumbnail","7":"category-rouen","8":"tag-actu","9":"tag-actualites","10":"tag-cirque","11":"tag-eu","12":"tag-europe","13":"tag-famille","14":"tag-fr","15":"tag-france","16":"tag-loisirs-culture","17":"tag-news","18":"tag-normandie","19":"tag-republique-francaise","20":"tag-rouen","21":"tag-spectacles"},"share_on_mastodon":{"url":"https:\/\/pubeurope.com\/@fr\/115011626138620388","error":""},"_links":{"self":[{"href":"https:\/\/www.europesays.com\/fr\/wp-json\/wp\/v2\/posts\/312222","targetHints":{"allow":["GET"]}}],"collection":[{"href":"https:\/\/www.europesays.com\/fr\/wp-json\/wp\/v2\/posts"}],"about":[{"href":"https:\/\/www.europesays.com\/fr\/wp-json\/wp\/v2\/types\/post"}],"author":[{"embeddable":true,"href":"https:\/\/www.europesays.com\/fr\/wp-json\/wp\/v2\/users\/2"}],"replies":[{"embeddable":true,"href":"https:\/\/www.europesays.com\/fr\/wp-json\/wp\/v2\/comments?post=312222"}],"version-history":[{"count":0,"href":"https:\/\/www.europesays.com\/fr\/wp-json\/wp\/v2\/posts\/312222\/revisions"}],"wp:featuredmedia":[{"embeddable":true,"href":"https:\/\/www.europesays.com\/fr\/wp-json\/wp\/v2\/media\/312223"}],"wp:attachment":[{"href":"https:\/\/www.europesays.com\/fr\/wp-json\/wp\/v2\/media?parent=312222"}],"wp:term":[{"taxonomy":"category","embeddable":true,"href":"https:\/\/www.europesays.com\/fr\/wp-json\/wp\/v2\/categories?post=312222"},{"taxonomy":"post_tag","embeddable":true,"href":"https:\/\/www.europesays.com\/fr\/wp-json\/wp\/v2\/tags?post=312222"}],"curies":[{"name":"wp","href":"https:\/\/api.w.org\/{rel}","templated":true}]}}