{"id":312224,"date":"2025-08-11T18:50:20","date_gmt":"2025-08-11T18:50:20","guid":{"rendered":"https:\/\/www.europesays.com\/fr\/312224\/"},"modified":"2025-08-11T18:50:20","modified_gmt":"2025-08-11T18:50:20","slug":"une-liste-lfi-aux-municipales-de-grenoble-le-suspense-demeure","status":"publish","type":"post","link":"https:\/\/www.europesays.com\/fr\/312224\/","title":{"rendered":"Une liste LFI aux municipales de Grenoble ? Le suspense demeure"},"content":{"rendered":"<p>\u00ab\u00a0On estime que nous sommes d\u00e9sor\u00admais assez forts \u00e0 la France insou\u00admise de Grenoble pour m\u00e9ri\u00adter une repr\u00e9\u00adsen\u00adta\u00adti\u00advit\u00e9 \u00e0 notre hau\u00adteur\u00a0\u00bb. Ainsi s\u2019ex\u00adprime Allan Brunon, d\u00e9si\u00adgn\u00e9 au mois de juin 2025 <a href=\"https:\/\/www.placegrenet.fr\/2025\/06\/03\/la-france-insoumise-nomme-elisa-martin-et-allan-brunon-chefs-de-file-en-prevision-des-municipales-de-grenoble-2026\/653421\" target=\"_blank\" rel=\"noopener nofollow\">chef de file LFI<\/a> pour les \u00e9lec\u00adtions muni\u00adci\u00adpales de Grenoble de 2026, aux c\u00f4t\u00e9s de la d\u00e9pu\u00adt\u00e9e is\u00e9\u00adroise \u00c9lisa Martin.<\/p>\n<p>\u00c0 quelques semaines d\u2019une ren\u00adtr\u00e9e poli\u00adtique de sep\u00adtembre for\u00adc\u00e9\u00adment dense, le mili\u00adtant s\u2019est entre\u00adtenu avec Place Gre\u2019net sur les pers\u00adpec\u00adtives du mou\u00adve\u00adment de Jean-Luc M\u00e9lenchon en terre grenobloise.<\/p>\n<p><a href=\"https:\/\/www.europesays.com\/fr\/wp-content\/uploads\/2025\/06\/Allan-brunon-Elisa-Martin-c-Allan-Brunon-Severine-Cattiaux-.jpg\" target=\"_blank\" rel=\"noopener\"><img fetchpriority=\"high\" decoding=\"async\" aria-describedby=\"caption-attachment-653428\" class=\"wp-image-653428 size-full\" src=\"data:image\/svg+xml,%3Csvg%20xmlns=\" http:=\"\" alt=\"Allan Brunon et \u00c9lisa Martin, chefs de file La France insoumise pour les municipales 2026 de Grenoble. \u00a9 Allan Brunon - \u00c9lisa Martin\" width=\"1347\" height=\"937\" data-lazy- data-lazy- data-lazy-src=\"https:\/\/www.europesays.com\/fr\/wp-content\/uploads\/2025\/06\/Allan-brunon-Elisa-Martin-c-Allan-Brunon-Severine-Cattiaux-.jpg\"\/><\/a><\/p>\n<p id=\"caption-attachment-653428\" class=\"wp-caption-text\">Allan Brunon et \u00c9lisa Martin, chefs de file La France insou\u00admise pour les muni\u00adci\u00adpales 2026 de Grenoble. \u00a9 Allan Brunon \u2013 \u00c9lisa Martin<\/p>\n<p>La ques\u00adtion qui br\u00fble les l\u00e8vres\u00a0: LFI, apr\u00e8s une union avec EELV en 2014, renou\u00adve\u00adl\u00e9e en 2020, compte-t-elle encore s\u2019al\u00adlier \u00e0 la majo\u00adrit\u00e9 sor\u00adtante en 2026\u00a0? Allan Brunon laisse pla\u00adner le sus\u00adpense et annonce une r\u00e9ponse offi\u00adcielle en sep\u00adtembre. Ce tout en rap\u00adpe\u00adlant les scores LFI \u00e0 Grenoble lors des <a href=\"https:\/\/www.placegrenet.fr\/2024\/06\/10\/largement-en-tete-en-isere-au-soir-des-europeennes-le-rn-peut-il-remporter-de-nouvelles-circonscriptions\/630979\" target=\"_blank\" rel=\"noopener nofollow\">euro\u00adp\u00e9ennes<\/a> et des <a href=\"https:\/\/www.placegrenet.fr\/2024\/07\/07\/elections-legislatives-les-resultats-du-second-tour-en-isere-sur-lensemble-des-dix-circonscriptions\/633040\" target=\"_blank\" rel=\"noopener nofollow\">l\u00e9gis\u00adla\u00adtives anti\u00adci\u00adp\u00e9es<\/a>, et en indi\u00adquant que le mou\u00adve\u00adment \u00ab\u00a0aura une repr\u00e9\u00adsen\u00adta\u00adtion lors des \u00e9lec\u00adtions muni\u00adci\u00adpales \u00e0 Grenoble [et] entend peser dans le pay\u00adsage poli\u00adtique\u00a0\u00bb.<\/p>\n<p>Le chef de file LFI n\u2019est pas par\u00adti\u00adcu\u00adli\u00e8\u00adre\u00adment tendre avec les \u00c9cologistes, com\u00adpo\u00adsante essen\u00adtielle de cette m\u00eame majo\u00adrit\u00e9 sor\u00adtante. \u00ab\u00a0On a essay\u00e9 de dis\u00adcu\u00adter, on n\u2019y est pas par\u00adve\u00adnus. Parce que, sys\u00adt\u00e9\u00adma\u00adti\u00adque\u00adment, on nous ren\u00advoyait \u00e0 des dis\u00adcus\u00adsions sur les per\u00adsonnes\u00a0\u00bb, explique-t-il.<\/p>\n<p>Des per\u00adsonnes\u2026 ou une per\u00adsonne, \u00e0 savoir Laurence Ruffin, consi\u00add\u00e9\u00adr\u00e9e comme favo\u00adrite pour bri\u00adguer la suc\u00adces\u00adsion du maire \u00c9ric Piolle. \u00ab\u00a0Je l\u2019aime beau\u00adcoup, je n\u2019ai rien contre elle, mais pour\u00adquoi on devrait tous s\u2019ar\u00adr\u00ea\u00adter et exa\u00admi\u00adner sa can\u00addi\u00adda\u00adture\u00a0?\u00a0\u00bb, s\u2019a\u00adgace Allan Brunon.<\/p>\n","protected":false},"excerpt":{"rendered":"\u00ab\u00a0On estime que nous sommes d\u00e9sor\u00admais assez forts \u00e0 la France insou\u00admise de Grenoble pour m\u00e9ri\u00adter une repr\u00e9\u00adsen\u00adta\u00adti\u00advit\u00e9&hellip;\n","protected":false},"author":2,"featured_media":312225,"comment_status":"","ping_status":"","sticky":false,"template":"","format":"standard","meta":{"footnotes":""},"categories":[9566],"tags":[1111,11,2430,1777,674,1011,27,2731,12,25],"class_list":{"0":"post-312224","1":"post","2":"type-post","3":"status-publish","4":"format-standard","5":"has-post-thumbnail","7":"category-grenoble","8":"tag-actu","9":"tag-actualites","10":"tag-auvergne-rhone-alpes","11":"tag-eu","12":"tag-europe","13":"tag-fr","14":"tag-france","15":"tag-grenoble","16":"tag-news","17":"tag-republique-francaise"},"share_on_mastodon":{"url":"https:\/\/pubeurope.com\/@fr\/115011637929043644","error":""},"_links":{"self":[{"href":"https:\/\/www.europesays.com\/fr\/wp-json\/wp\/v2\/posts\/312224","targetHints":{"allow":["GET"]}}],"collection":[{"href":"https:\/\/www.europesays.com\/fr\/wp-json\/wp\/v2\/posts"}],"about":[{"href":"https:\/\/www.europesays.com\/fr\/wp-json\/wp\/v2\/types\/post"}],"author":[{"embeddable":true,"href":"https:\/\/www.europesays.com\/fr\/wp-json\/wp\/v2\/users\/2"}],"replies":[{"embeddable":true,"href":"https:\/\/www.europesays.com\/fr\/wp-json\/wp\/v2\/comments?post=312224"}],"version-history":[{"count":0,"href":"https:\/\/www.europesays.com\/fr\/wp-json\/wp\/v2\/posts\/312224\/revisions"}],"wp:featuredmedia":[{"embeddable":true,"href":"https:\/\/www.europesays.com\/fr\/wp-json\/wp\/v2\/media\/312225"}],"wp:attachment":[{"href":"https:\/\/www.europesays.com\/fr\/wp-json\/wp\/v2\/media?parent=312224"}],"wp:term":[{"taxonomy":"category","embeddable":true,"href":"https:\/\/www.europesays.com\/fr\/wp-json\/wp\/v2\/categories?post=312224"},{"taxonomy":"post_tag","embeddable":true,"href":"https:\/\/www.europesays.com\/fr\/wp-json\/wp\/v2\/tags?post=312224"}],"curies":[{"name":"wp","href":"https:\/\/api.w.org\/{rel}","templated":true}]}}