{"id":312226,"date":"2025-08-11T18:51:21","date_gmt":"2025-08-11T18:51:21","guid":{"rendered":"https:\/\/www.europesays.com\/fr\/312226\/"},"modified":"2025-08-11T18:51:21","modified_gmt":"2025-08-11T18:51:21","slug":"top-14-labouteley-quitte-lusap-et-rejoint-le-fc-grenoble","status":"publish","type":"post","link":"https:\/\/www.europesays.com\/fr\/312226\/","title":{"rendered":"Top 14 : Labouteley quitte l\u2019USAP et rejoint le FC Grenoble"},"content":{"rendered":"<p>\n                                                                \u00c2g\u00e9 de 30 ans, le deuxi\u00e8me ligne Tristan Labouteley quitte l\u2019USAP apr\u00e8s huit saisons pour le FC Grenoble et la Pro D2.\n                            <\/p>\n<p>Tr\u00e8s peu utilis\u00e9 par Franck Az\u00e9ma la saison derni\u00e8re avec 14 feuilles de match, dont 2 de Challenge\u00a0Cup, Tristan Labouteley (2,02\u00a0m et 108\u00a0kg) rejoint le club is\u00e9rois de Grenoble sous forme de pr\u00eat. Au-del\u00e0 de son ann\u00e9e de pr\u00eat, Labouteley s\u2019est vu offrir un contrat de deux ans avec le FCG.<\/p>\n<p>Avec Posolo Tuilagi, Mathieu Tanguy, Max Hicks et Adrien Warion\u00a0en deuxi\u00e8me ligne, voir\u00a0Peceli Yato, Tristan Labouteley mesurait qu\u2019il ne b\u00e9n\u00e9ficierait pas de davantage de temps de jeu la saison prochaine.\u00a0Lui qui sera\u00a0en fin de contrat \u00e0 l\u2019issue de la prochaine saison de Top 14 et qui trouve avec cette porte de sortie, un contrat de deux saisons suppl\u00e9mentaires.<\/p>\n<p>Rappelons que l\u2019USAP disputera deux matches de pr\u00e9paration avec Toulon (vendredi 22\u00a0ao\u00fbt) et Montpellier (29\u00a0ao\u00fbt) \u00e0 Aim\u00e9-Giral avant l\u2019ouverture de la saison de Top 14, le samedi 6\u00a0septembre \u00e0 Perpignan contre Bayonne. Franck Az\u00e9ma et les siens ont commenc\u00e9 leurs cinq jours de stage ce lundi apr\u00e8s-midi \u00e0 Olot.<\/p>\n","protected":false},"excerpt":{"rendered":"\u00c2g\u00e9 de 30 ans, le deuxi\u00e8me ligne Tristan Labouteley quitte l\u2019USAP apr\u00e8s huit saisons pour le FC Grenoble&hellip;\n","protected":false},"author":2,"featured_media":312227,"comment_status":"","ping_status":"","sticky":false,"template":"","format":"standard","meta":{"footnotes":""},"categories":[9566],"tags":[1111,11,2430,1777,674,1011,27,2731,12,25],"class_list":{"0":"post-312226","1":"post","2":"type-post","3":"status-publish","4":"format-standard","5":"has-post-thumbnail","7":"category-grenoble","8":"tag-actu","9":"tag-actualites","10":"tag-auvergne-rhone-alpes","11":"tag-eu","12":"tag-europe","13":"tag-fr","14":"tag-france","15":"tag-grenoble","16":"tag-news","17":"tag-republique-francaise"},"share_on_mastodon":{"url":"https:\/\/pubeurope.com\/@fr\/115011641941015441","error":""},"_links":{"self":[{"href":"https:\/\/www.europesays.com\/fr\/wp-json\/wp\/v2\/posts\/312226","targetHints":{"allow":["GET"]}}],"collection":[{"href":"https:\/\/www.europesays.com\/fr\/wp-json\/wp\/v2\/posts"}],"about":[{"href":"https:\/\/www.europesays.com\/fr\/wp-json\/wp\/v2\/types\/post"}],"author":[{"embeddable":true,"href":"https:\/\/www.europesays.com\/fr\/wp-json\/wp\/v2\/users\/2"}],"replies":[{"embeddable":true,"href":"https:\/\/www.europesays.com\/fr\/wp-json\/wp\/v2\/comments?post=312226"}],"version-history":[{"count":0,"href":"https:\/\/www.europesays.com\/fr\/wp-json\/wp\/v2\/posts\/312226\/revisions"}],"wp:featuredmedia":[{"embeddable":true,"href":"https:\/\/www.europesays.com\/fr\/wp-json\/wp\/v2\/media\/312227"}],"wp:attachment":[{"href":"https:\/\/www.europesays.com\/fr\/wp-json\/wp\/v2\/media?parent=312226"}],"wp:term":[{"taxonomy":"category","embeddable":true,"href":"https:\/\/www.europesays.com\/fr\/wp-json\/wp\/v2\/categories?post=312226"},{"taxonomy":"post_tag","embeddable":true,"href":"https:\/\/www.europesays.com\/fr\/wp-json\/wp\/v2\/tags?post=312226"}],"curies":[{"name":"wp","href":"https:\/\/api.w.org\/{rel}","templated":true}]}}