{"id":312228,"date":"2025-08-11T18:52:16","date_gmt":"2025-08-11T18:52:16","guid":{"rendered":"https:\/\/www.europesays.com\/fr\/312228\/"},"modified":"2025-08-11T18:52:16","modified_gmt":"2025-08-11T18:52:16","slug":"rennes-nouvelle-agression-au-couteau-dans-le-quartier-sensible-de-cleunay","status":"publish","type":"post","link":"https:\/\/www.europesays.com\/fr\/312228\/","title":{"rendered":"Rennes. Nouvelle agression au couteau dans le quartier \u00ab sensible \u00bb de Cleunay"},"content":{"rendered":"<p style=\"text-align: justify;\">Canicule ou pas, les couteaux sont de nouveau de sortie \u00e0 Rennes. Dans la capitale de l\u2019Ille-et-Vilaine, certains voyous ne prennent pas de vacances. Comme l\u2019a rapport\u00e9 le m\u00e9dia local Rennes Infos Autrement le 9 ao\u00fbt, un homme \u00e2g\u00e9 de 21 ans a \u00e9t\u00e9 bless\u00e9 par arme blanche le m\u00eame jour au niveau de la cuisse. Les faits se sont d\u00e9roul\u00e9s en milieu d\u2019apr\u00e8s-midi dans un logement du square Garibaldi, situ\u00e9 dans le quartier Cleunay.<\/p>\n<p style=\"text-align: justify;\">La victime, prise en charge par les pompiers de Rennes, avait \u00e9galement re\u00e7u plusieurs coups au visage. Sur le plan judiciaire, une enqu\u00eate confi\u00e9e \u00e0 la police a \u00e9t\u00e9 ouverte pour tenter de faire la lumi\u00e8re sur cette affaire. Transport\u00e9 \u00e0 l\u2019h\u00f4pital en urgence relative, l\u2019homme bless\u00e9 est rest\u00e9 silencieux sur les causes et les auteurs de son agression. Il a depuis quitt\u00e9 les services hospitaliers.<\/p>\n<p style=\"text-align: justify;\">Aupr\u00e8s du m\u00e9dia local Actu Rennes, Jean-Marie Blin, procureur de la R\u00e9publique adjoint, a d\u00e9clar\u00e9 le 11 ao\u00fbt qu\u2019 \u00ab\u2009aucun auteur\u2009\u00bb n\u2019avait pu \u00eatre identifi\u00e9 \u00e0 ce stade de l\u2019enqu\u00eate.<\/p>\n<p style=\"text-align: justify;\">\u00c0 Rennes, Cleunay n\u2019est pas un quartier anodin puisqu\u2019il tra\u00eene une sinistre r\u00e9putation en raison du trafic de drogue qui s\u2019y d\u00e9roule depuis de nombreuses ann\u00e9es.<\/p>\n<p><strong>Cleunay, bastion du crime \u00e0 Rennes<\/strong><\/p>\n<p style=\"text-align: justify;\">Le coup de couteau du 9 ao\u00fbt n\u2019est qu\u2019un nouvel \u00e9pisode dans l\u2019histoire criminelle de Cleunay, un quartier class\u00e9 \u00ab prioritaire \u00bb par l\u2019\u00c9tat et depuis longtemps consid\u00e9r\u00e9 comme un point n\u00e9vralgique du narcotrafic rennais. Le <a href=\"https:\/\/www.breizh-info.com\/2025\/07\/21\/249317\/vivre-amoureusement-ensemble-a-rennes-un-homme-tue-a-larme-blanche-la-piste-du-narcotrafic-en-ligne-de-mire\/\" rel=\"nofollow noopener\" target=\"_blank\">19 juillet<\/a> dernier, un jeune homme de 20 ans a \u00e9t\u00e9 mortellement poignard\u00e9 rue Ferdinand-de-Lesseps. Selon le parquet, il serait \u00ab vraisemblablement li\u00e9 \u00e0 des activit\u00e9s de revente de stup\u00e9fiants \u00bb. Plusieurs t\u00e9moins ont \u00e9voqu\u00e9 un r\u00e8glement de comptes sur fond de rivalit\u00e9s dans le trafic, hypoth\u00e8se privil\u00e9gi\u00e9e par les enqu\u00eateurs.<\/p>\n<p style=\"text-align: justify;\">Le 17 novembre 2023, des coups de feu avaient \u00e9t\u00e9 <a href=\"https:\/\/www.breizh-info.com\/2023\/11\/21\/227015\/rennes-katanas-cleunay\/\" rel=\"nofollow noopener\" target=\"_blank\">entendus dans le quartier<\/a>. Quelques jours auparavant, dans la nuit du 8 au 9 novembre, un adolescent de 16 ans avait \u00e9t\u00e9 bless\u00e9 par balle aux jambes. L\u00e0 encore, le parquet avait \u00e9voqu\u00e9 un r\u00e8glement de comptes li\u00e9 au trafic de stup\u00e9fiants.<\/p>\n<p><strong>Un quartier sous tension permanente<\/strong><\/p>\n<p style=\"text-align: justify;\">Ces faits ne sont pas isol\u00e9s. En mars 2021, un individu de nationalit\u00e9 tch\u00e9tch\u00e8ne avait \u00e9t\u00e9 abattu dans le quartier. Trois mois plus tard, la municipalit\u00e9 avait fait installer des b\u00e2ches autour de l\u2019\u00e9cole maternelle et \u00e9l\u00e9mentaire du groupe scolaire Champion-de-Cic\u00e9 afin que les enfants ne voient pas les trafiquants de drogue. Un symbole saisissant de la d\u00e9gradation s\u00e9curitaire.<\/p>\n<p style=\"text-align: justify;\">Aujourd\u2019hui, Cleunay cumule r\u00e8glements de comptes, coups de feu et agressions violentes. Les habitants d\u00e9noncent un sentiment d\u2019abandon et r\u00e9clament une reprise en main ferme du territoire par l\u2019\u00c9tat. Mais tant que l\u2019autorit\u00e9 reculera devant les trafiquants, ces poches de violence continueront de prosp\u00e9rer, transformant certains quartiers de Rennes en v\u00e9ritables zones de non-droit.<\/p>\n<p style=\"text-align: justify;\">Cr\u00e9dit photo : DR (photo d\u2019illustration)<br \/>[cc] Breizh-info.com, 2025, d\u00e9p\u00eaches libres de copie et de diffusion sous r\u00e9serve de mention et de lien vers la source d\u2019origine<\/p>\n","protected":false},"excerpt":{"rendered":"Canicule ou pas, les couteaux sont de nouveau de sortie \u00e0 Rennes. Dans la capitale de l\u2019Ille-et-Vilaine, certains&hellip;\n","protected":false},"author":2,"featured_media":312229,"comment_status":"","ping_status":"","sticky":false,"template":"","format":"standard","meta":{"footnotes":""},"categories":[2821],"tags":[1111,11,9405,829,20403,5264,1777,674,1011,27,12,584,25,887],"class_list":{"0":"post-312228","1":"post","2":"type-post","3":"status-publish","4":"format-standard","5":"has-post-thumbnail","7":"category-rennes","8":"tag-actu","9":"tag-actualites","10":"tag-arme-blanche","11":"tag-bretagne","12":"tag-cleunay","13":"tag-couteau","14":"tag-eu","15":"tag-europe","16":"tag-fr","17":"tag-france","18":"tag-news","19":"tag-rennes","20":"tag-republique-francaise","21":"tag-trafic-de-drogue"},"share_on_mastodon":{"url":"https:\/\/pubeurope.com\/@fr\/115011645914807353","error":""},"_links":{"self":[{"href":"https:\/\/www.europesays.com\/fr\/wp-json\/wp\/v2\/posts\/312228","targetHints":{"allow":["GET"]}}],"collection":[{"href":"https:\/\/www.europesays.com\/fr\/wp-json\/wp\/v2\/posts"}],"about":[{"href":"https:\/\/www.europesays.com\/fr\/wp-json\/wp\/v2\/types\/post"}],"author":[{"embeddable":true,"href":"https:\/\/www.europesays.com\/fr\/wp-json\/wp\/v2\/users\/2"}],"replies":[{"embeddable":true,"href":"https:\/\/www.europesays.com\/fr\/wp-json\/wp\/v2\/comments?post=312228"}],"version-history":[{"count":0,"href":"https:\/\/www.europesays.com\/fr\/wp-json\/wp\/v2\/posts\/312228\/revisions"}],"wp:featuredmedia":[{"embeddable":true,"href":"https:\/\/www.europesays.com\/fr\/wp-json\/wp\/v2\/media\/312229"}],"wp:attachment":[{"href":"https:\/\/www.europesays.com\/fr\/wp-json\/wp\/v2\/media?parent=312228"}],"wp:term":[{"taxonomy":"category","embeddable":true,"href":"https:\/\/www.europesays.com\/fr\/wp-json\/wp\/v2\/categories?post=312228"},{"taxonomy":"post_tag","embeddable":true,"href":"https:\/\/www.europesays.com\/fr\/wp-json\/wp\/v2\/tags?post=312228"}],"curies":[{"name":"wp","href":"https:\/\/api.w.org\/{rel}","templated":true}]}}