{"id":312230,"date":"2025-08-11T18:53:14","date_gmt":"2025-08-11T18:53:14","guid":{"rendered":"https:\/\/www.europesays.com\/fr\/312230\/"},"modified":"2025-08-11T18:53:14","modified_gmt":"2025-08-11T18:53:14","slug":"rongier-et-merlin-repondent-cash-sur-le-choix-rennes","status":"publish","type":"post","link":"https:\/\/www.europesays.com\/fr\/312230\/","title":{"rendered":"Rongier et Merlin r\u00e9pondent cash sur le choix Rennes"},"content":{"rendered":"<p>Ce lundi apr\u00e8s-midi, le Stade Rennais a pr\u00e9sent\u00e9 \u00e0 la presse ses recrues Przemyslaw Frankowski, <a href=\"https:\/\/www.footmercato.net\/joueur\/valentin-rongier\/\" rel=\"nofollow noopener\" target=\"_blank\">Valentin Rongier<\/a> et <a href=\"https:\/\/www.footmercato.net\/joueur\/quentin-merlin\/\" rel=\"nofollow noopener\" target=\"_blank\">Quentin Merlin<\/a>. Concernant les deux derniers, ils sont arriv\u00e9s ensemble de l\u2019OM, eux les deux anciens du FC Nantes. Un choix qui a fait parler mais que Rongier assume. Ses propos sont relay\u00e9s par <a href=\"https:\/\/www.ouest-france.fr\/sport\/football\/stade-rennais\/stade-rennais-les-premiers-mots-de-valentin-rongier-quentin-merlin-et-przemyslaw-frankowski-453aaa48-76a2-11f0-aae0-d9f2c5541ad0\" rel=\"nofollow noopener\" target=\"_blank\">Ouest-France<\/a>. \u00ab Je me sens bien, le but est d\u2019\u00eatre pr\u00eat ce week-end. J\u2019ai pris un coup avant le match du Genoa mais \u00e7a va d\u00e9j\u00e0 mieux. Forc\u00e9ment, il fallait que <a href=\"https:\/\/www.footmercato.net\/club\/stade-rennais-fc\/\" rel=\"nofollow noopener\" target=\"_blank\">Rennes<\/a> &#8211; <a href=\"https:\/\/www.footmercato.net\/club\/om\/\" rel=\"nofollow noopener\" target=\"_blank\">Marseille<\/a> tombe \u00e0 la premi\u00e8re journ\u00e9e du championnat (rire). L\u2019accueil du Roazhon Park, je n\u2019en ai aucune id\u00e9e. Les supporters feront ce qu\u2019ils voudront faire, mais \u00e7a ne changera rien \u00e0 ce que j\u2019ai envie de faire, c\u2019est-\u00e0-dire aider le club \u00e0 atteindre ses objectifs. Quand le Stade Rennais est arriv\u00e9, j\u2019ai essay\u00e9 de poser les choses et il y avait beaucoup plus de pour que de contre. Les \u00e9changes que j\u2019ai eus m\u2019ont vite fait dire que c\u2019est ici que je devais \u00eatre. Le coach attend de moi que j\u2019am\u00e8ne ma maturit\u00e9, mon exp\u00e9rience. J\u2019ai connu \u00e0 l\u2019OM une ambiance et une tension particuli\u00e8res.\u00bb<\/p>\n<p>            La suite apr\u00e8s cette publicit\u00e9<\/p>\n<p>Il poursuit : \u00abvous savez que j\u2019ai grandi \u00e0 Nantes donc au d\u00e9but, je me suis demand\u00e9 si c\u2019\u00e9tait une bonne id\u00e9e. Mais pour moi, c\u2019est le sportif qui prime. C\u2019\u00e9tait peut-\u00eatre un frein au d\u00e9but mais je l\u2019ai vite \u00e9cart\u00e9 de ma t\u00eate. Je peux comprendre que certaines personnes ne s\u2019y retrouvent pas mais je m\u00e8ne ma carri\u00e8re comme je l\u2019entends et c\u2019est un choix totalement assum\u00e9. Je suis content que l\u2019on me donne ces responsabilit\u00e9s et c\u2019est pour \u00e7a que je suis l\u00e0. Si je peux aider le staff \u00e0 transmettre des messages, je le ferai. Ce n\u2019est pas une pression n\u00e9gative. Pour moi, le Stade Rennais doit finir en haut du classement chaque saison.\u00bb Quentin Merlin est du m\u00eame avis. \u00abPour la suite de ma carri\u00e8re, c\u2019\u00e9tait important pour moi d\u2019avoir plus de responsabilit\u00e9s. Ce n\u2019est pas du tout une r\u00e9gression (par rapport \u00e0 Marseille, ndlr), j\u2019ai beaucoup discut\u00e9 avec mes agents et mon p\u00e8re. C\u2019\u00e9tait vraiment un choix \u00e9vident. J\u2019ai aussi beaucoup discut\u00e9 avec le coach, on a diff\u00e9rentes options, \u00e7a m\u2019a confirm\u00e9 sur mon choix de venir ici. Quand le Stade Rennais est venu vers moi, j\u2019\u00e9tais conscient que \u00e7a allait s\u00fbrement d\u00e9plaire aux supporters nantais. Mais comme Valentin, je m\u00e8ne ma carri\u00e8re comme j\u2019ai envie de la mener.\u00bb Le message est pass\u00e9. <\/p>\n<p>\n    Pub. le 11\/08\/2025 20:32<br \/>\n            &#8211; MAJ le 11\/08\/2025 20:33\n    <\/p>\n","protected":false},"excerpt":{"rendered":"Ce lundi apr\u00e8s-midi, le Stade Rennais a pr\u00e9sent\u00e9 \u00e0 la presse ses recrues Przemyslaw Frankowski, Valentin Rongier et&hellip;\n","protected":false},"author":2,"featured_media":312231,"comment_status":"","ping_status":"","sticky":false,"template":"","format":"standard","meta":{"footnotes":""},"categories":[2821],"tags":[1111,11,829,1777,674,1011,27,12,584,25],"class_list":{"0":"post-312230","1":"post","2":"type-post","3":"status-publish","4":"format-standard","5":"has-post-thumbnail","7":"category-rennes","8":"tag-actu","9":"tag-actualites","10":"tag-bretagne","11":"tag-eu","12":"tag-europe","13":"tag-fr","14":"tag-france","15":"tag-news","16":"tag-rennes","17":"tag-republique-francaise"},"share_on_mastodon":{"url":"https:\/\/pubeurope.com\/@fr\/115011650461034131","error":""},"_links":{"self":[{"href":"https:\/\/www.europesays.com\/fr\/wp-json\/wp\/v2\/posts\/312230","targetHints":{"allow":["GET"]}}],"collection":[{"href":"https:\/\/www.europesays.com\/fr\/wp-json\/wp\/v2\/posts"}],"about":[{"href":"https:\/\/www.europesays.com\/fr\/wp-json\/wp\/v2\/types\/post"}],"author":[{"embeddable":true,"href":"https:\/\/www.europesays.com\/fr\/wp-json\/wp\/v2\/users\/2"}],"replies":[{"embeddable":true,"href":"https:\/\/www.europesays.com\/fr\/wp-json\/wp\/v2\/comments?post=312230"}],"version-history":[{"count":0,"href":"https:\/\/www.europesays.com\/fr\/wp-json\/wp\/v2\/posts\/312230\/revisions"}],"wp:featuredmedia":[{"embeddable":true,"href":"https:\/\/www.europesays.com\/fr\/wp-json\/wp\/v2\/media\/312231"}],"wp:attachment":[{"href":"https:\/\/www.europesays.com\/fr\/wp-json\/wp\/v2\/media?parent=312230"}],"wp:term":[{"taxonomy":"category","embeddable":true,"href":"https:\/\/www.europesays.com\/fr\/wp-json\/wp\/v2\/categories?post=312230"},{"taxonomy":"post_tag","embeddable":true,"href":"https:\/\/www.europesays.com\/fr\/wp-json\/wp\/v2\/tags?post=312230"}],"curies":[{"name":"wp","href":"https:\/\/api.w.org\/{rel}","templated":true}]}}