{"id":312234,"date":"2025-08-11T18:56:29","date_gmt":"2025-08-11T18:56:29","guid":{"rendered":"https:\/\/www.europesays.com\/fr\/312234\/"},"modified":"2025-08-11T18:56:29","modified_gmt":"2025-08-11T18:56:29","slug":"a-strasbourg-on-peut-ecrire-des-cartes-postales-a-des-personnes-agees-isolees","status":"publish","type":"post","link":"https:\/\/www.europesays.com\/fr\/312234\/","title":{"rendered":"\u00e0 Strasbourg, on peut \u00e9crire des cartes postales \u00e0 des personnes \u00e2g\u00e9es isol\u00e9es"},"content":{"rendered":"<p>    <img loading=\"lazy\" width=\"1800\" height=\"900\" src=\"https:\/\/www.europesays.com\/fr\/wp-content\/uploads\/2025\/04\/jeanne-callthepolice.jpg\" class=\"attachment-full size-full\" alt=\"\" id=\"imageLove\" decoding=\"async\"  \/><\/p>\n<p id=\"breadcrumbs\"><a href=\"https:\/\/pokaa.fr\/\" target=\"_blank\" rel=\"noopener\">Accueil<\/a> \/ <a href=\"https:\/\/pokaa.fr\/categories\/strasbourg-solidaire\/\" target=\"_blank\" rel=\"noopener\">Strasbourg Solidaire<\/a> \/ Gratuit : \u00e0 Strasbourg, on peut \u00e9crire des cartes postales \u00e0 des personnes \u00e2g\u00e9es isol\u00e9es<\/p>\n<p>                    Strasbourg Solidaire<\/p>\n<p><b>Pendant les vacances d\u2019\u00e9t\u00e9, recevoir une carte postale d\u2019un(e) ami(e) en voyage fait chaud au c\u0153ur. Mais tout le monde n\u2019a pas cette chance. Pour rompre la solitude de nos a\u00een\u00e9(e)s, l\u2019association Les Petits Fr\u00e8res des Pauvres s\u2019associe \u00e0 l\u2019Office de tourisme de Strasbourg et propose, en ao\u00fbt, une belle initiative solidaire : \u00e9crire gratuitement une carte postale \u00e0 une personne \u00e2g\u00e9e isol\u00e9e.<\/b><\/p>\n<p>Tout le monde ne part pas en vacances, et<strong> pour beaucoup d\u2019a\u00een\u00e9(e)s, l\u2019\u00e9t\u00e9 peut rimer avec solitude<\/strong>. Pour lutter contre cette r\u00e9alit\u00e9, l\u2019association Les Petits Fr\u00e8res des Pauvres propose aux Strasbourgeois(es), en ao\u00fbt, d\u2019envoyer une belle carte postale \u00e0 une personne \u00e2g\u00e9e. <strong>Un geste simple, gratuit et profond\u00e9ment humain.<\/strong>\u00a0<\/p>\n<p>Pour cela, <strong>il suffit de se rendre \u00e0 l\u2019Office de tourisme, d\u2019\u00e9crire quelques mots<\/strong> et de glisser sa carte dans une bo\u00eete d\u00e9di\u00e9e.\u00a0<\/p>\n<p>    <img width=\"800\" height=\"600\" src=\"https:\/\/www.europesays.com\/fr\/wp-content\/uploads\/2025\/08\/whatsapp-image-2025-08-04-at-170359-800x600.jpeg\" class=\"attachment-image-size-L size-image-size-L\" alt=\"Office de tourisme de Strasbourg\" decoding=\"async\" loading=\"lazy\"  \/>         \u00a9 Tiphaine Rabolt \/ Pokaa <\/p>\n<p>Val\u00e9rie, de l\u2019Office de tourisme, nous tend deux cartes postales : \u00ab C\u2019est pour vous. Une fois vos cartes \u00e9crites, vous pouvez les d\u00e9poser dans la bo\u00eete juste \u00e0 c\u00f4t\u00e9. <strong>L\u2019association viendra r\u00e9guli\u00e8rement les r\u00e9cup\u00e9rer pour les remettre aux a\u00een\u00e9s qui sont seuls cet \u00e9t\u00e9.<\/strong> Beaucoup d\u2019entre eux n\u2019ont plus de famille \u00bb, explique-t-elle.<\/p>\n<p>                <img width=\"375\" height=\"500\" src=\"https:\/\/www.europesays.com\/fr\/wp-content\/uploads\/2025\/08\/whatsapp-image-2025-08-04-at-170400-1-375x500.jpeg\" class=\"attachment-gallery size-gallery\" alt=\"Office de tourisme de Strasbourg\" data-full-url=\"https:\/\/pokaa.fr\/wp-content\/uploads\/2025\/08\/04\/whatsapp-image-2025-08-04-at-170400-1.jpeg\" decoding=\"async\" loading=\"lazy\"  \/>            <\/p>\n<p>                <img width=\"375\" height=\"500\" src=\"https:\/\/www.europesays.com\/fr\/wp-content\/uploads\/2025\/08\/whatsapp-image-2025-08-04-at-170400-375x500.jpeg\" class=\"attachment-gallery size-gallery\" alt=\"carte postale Les Petits Fr\u00e8res des Pauvres\" data-full-url=\"https:\/\/pokaa.fr\/wp-content\/uploads\/2025\/08\/04\/whatsapp-image-2025-08-04-at-170400.jpeg\" decoding=\"async\" loading=\"lazy\"  \/>            <\/p>\n<p>                    \u00a9 Tiphaine Rabolt \/ Pokaa<\/p>\n<p>L\u2019isolement, un fl\u00e9au qui touche nos ain\u00e9s<\/p>\n<p><strong>Depuis 1946, l\u2019association Les Petits Fr\u00e8res des Pauvres<\/strong><strong> agit<\/strong> aupr\u00e8s des personnes \u00e2g\u00e9es isol\u00e9es, notamment les plus d\u00e9munies. <\/p>\n<p>L\u2019op\u00e9ration <strong>\u00ab <\/strong><b>Cartes du c\u0153ur \u00bb<\/b>, reconduite pour la deuxi\u00e8me ann\u00e9e cons\u00e9cutive, a d\u00e9j\u00e0 prouv\u00e9 son utilit\u00e9. En 2024, <b>plus de 14 000 cartes ont \u00e9t\u00e9 envoy\u00e9es<\/b> \u00e0 travers la France ! Et chaque message envoy\u00e9 permet d\u2019illuminer la journ\u00e9e d\u2019une personne \u00e2g\u00e9e.\u00a0<\/p>\n<p>                <img width=\"375\" height=\"500\" src=\"https:\/\/www.europesays.com\/fr\/wp-content\/uploads\/2025\/08\/whatsapp-image-2025-08-04-at-170401-375x500.jpeg\" class=\"attachment-gallery size-gallery\" alt=\"carte postale Les Petits Fr\u00e8res des Pauvres\" data-full-url=\"https:\/\/pokaa.fr\/wp-content\/uploads\/2025\/08\/04\/whatsapp-image-2025-08-04-at-170401-e1754320280206.jpeg\" decoding=\"async\" loading=\"lazy\"  \/>            <\/p>\n<p>                <img width=\"375\" height=\"500\" src=\"https:\/\/www.europesays.com\/fr\/wp-content\/uploads\/2025\/08\/whatsapp-image-2025-08-04-at-170402-375x500.jpeg\" class=\"attachment-gallery size-gallery\" alt=\"carte postale Les Petits Fr\u00e8res des Pauvres\" data-full-url=\"https:\/\/pokaa.fr\/wp-content\/uploads\/2025\/08\/04\/whatsapp-image-2025-08-04-at-170402-e1754320296874.jpeg\" decoding=\"async\" loading=\"lazy\"  \/>            <\/p>\n<p>                    \u00a9 Tiphaine Rabolt \/ Pokaa<\/p>\n<p>    <img width=\"450\" height=\"600\" src=\"https:\/\/www.europesays.com\/fr\/wp-content\/uploads\/2025\/08\/whatsapp-image-2025-08-04-at-170402-1-450x600.jpeg\" class=\"attachment-image-size-M size-image-size-M\" alt=\"carte postale Les Petits Fr\u00e8res des Pauvres\" decoding=\"async\" loading=\"lazy\"  \/>         \u00a9 Tiphaine Rabolt \/ Pokaa <\/p>\n<p>Daisy, 92 ans, t\u00e9moigne aupr\u00e8s de l\u2019association : <strong>\u00ab Recevoir une carte postale dans une bo\u00eete qu\u2019on n\u2019ouvre souvent pour rien, j\u2019en suis encore toute \u00e9mue. Merci encore \u00e0 cette personne. \u00bb<\/strong><\/p>\n<p>Surtout que l\u2019\u00e9t\u00e9 est une p\u00e9riode particuli\u00e8rement difficile pour les personnes \u00e2g\u00e9es : commerces ferm\u00e9s, proches parti(e)s en vacances, services d\u2019aide parfois suspendus\u2026 <strong>L\u2019absence de contact humain peut entra\u00eener un sentiment d\u2019abandon profond<\/strong>, avec des cons\u00e9quences directes sur la sant\u00e9 mentale.<\/p>\n<p>                <img width=\"375\" height=\"500\" src=\"https:\/\/www.europesays.com\/fr\/wp-content\/uploads\/2025\/08\/whatsapp-image-2025-08-04-at-170403-375x500.jpeg\" class=\"attachment-gallery size-gallery\" alt=\"carte postale Les Petits Fr\u00e8res des Pauvres\" data-full-url=\"https:\/\/pokaa.fr\/wp-content\/uploads\/2025\/08\/04\/whatsapp-image-2025-08-04-at-170403-e1754320356588.jpeg\" decoding=\"async\" loading=\"lazy\"  \/>            <\/p>\n<p>                <img width=\"375\" height=\"500\" src=\"https:\/\/www.europesays.com\/fr\/wp-content\/uploads\/2025\/08\/whatsapp-image-2025-08-04-at-170404-1-375x500.jpeg\" class=\"attachment-gallery size-gallery\" alt=\"carte postale Les Petits Fr\u00e8res des Pauvres\" data-full-url=\"https:\/\/pokaa.fr\/wp-content\/uploads\/2025\/08\/04\/whatsapp-image-2025-08-04-at-170404-1-e1754320308331.jpeg\" decoding=\"async\" loading=\"lazy\"  \/>            <\/p>\n<p>                    \u00a9 Tiphaine Rabolt \/ Pokaa<\/p>\n<p>Alors, <strong>si vous avez quelques minutes dans votre semaine,<\/strong> vous savez quoi faire, <strong>nous on a d\u00e9j\u00e0 envoy\u00e9 notre carte postale ! <\/strong>Et s<strong>i vous ne pouvez pas vous d\u00e9placer, envoyez votre carte directement en ligne <a href=\"https:\/\/cartes.petitsfreresdespauvres.fr\/?_gl=1%2A1fjbyji%2A_gcl_au%2AMjAzODcwMTYzMC4xNzU0MzEyODA2\" target=\"_blank\" rel=\"noopener\">en cliquant ici<\/a>. L\u2019association imprimera ensuite votre cr\u00e9ation avant de l\u2019envoyer.\u00a0<\/strong><\/p>\n<p>            \u00ab Cartes du c\u0153ur \u00bb<\/p>\n<p>            Quoi ? <\/p>\n<p>Op\u00e9ration consistant \u00e0 envoyer une carte postale \u00e0 une personne \u00e2g\u00e9e<\/p>\n<p>                Quand ?<\/p>\n<p>Ao\u00fbt 2025<\/p>\n<p>            o\u00f9 ?<\/p>\n<p>Office de tourisme, 17 place de la Cath\u00e9drale, \u00e0 Strasbourg<\/p>\n<p>                Plus d&rsquo;infos ?<\/p>\n<p><a href=\"https:\/\/cartes.petitsfreresdespauvres.fr\/?_gl=1%2A1fjbyji%2A_gcl_au%2AMjAzODcwMTYzMC4xNzU0MzEyODA2\" target=\"_blank\" rel=\"noopener\">Pour envoyer votre carte en ligne, il suffit de cliquer ici<\/a><\/p>\n","protected":false},"excerpt":{"rendered":"Accueil \/ Strasbourg Solidaire \/ Gratuit : \u00e0 Strasbourg, on peut \u00e9crire des cartes postales \u00e0 des personnes&hellip;\n","protected":false},"author":2,"featured_media":312235,"comment_status":"","ping_status":"","sticky":false,"template":"","format":"standard","meta":{"footnotes":""},"categories":[2820],"tags":[1111,11,4077,45210,1777,674,1011,27,775,12,23860,25,640],"class_list":{"0":"post-312234","1":"post","2":"type-post","3":"status-publish","4":"format-standard","5":"has-post-thumbnail","7":"category-strasbourg","8":"tag-actu","9":"tag-actualites","10":"tag-association","11":"tag-carte-postale","12":"tag-eu","13":"tag-europe","14":"tag-fr","15":"tag-france","16":"tag-grand-est","17":"tag-news","18":"tag-office-de-tourisme","19":"tag-republique-francaise","20":"tag-strasbourg"},"share_on_mastodon":{"url":"https:\/\/pubeurope.com\/@fr\/115011661800913223","error":""},"_links":{"self":[{"href":"https:\/\/www.europesays.com\/fr\/wp-json\/wp\/v2\/posts\/312234","targetHints":{"allow":["GET"]}}],"collection":[{"href":"https:\/\/www.europesays.com\/fr\/wp-json\/wp\/v2\/posts"}],"about":[{"href":"https:\/\/www.europesays.com\/fr\/wp-json\/wp\/v2\/types\/post"}],"author":[{"embeddable":true,"href":"https:\/\/www.europesays.com\/fr\/wp-json\/wp\/v2\/users\/2"}],"replies":[{"embeddable":true,"href":"https:\/\/www.europesays.com\/fr\/wp-json\/wp\/v2\/comments?post=312234"}],"version-history":[{"count":0,"href":"https:\/\/www.europesays.com\/fr\/wp-json\/wp\/v2\/posts\/312234\/revisions"}],"wp:featuredmedia":[{"embeddable":true,"href":"https:\/\/www.europesays.com\/fr\/wp-json\/wp\/v2\/media\/312235"}],"wp:attachment":[{"href":"https:\/\/www.europesays.com\/fr\/wp-json\/wp\/v2\/media?parent=312234"}],"wp:term":[{"taxonomy":"category","embeddable":true,"href":"https:\/\/www.europesays.com\/fr\/wp-json\/wp\/v2\/categories?post=312234"},{"taxonomy":"post_tag","embeddable":true,"href":"https:\/\/www.europesays.com\/fr\/wp-json\/wp\/v2\/tags?post=312234"}],"curies":[{"name":"wp","href":"https:\/\/api.w.org\/{rel}","templated":true}]}}