{"id":312238,"date":"2025-08-11T18:58:15","date_gmt":"2025-08-11T18:58:15","guid":{"rendered":"https:\/\/www.europesays.com\/fr\/312238\/"},"modified":"2025-08-11T18:58:15","modified_gmt":"2025-08-11T18:58:15","slug":"nice-veut-signer-mahdi-camara","status":"publish","type":"post","link":"https:\/\/www.europesays.com\/fr\/312238\/","title":{"rendered":"Nice veut signer Mahdi Camara"},"content":{"rendered":"<p style=\"text-align: justify;\"><strong>TRANSFERTS NICE \u2013 Selon <a href=\"https:\/\/www.lequipe.fr\/Football\/Actualites\/Mercato-nice-fonce-sur-le-brestois-mahdi-camara\/1584480\" target=\"_blank\" rel=\"noopener\">L\u2019\u00c9quipe<\/a>, Nice veut recruter le milieu de terrain du Stade Brestois, Mahdi Camara.<\/strong><\/p>\n<p style=\"text-align: justify;\">L\u2019<strong>OGC Nice<\/strong> a fait un mercato assez discret, mais avec pour le moment trois renforts malgr\u00e9 tout. <strong>Yehvann<\/strong> <strong>Diouf<\/strong> arrive en provenance de <strong>Reims,<\/strong> alors que <strong>Isak<\/strong> <strong>Jansson<\/strong> s\u2019est engag\u00e9 en provenance du <strong>Rapid<\/strong> <strong>Vienne<\/strong> pour 10 millions d\u2019euros. Plus r\u00e9cemment, <strong>Kojo Peprah Oppong<\/strong> a rejoint les Aiglons pour renforcer la d\u00e9fense centrale.<\/p>\n<p>Mahdi Camara signe \u00e0 Nice<\/p>\n<p style=\"text-align: justify;\">Largement battus par <strong>Benfica<\/strong>, les <strong>Ni\u00e7ois<\/strong> se sont mis en qu\u00eate d\u2019un milieu de terrain r\u00e9cup\u00e9rateur. Plusieurs profils ont \u00e9t\u00e9 \u00e9tudi\u00e9s, mais les dirigeants <strong>azur\u00e9ens<\/strong> semblent avoir jet\u00e9 leur d\u00e9volu sur le milieu de terrain du <strong>Stade Brestois<\/strong>, <strong>Mahdi<\/strong> <strong>Camara<\/strong>. Sous contrat pour encore deux saisons, le joueur de 27 ans pourrait avoir un bon de sortie cet \u00e9t\u00e9.<\/p>\n<p style=\"text-align: justify;\">En d\u00e9but de mercato, des clubs am\u00e9ricains, mais aussi russes, se sont positionn\u00e9s pour le recruter sans que cela aboutisse. <strong>Mahdi<\/strong> <strong>Camara<\/strong> serait tr\u00e8s int\u00e9ress\u00e9 par l\u2019offre ni\u00e7oise, mais il n\u2019y a pour le moment pas d\u2019accord entre les deux clubs. Le <strong>Stade<\/strong> <strong>Brestois<\/strong> devrait r\u00e9clamer au moins huit millions d\u2019euros pour lib\u00e9rer son milieu d\u00e9fensif.<\/p>\n<p>\u00c0 ce sujet<br \/>\n<a href=\"https:\/\/dicodusport.fr\/blog\/mercato-nice-2025-2026-le-tableau-complet-des-transferts-arrivees-et-departs\/\" class=\"vlp-link\" title=\"Mercato Nice 2025-2026 : Le tableau complet des transferts, arriv\u00e9es et d\u00e9parts\" target=\"_blank\" rel=\"noopener\"><img loading=\"lazy\" decoding=\"async\" style=\"max-width: 792px;\" width=\"792\" height=\"445\" class=\"attachment-800x445 size-800x445 perfmatters-lazy\" alt=\"Mercato Nice 2025-2026 Le tableau complet des transferts, arriv\u00e9es et d\u00e9parts\" src=\"https:\/\/www.europesays.com\/fr\/wp-content\/uploads\/2025\/08\/Mercato-Nice-2025-2026-Le-tableau-complet-des-transferts-arrivees-et-departs.png\"  data-\/><\/p>\n<p>Mercato Nice 2025-2026 : Le tableau complet des transferts, arriv\u00e9es et d\u00e9parts<\/p>\n<p>TRANSFERTS NICE &#8211; Retrouvez tous les mouvements de l&rsquo;OGC Nice pour l&rsquo;intersaison 2025 en Ligue 1. Arriv\u00e9es, d\u00e9part, pr\u00eats, transferts d\u00e9finitifs, ne ratez rien du mercato estival.\u00a0<\/p>\n<p>Lire l&rsquo;article<\/p>\n<p>dicodusport.fr<\/p>\n","protected":false},"excerpt":{"rendered":"TRANSFERTS NICE \u2013 Selon L\u2019\u00c9quipe, Nice veut recruter le milieu de terrain du Stade Brestois, Mahdi Camara. L\u2019OGC&hellip;\n","protected":false},"author":2,"featured_media":312239,"comment_status":"","ping_status":"","sticky":false,"template":"","format":"standard","meta":{"footnotes":""},"categories":[2819],"tags":[1111,11,2113,1777,674,1011,27,66,12,2401,882,25],"class_list":{"0":"post-312238","1":"post","2":"type-post","3":"status-publish","4":"format-standard","5":"has-post-thumbnail","7":"category-nice","8":"tag-actu","9":"tag-actualites","10":"tag-breve","11":"tag-eu","12":"tag-europe","13":"tag-fr","14":"tag-france","15":"tag-ligue-1","16":"tag-news","17":"tag-nice","18":"tag-provence-alpes-cote-dazur","19":"tag-republique-francaise"},"share_on_mastodon":{"url":"https:\/\/pubeurope.com\/@fr\/115011669535962534","error":""},"_links":{"self":[{"href":"https:\/\/www.europesays.com\/fr\/wp-json\/wp\/v2\/posts\/312238","targetHints":{"allow":["GET"]}}],"collection":[{"href":"https:\/\/www.europesays.com\/fr\/wp-json\/wp\/v2\/posts"}],"about":[{"href":"https:\/\/www.europesays.com\/fr\/wp-json\/wp\/v2\/types\/post"}],"author":[{"embeddable":true,"href":"https:\/\/www.europesays.com\/fr\/wp-json\/wp\/v2\/users\/2"}],"replies":[{"embeddable":true,"href":"https:\/\/www.europesays.com\/fr\/wp-json\/wp\/v2\/comments?post=312238"}],"version-history":[{"count":0,"href":"https:\/\/www.europesays.com\/fr\/wp-json\/wp\/v2\/posts\/312238\/revisions"}],"wp:featuredmedia":[{"embeddable":true,"href":"https:\/\/www.europesays.com\/fr\/wp-json\/wp\/v2\/media\/312239"}],"wp:attachment":[{"href":"https:\/\/www.europesays.com\/fr\/wp-json\/wp\/v2\/media?parent=312238"}],"wp:term":[{"taxonomy":"category","embeddable":true,"href":"https:\/\/www.europesays.com\/fr\/wp-json\/wp\/v2\/categories?post=312238"},{"taxonomy":"post_tag","embeddable":true,"href":"https:\/\/www.europesays.com\/fr\/wp-json\/wp\/v2\/tags?post=312238"}],"curies":[{"name":"wp","href":"https:\/\/api.w.org\/{rel}","templated":true}]}}