{"id":312254,"date":"2025-08-11T19:07:12","date_gmt":"2025-08-11T19:07:12","guid":{"rendered":"https:\/\/www.europesays.com\/fr\/312254\/"},"modified":"2025-08-11T19:07:12","modified_gmt":"2025-08-11T19:07:12","slug":"une-raie-geante-en-detresse-secourue-pres-de-la-pointe-rouge","status":"publish","type":"post","link":"https:\/\/www.europesays.com\/fr\/312254\/","title":{"rendered":"Une raie g\u00e9ante en d\u00e9tresse secourue pr\u00e8s de la Pointe-Rouge"},"content":{"rendered":"<p>Les raies se sont-elles toutes donn\u00e9 rendez-vous \u00e0 Marseille cet \u00e9t\u00e9\u00a0? On pourrait le croire quand on croise les donn\u00e9es des secours qui ont d\u00fb intervenir vendredi 8\u00a0ao\u00fbt au matin <a href=\"https:\/\/www.laprovence.com\/article\/societe\/42995063614017\/raies-et-rorquals-pres-des-cotes-de-marseille-sagit-il-dun-evenement-rare-dans-la-region\" target=\"_blank\" rel=\"noopener\">pour la septi\u00e8me fois \u00e0 proximit\u00e9 d\u2019une plage du littoral Sud<\/a>. Une impressionnante raie mobula, rep\u00e9r\u00e9e au bord des rochers de la plage de la Pointe-Rouge peu avant 8h, a \u00e9t\u00e9 \u00e9vacu\u00e9e vers le large par les marins-pompiers. Surnomm\u00e9e \u00ab\u00a0le diable de la M\u00e9diterran\u00e9e\u00a0\u00bb, cette raie volante qui peut atteindre jusqu\u2019\u00e0 5 m\u00e8tres de diam\u00e8tre est fragile, menac\u00e9e, mais non prot\u00e9g\u00e9e en France m\u00e9tropolitaine. \u00c0 la diff\u00e9rence des raies pastenagues, esp\u00e8ce end\u00e9mique dont la pr\u00e9sence sur le littoral est habituelle, notamment pour mettre bas, il n\u2019est pas courant que les raies mobula se rapprochent des c\u00f4tes.<\/p>\n","protected":false},"excerpt":{"rendered":"Les raies se sont-elles toutes donn\u00e9 rendez-vous \u00e0 Marseille cet \u00e9t\u00e9\u00a0? On pourrait le croire quand on croise&hellip;\n","protected":false},"author":2,"featured_media":312255,"comment_status":"","ping_status":"","sticky":false,"template":"","format":"standard","meta":{"footnotes":""},"categories":[2814],"tags":[17,1111,11,1102,17432,436,1777,674,1011,27,32403,884,12,22657,3762,882,31874,25,45211,96],"class_list":{"0":"post-312254","1":"post","2":"type-post","3":"status-publish","4":"format-standard","5":"has-post-thumbnail","7":"category-marseille","8":"tag-17","9":"tag-actu","10":"tag-actualites","11":"tag-breakingnews","12":"tag-detresse","13":"tag-environnement","14":"tag-eu","15":"tag-europe","16":"tag-fr","17":"tag-france","18":"tag-geante","19":"tag-marseille","20":"tag-news","21":"tag-pointe-rouge","22":"tag-pres","23":"tag-provence-alpes-cote-dazur","24":"tag-raie","25":"tag-republique-francaise","26":"tag-secourue","27":"tag-une"},"share_on_mastodon":{"url":"https:\/\/pubeurope.com\/@fr\/115011704879417291","error":""},"_links":{"self":[{"href":"https:\/\/www.europesays.com\/fr\/wp-json\/wp\/v2\/posts\/312254","targetHints":{"allow":["GET"]}}],"collection":[{"href":"https:\/\/www.europesays.com\/fr\/wp-json\/wp\/v2\/posts"}],"about":[{"href":"https:\/\/www.europesays.com\/fr\/wp-json\/wp\/v2\/types\/post"}],"author":[{"embeddable":true,"href":"https:\/\/www.europesays.com\/fr\/wp-json\/wp\/v2\/users\/2"}],"replies":[{"embeddable":true,"href":"https:\/\/www.europesays.com\/fr\/wp-json\/wp\/v2\/comments?post=312254"}],"version-history":[{"count":0,"href":"https:\/\/www.europesays.com\/fr\/wp-json\/wp\/v2\/posts\/312254\/revisions"}],"wp:featuredmedia":[{"embeddable":true,"href":"https:\/\/www.europesays.com\/fr\/wp-json\/wp\/v2\/media\/312255"}],"wp:attachment":[{"href":"https:\/\/www.europesays.com\/fr\/wp-json\/wp\/v2\/media?parent=312254"}],"wp:term":[{"taxonomy":"category","embeddable":true,"href":"https:\/\/www.europesays.com\/fr\/wp-json\/wp\/v2\/categories?post=312254"},{"taxonomy":"post_tag","embeddable":true,"href":"https:\/\/www.europesays.com\/fr\/wp-json\/wp\/v2\/tags?post=312254"}],"curies":[{"name":"wp","href":"https:\/\/api.w.org\/{rel}","templated":true}]}}