{"id":312258,"date":"2025-08-11T19:09:11","date_gmt":"2025-08-11T19:09:11","guid":{"rendered":"https:\/\/www.europesays.com\/fr\/312258\/"},"modified":"2025-08-11T19:09:11","modified_gmt":"2025-08-11T19:09:11","slug":"la-piscine-municipale-de-caluire-ouverte-gratuitement-aux-habitants","status":"publish","type":"post","link":"https:\/\/www.europesays.com\/fr\/312258\/","title":{"rendered":"la piscine municipale de Caluire ouverte gratuitement aux habitants"},"content":{"rendered":"<p itemprop=\"description\"><strong>Face \u00e0 l\u2019\u00e9pisode de vigilance rouge canicule, la ville de Caluire-et-Cuire met en place une mesure exceptionnelle pour aider ses habitants \u00e0 se rafra\u00eechir.<\/strong><\/p>\n<p>Le maire, Bastien Joint, a annonc\u00e9 l\u2019ouverture gratuite de la piscine municipale Isabelle Jouffroy (avenue \u00c9lie Vignal) \u00e0 compter de ce mardi. Les Caluirards munis d\u2019un justificatif de domicile, ainsi que les femmes enceintes et les personnes en situation de handicap, pourront y acc\u00e9der sans frais.<\/p>\n<p>L\u2019\u00e9quipement sera accessible tous les jours de 10h \u00e0 19h et cette gratuit\u00e9 restera en vigueur aussi longtemps que durera l\u2019alerte rouge.<\/p>\n<p>\u00ab\u00a0Notre priorit\u00e9 est de prot\u00e9ger la sant\u00e9 de tous et de proposer des solutions concr\u00e8tes et imm\u00e9diates pour affronter cette canicule\u00a0\u00bb, pr\u00e9cise Bastien Joint dans un communiqu\u00e9.<\/p>\n<p>Cette mesure n&rsquo;est pas nouvelle dans l&rsquo;agglom\u00e9ration. Depuis jeudi dernier, la mairie d&rsquo;Oullins-Pierre-B\u00e9nite a \u00e9galement rendu sa piscine municipale gratuite d&rsquo;acc\u00e8s aux habitants.<\/p>\n","protected":false},"excerpt":{"rendered":"Face \u00e0 l\u2019\u00e9pisode de vigilance rouge canicule, la ville de Caluire-et-Cuire met en place une mesure exceptionnelle pour&hellip;\n","protected":false},"author":2,"featured_media":312259,"comment_status":"","ping_status":"","sticky":false,"template":"","format":"standard","meta":{"footnotes":""},"categories":[1889],"tags":[42568,1111,47,11,2430,1777,674,6017,1011,27,2808,19615,1922,6417,1114,7285,2428,45213,2487,19618,45212,12,316,1404,4049,25,801,2812],"class_list":{"0":"post-312258","1":"post","2":"type-post","3":"status-publish","4":"format-standard","5":"has-post-thumbnail","7":"category-lyon","8":"tag-42568","9":"tag-actu","10":"tag-actualite","11":"tag-actualites","12":"tag-auvergne-rhone-alpes","13":"tag-eu","14":"tag-europe","15":"tag-fait-divers","16":"tag-fr","17":"tag-france","18":"tag-grand-lyon","19":"tag-gratuitement","20":"tag-info","21":"tag-information","22":"tag-infos","23":"tag-jours","24":"tag-lyon","25":"tag-m-lyon","26":"tag-meteo","27":"tag-meteos","28":"tag-mlyon","29":"tag-news","30":"tag-politique","31":"tag-quotidien","32":"tag-quotidienne","33":"tag-republique-francaise","34":"tag-social","35":"tag-sociale"},"share_on_mastodon":{"url":"https:\/\/pubeurope.com\/@fr\/115011712643040942","error":""},"_links":{"self":[{"href":"https:\/\/www.europesays.com\/fr\/wp-json\/wp\/v2\/posts\/312258","targetHints":{"allow":["GET"]}}],"collection":[{"href":"https:\/\/www.europesays.com\/fr\/wp-json\/wp\/v2\/posts"}],"about":[{"href":"https:\/\/www.europesays.com\/fr\/wp-json\/wp\/v2\/types\/post"}],"author":[{"embeddable":true,"href":"https:\/\/www.europesays.com\/fr\/wp-json\/wp\/v2\/users\/2"}],"replies":[{"embeddable":true,"href":"https:\/\/www.europesays.com\/fr\/wp-json\/wp\/v2\/comments?post=312258"}],"version-history":[{"count":0,"href":"https:\/\/www.europesays.com\/fr\/wp-json\/wp\/v2\/posts\/312258\/revisions"}],"wp:featuredmedia":[{"embeddable":true,"href":"https:\/\/www.europesays.com\/fr\/wp-json\/wp\/v2\/media\/312259"}],"wp:attachment":[{"href":"https:\/\/www.europesays.com\/fr\/wp-json\/wp\/v2\/media?parent=312258"}],"wp:term":[{"taxonomy":"category","embeddable":true,"href":"https:\/\/www.europesays.com\/fr\/wp-json\/wp\/v2\/categories?post=312258"},{"taxonomy":"post_tag","embeddable":true,"href":"https:\/\/www.europesays.com\/fr\/wp-json\/wp\/v2\/tags?post=312258"}],"curies":[{"name":"wp","href":"https:\/\/api.w.org\/{rel}","templated":true}]}}