{"id":312260,"date":"2025-08-11T19:10:23","date_gmt":"2025-08-11T19:10:23","guid":{"rendered":"https:\/\/www.europesays.com\/fr\/312260\/"},"modified":"2025-08-11T19:10:23","modified_gmt":"2025-08-11T19:10:23","slug":"metropole-de-lyon-lagriculture-periurbaine-senracine-a-saint-priest","status":"publish","type":"post","link":"https:\/\/www.europesays.com\/fr\/312260\/","title":{"rendered":"M\u00e9tropole de Lyon. L\u2019agriculture p\u00e9riurbaine s\u2019enracine \u00e0 Saint-Priest"},"content":{"rendered":"<p>Sur le chemin de Saint-Bonnet-de-Mure, les maisons laissent progressivement place aux champs et aux silos. St\u00e9phane Peillet vit ici, au hameau de la Fouillouse. \u00c0 c\u00f4t\u00e9 de ses missions d\u2019adjoint au maire de Saint-Priest et de vice-pr\u00e9sident de la chambre d\u2019agriculture du Rh\u00f4ne, il cultive c\u00e9r\u00e9ales, colza, ma\u00efs et soja, \u00e0 la ferme des Bruy\u00e8res. Avec ses deux associ\u00e9s, il g\u00e8re 400\u00a0ha de cultures, dont quasiment la moiti\u00e9 en bio.<\/p>\n<p>Comme lui, ils sont une quinzaine d\u2019agriculteurs exploitants install\u00e9s \u00e0 Saint-Priest. Un tiers de la commune est consacr\u00e9 aux espaces naturels (zones agricoles&#8230;<\/p>\n","protected":false},"excerpt":{"rendered":"Sur le chemin de Saint-Bonnet-de-Mure, les maisons laissent progressivement place aux champs et aux silos. St\u00e9phane Peillet vit&hellip;\n","protected":false},"author":2,"featured_media":312261,"comment_status":"","ping_status":"","sticky":false,"template":"","format":"standard","meta":{"footnotes":""},"categories":[1889],"tags":[1111,11,327,2430,33,3152,1777,674,1011,27,2428,12,25,4605,4606],"class_list":{"0":"post-312260","1":"post","2":"type-post","3":"status-publish","4":"format-standard","5":"has-post-thumbnail","7":"category-lyon","8":"tag-actu","9":"tag-actualites","10":"tag-agriculture","11":"tag-auvergne-rhone-alpes","12":"tag-economie","13":"tag-edition-est-lyonnais","14":"tag-eu","15":"tag-europe","16":"tag-fr","17":"tag-france","18":"tag-lyon","19":"tag-news","20":"tag-republique-francaise","21":"tag-saint-priest","22":"tag-saint-priest-ville"},"share_on_mastodon":{"url":"https:\/\/pubeurope.com\/@fr\/115011716576533369","error":""},"_links":{"self":[{"href":"https:\/\/www.europesays.com\/fr\/wp-json\/wp\/v2\/posts\/312260","targetHints":{"allow":["GET"]}}],"collection":[{"href":"https:\/\/www.europesays.com\/fr\/wp-json\/wp\/v2\/posts"}],"about":[{"href":"https:\/\/www.europesays.com\/fr\/wp-json\/wp\/v2\/types\/post"}],"author":[{"embeddable":true,"href":"https:\/\/www.europesays.com\/fr\/wp-json\/wp\/v2\/users\/2"}],"replies":[{"embeddable":true,"href":"https:\/\/www.europesays.com\/fr\/wp-json\/wp\/v2\/comments?post=312260"}],"version-history":[{"count":0,"href":"https:\/\/www.europesays.com\/fr\/wp-json\/wp\/v2\/posts\/312260\/revisions"}],"wp:featuredmedia":[{"embeddable":true,"href":"https:\/\/www.europesays.com\/fr\/wp-json\/wp\/v2\/media\/312261"}],"wp:attachment":[{"href":"https:\/\/www.europesays.com\/fr\/wp-json\/wp\/v2\/media?parent=312260"}],"wp:term":[{"taxonomy":"category","embeddable":true,"href":"https:\/\/www.europesays.com\/fr\/wp-json\/wp\/v2\/categories?post=312260"},{"taxonomy":"post_tag","embeddable":true,"href":"https:\/\/www.europesays.com\/fr\/wp-json\/wp\/v2\/tags?post=312260"}],"curies":[{"name":"wp","href":"https:\/\/api.w.org\/{rel}","templated":true}]}}