{"id":312266,"date":"2025-08-11T19:14:13","date_gmt":"2025-08-11T19:14:13","guid":{"rendered":"https:\/\/www.europesays.com\/fr\/312266\/"},"modified":"2025-08-11T19:14:13","modified_gmt":"2025-08-11T19:14:13","slug":"un-neant-insoutenable-amelie-nothomb-charge-la-gare-de-vierzon-en-reponse-la-ville-linvite","status":"publish","type":"post","link":"https:\/\/www.europesays.com\/fr\/312266\/","title":{"rendered":"\u00ab\u00a0Un n\u00e9ant insoutenable\u00a0\u00bb, Am\u00e9lie Nothomb charge la gare de Vierzon, en r\u00e9ponse la ville l&rsquo;invite"},"content":{"rendered":"<p class=\"article__intro\">Dans les colonnes du Figaro, Am\u00e9lie Nothomb \u00e9voque la gare de Vierzon comme \u00e9tant sa destination cauchemar. Un r\u00e9quisitoire s\u00e9v\u00e8re dress\u00e9 par la romanci\u00e8re belge. Ses critiques suscitent sur place un vive m\u00e9contentement de la part des habitants et de la municipalit\u00e9.<\/p>\n<p>\n      La Quotidienne Soci\u00e9t\u00e9\n    <\/p>\n<p>\n      De la vie quotidienne aux grands enjeux, recevez tous les jours les sujets qui font la soci\u00e9t\u00e9 locale, comme la justice, l\u2019\u00e9ducation, la sant\u00e9 et la famille.\n    <\/p>\n<p>    France T\u00e9l\u00e9visions utilise votre adresse e-mail afin de vous envoyer la newsletter \u00ab\u00a0La Quotidienne Soci\u00e9t\u00e9\u00a0\u00bb. Vous pouvez vous d\u00e9sinscrire \u00e0 tout moment via le lien en bas de cette newsletter. <a target=\"_blank\" href=\"https:\/\/www.francetelevisions.fr\/groupe\/confidentialite\/politique-de-confidentialite\/politique-de-confidentialite-de-france-televisions-6503\" rel=\"nofollow noopener\">Notre politique de confidentialit\u00e9<\/a><\/p>\n<p>\u201cM\u00e9pris ordinaire d&rsquo;une \u00e9lite intellectuelle\u00a0\u00bb, Pas sympa\u201d, \u201cQu\u2019est-ce qu\u2019elle connait de Vierzon ?\u201d, \u201cD\u00e9sopilant avec un petit trait d\u2019absurdit\u00e9\u201d etc. \u00a0<\/p>\n<p>Il n\u2019a pas fallu attendre tr\u00e8s longtemps\u00a0apr\u00e8s la parution de l\u2019article du Figaro, ce lundi 11 ao\u00fbt, pour voir les r\u00e9actions sur les r\u00e9seaux sociaux fleurir. Des commentaires en cha\u00eene \u00e9crits par des habitants de Vierzon pour la plupart et qui font part de leur incompr\u00e9hension, de leur col\u00e8re m\u00eame parfois.\u00a0<\/p>\n<p>Il faut dire qu\u2019en ouvrant les pages du quotidien, les Vierzonnais ont eu la mauvaise surprise de d\u00e9couvrir un texte au vitriole sur leur ville sign\u00e9 Am\u00e9lie Nothomb, la romanci\u00e8re belge.<\/p>\n<p><a data-article-figure=\"\" href=\"https:\/\/france3-regions.franceinfo.fr\/image\/EwY51oLaWkmWrGSCL0QObyl5ebg\/1920x1080\/regions\/2025\/08\/11\/gare-de-vierzon-689a1597763c4366526060.jpg\" data-pswp-width=\"1920\" data-pswp-height=\"1080\" target=\"_blank\" rel=\"nofollow noopener\"><\/p>\n<p>          <img width=\"600\" height=\"400\" class=\"article-image lazy\" data-src=\"https:\/\/www.europesays.com\/fr\/wp-content\/uploads\/2025\/08\/gare-de-vierzon-689a1597763c4366526060.jpg\" alt=\"La gare SNCF de Vierzon est jug\u00e9e &quot;lugubre et sinistre&quot; par Am\u00e9lie Nothomb.\" fetchpriority=\"high\" as=\"image\"\/><\/p>\n<p>\n            La gare SNCF de Vierzon est jug\u00e9e \u00ab\u00a0lugubre et sinistre\u00a0\u00bb par Am\u00e9lie Nothomb.<br \/>\n                           \u2022<br \/>\n                                      \u00a9 France3 Centre-Val de Loire\n                      <\/p>\n<p><\/a><\/p>\n<p>Sur trois colonnes, elle fait part au lecteur de son aversion pour la ville du Cher et de sa gare dans laquelle elle\u00a0ressent \u201cun n\u00e9ant insoutenable\u201d. \u00a0<\/p>\n<p>Et pourtant, \u00e0 Vierzon, Am\u00e9lie Nothomb n\u2019y est jamais descendu. \u201cJ&rsquo;ai emprunt\u00e9 \u00e0 66 reprises \u2013 retours compris &#8211; la ligne Paris-Austerlitz \u2013 Brive-la-Gaillarde\u00a0\u00bb, dit-elle afin de se rendre \u00e0 la Foire du livre de Brive o\u00f9 elle est pr\u00e9sente chaque ann\u00e9e au mois de novembre. \u00a0<\/p>\n<blockquote>\n<p>Elle est sinistre, lugubre \u00e0 l\u2019allure t\u00e9r\u00e9brante. Si il existait une \u00e9chelle du lugubre, la gare de Vierzon en marquerait le degr\u00e9 le plus convulsif\u00a0<\/p>\n<p>Am\u00e9lie Nothomb, romanci\u00e8re belge<\/p>\n<p class=\"ftvi_citation_source\">Le Figaro<\/p>\n<\/blockquote>\n<p>Mais ces 66 \u201cstagnations de deux minutes\u201d induisent selon l\u2019autrice \u201cune forme, sinon de connaissance, au moins d\u2019entr\u00e9e en mati\u00e8re avec la gare de Vierzon\u201d. <\/p>\n<p>Et pour la d\u00e9crire, la belge ne m\u00e2che pas ses mots : \u201cUne gare sinistre et lugubre \u00e0 l\u2019allure t\u00e9r\u00e9brante\u201d avant d&rsquo;enfoncer le clou \u00ab\u00a0Si il existait une \u00e9chelle du lugubre \u2013 et j\u2019appelle de mes voeux l\u2019existence d\u2019une \u00e9chelle aussi indispensable \u2013 la gare de Vierzon en marquerait le degr\u00e9 le plus convulsif\u201d.<\/p>\n<p><a data-article-figure=\"\" href=\"https:\/\/france3-regions.franceinfo.fr\/image\/Gs2tlNgYTsOsUCpGFk8pmcIV7QI\/1920x1080\/regions\/2025\/08\/11\/vierzon-689a15bc2fd46300742981.jpg\" data-pswp-width=\"1920\" data-pswp-height=\"1080\" target=\"_blank\" rel=\"nofollow noopener\"><\/p>\n<p>          <img width=\"600\" height=\"400\" class=\"article-image lazy\" data-src=\"https:\/\/www.europesays.com\/fr\/wp-content\/uploads\/2025\/08\/vierzon-689a15bc2fd46300742981.jpg\" alt=\"Am\u00e9lie Nothomb est pass\u00e9e \u00e0 66 reprises \u00e0 la gare de Vierzon pour se rendre \u00e0 la Foire du Livre \u00e0 Brive-la-Gaillarde.\" fetchpriority=\"high\" as=\"image\"\/><\/p>\n<p>\n            Am\u00e9lie Nothomb est pass\u00e9e \u00e0 66 reprises \u00e0 la gare de Vierzon pour se rendre \u00e0 la Foire du Livre \u00e0 Brive-la-Gaillarde.<br \/>\n                           \u2022<br \/>\n                                      \u00a9 France3 Centre-Val de Loire\n                      <\/p>\n<p><\/a><\/p>\n<p>Alors pourquoi cibler Vierzon s\u2019interroge t-on sur place ? Car la romanci\u00e8re \u00e9voque aussi les autres arr\u00eats pr\u00e9sents sur la ligne : Angoul\u00eame, Poitiers, Limoges et Ch\u00e2teauroux. Elle \u00e9gratine \u00e9galement la gare de l\u2019Indre mais dans une autre mesure\u00a0 \u00ab\u00a0elle est sinistre\u201d mais \u201cc\u2019est du sinistre attendu, du glauque de bon aloi, cela ne me d\u00e9range pas\u201d, se justifie t-elle. \u00a0<\/p>\n<p>A l\u2019inverse, Vierzon, elle, d\u00e9range. Elle traumatise m\u00eame.<\/p>\n<blockquote class=\"ftvi_content_quote\">\n<p class=\"ftvi_citation_quote\">C\u2019est la seule gare \u00e0 avoir suscit\u00e9 chez moi ce ph\u00e9nom\u00e8ne difficile \u00e0 qualifier<\/p>\n<p>Am\u00e9lie Nothomb, romanci\u00e8re belge<\/p>\n<p class=\"ftvi_citation_source\">Le Figaro<\/p>\n<\/blockquote>\n<p>La romanci\u00e8re tente de comprendre pourquoi. \u201cAllergie ? Sid\u00e9ration ? Ex\u00e9cration ?\u00a0Inqui\u00e9tante \u00e9tranget\u00e9 ?\u00a0\u00bb, liste t-elle.\u00a0<\/p>\n<p>Alors m\u00eame si en introduction elle prie les Vierzonnais de ne pas lui en tenir rigueur&#8230; sur place, apr\u00e8s la lecture de ces lignes, il \u00e9tait difficile de pardonner \u00e0 l\u2019autrice. \u201cC\u2019est m\u00e9prisant et humilant\u201d, r\u00e9agit Corinne Ollivier. La maire PCF qui d\u00e9nonce \u201cune diatribe \u00e0 l\u2019encontre de la gare de Vierzon\u201d. \u00a0<\/p>\n<blockquote class=\"ftvi_content_quote\">\n<p class=\"ftvi_citation_quote\">Les voyageurs sont \u00e9galement consid\u00e9r\u00e9s comme des p\u00e9quenauds et pour les agents qui travaillent dans cette gare et qui ont \u00e0 c\u0153ur de bien faire leur boulot c\u2019est particuli\u00e8rement humiliant<\/p>\n<p>Corinne Ollivier, maire PCF de Vierzon<\/p>\n<\/blockquote>\n<p>Ces critiques sont \u00e9galement mal per\u00e7ues par les habitants et les commer\u00e7ants. <\/p>\n<p>La g\u00e9rante du magasin Relay pr\u00e9sent dans la gare se questionne dans un premier temps : \u201cPourquoi dit-elle tout \u00e7a ? Elle ne s\u2019est m\u00eame pas arr\u00eat\u00e9e \u00e0 Vierzon ?\u201d\u00a0<\/p>\n<p><a data-article-figure=\"\" href=\"https:\/\/france3-regions.franceinfo.fr\/image\/3cVEx-7Cy7bNbClV62wWhCgEds8\/1920x1080\/regions\/2025\/08\/11\/interieur-gare-689a1bbf020eb153886309.jpg\" data-pswp-width=\"1920\" data-pswp-height=\"1080\" target=\"_blank\" rel=\"nofollow noopener\"><\/p>\n<p>          <img width=\"600\" height=\"400\" class=\"article-image lazy\" data-src=\"https:\/\/www.europesays.com\/fr\/wp-content\/uploads\/2025\/08\/interieur-gare-689a1bbf020eb153886309.jpg\" alt=\"Suite aux propos d'Am\u00e9lie Nothomb, certains commer\u00e7ants craignent des r\u00e9percussions sur la fr\u00e9quentation de la ville de Vierzon.\" fetchpriority=\"high\" as=\"image\"\/><\/p>\n<p>\n            Suite aux propos d&rsquo;Am\u00e9lie Nothomb, certains commer\u00e7ants craignent des r\u00e9percussions sur la fr\u00e9quentation de la ville de Vierzon.<br \/>\n                           \u2022<br \/>\n                                      \u00a9 France3 Centre-Val de Loire\n                      <\/p>\n<p><\/a><\/p>\n<p>Maryline Batista qui, tous les jours, travaille dans ce lieu d\u00e9crit comme \u201cantipathique\u201d par Am\u00e9lie Nothomb ne partage pas du tout le m\u00eame avis.<\/p>\n<blockquote class=\"ftvi_content_quote\">\n<p class=\"ftvi_citation_quote\">C\u2019est s\u00fbr que \u00e7a n\u2019est pas la plus belle des gares ni la plus parfaite mais il y a des gares beaucoup plus tristes que celle de Vierzon. Il y a pire !<\/p>\n<p>Maryline Batista, g\u00e9rante du magasin Relay \u00e0 la gare de Vierzon<\/p>\n<\/blockquote>\n<p>\u00ab\u00a0C\u2019est une gare qui vit bien, qui accueille beaucoup de voyageurs. Elle est quand m\u00eame assez grande. Elle exag\u00e8re\u00a0\u00bb ajoute -t-elle.<\/p>\n<p>La commer\u00e7ante craint m\u00eame que cet article ait des r\u00e9percussions n\u00e9gatives sur la ville \u201c\u00e7a va faire fuir les genres. S\u2019ils lisent l\u2019article ils vont se dire \u201cC\u2019est quoi cette gare ?\u201d peste t-elle ! \u00a0<\/p>\n<p>Cette attaque litt\u00e9raire ne va pas am\u00e9liorer l\u2019image de la ville qui souffre d\u2019un d\u00e9ficit d\u2019image, regrette R\u00e9my Beurion habitant de Vierzon et \u00e0 la t\u00eate de Vierzonitude, un blog qui fait aussi bien la part belle \u00e0 la valorisation et \u00e0 la critique de la sous-pr\u00e9fecture du Cher. \u201cC\u2019est clich\u00e9 et c\u2019est facile\u00a0\u00bb dit-il. <\/p>\n<blockquote class=\"ftvi_content_quote\">\n<p class=\"ftvi_citation_quote\">Le probl\u00e8me c\u2019est que \u00e7a soit encore une fois tomb\u00e9 sur Vierzon. C\u2019est un peu dommage. \u00c7a aurait pu tomber sur Ch\u00e2teauroux mais la ville est en train de changer d\u2019image !<\/p>\n<p>R\u00e9my Beurion, habitant de Vierzon \u00e0 la t\u00eate du blog Vierzonitude<\/p>\n<\/blockquote>\n<p>L\u2019habitant rappelle qu\u2019Am\u00e9lie Nothomb avait d\u00e9j\u00e0 cit\u00e9 la ville de Vierzon en 2014 dans son roman P\u00e9tronille. \u201cElle y avait bu du champagne ti\u00e8de en gare\u201d, se rappelle t-il avant d\u2019\u00e9voquer l\u2019article du Figaro comme un \u201cexercice de style\u201d.<\/p>\n<\/p>\n<p>Un style\u00a0loin de faire l\u2019unanimit\u00e9. Alors pour \u00e9viter que les rancunes ne perdurent, Am\u00e9lie Nothomb s\u2019appr\u00eate \u00e0 recevoir deux invitations officielles pour venir d\u00e9couvrir la ville du Cher.\u00a0<\/p>\n<p>L\u2019une \u00e9mane de la mairie \u201cJe vais inviter officiellement Madame Nothomb \u00e0 venir \u00e0 Vierzon. Apr\u00e8s, elle sera peut \u00eatre moins affect\u00e9e par ses arr\u00eats en gare de Vierzon\u201d, annonce Corinne Olivier.\u00a0<\/p>\n<p>La deuxi\u00e8me \u00e9mane de R\u00e9my Beurion qui vient d\u2019\u00e9crire une lettre ouverte \u00e0 la romanci\u00e8re. Il l\u2019invite \u00e0 venir\u00a0passer trois jours en r\u00e9sidence. <\/p>\n<p>A voir si l&rsquo;autrice r\u00e9pond favorablement \u00e0 ces deux invitations, car \u00e0 l\u2019inverse de ce que chantait Jacques Brel, Am\u00e9lie Nothomb ne veut pas voir Vierzon et n\u2019a pas vu Vierzon, peut-\u00eatre que la pol\u00e9mique suscit\u00e9e par ses propos pourrait la faire changer d\u2019avis&#8230;\u00a0<\/p>\n","protected":false},"excerpt":{"rendered":"Dans les colonnes du Figaro, Am\u00e9lie Nothomb \u00e9voque la gare de Vierzon comme \u00e9tant sa destination cauchemar. Un&hellip;\n","protected":false},"author":2,"featured_media":312267,"comment_status":"","ping_status":"","sticky":false,"template":"","format":"standard","meta":{"footnotes":""},"categories":[1888],"tags":[1111,1928,11,1927,1777,674,1011,27,12,1926,626,1925,25],"class_list":{"0":"post-312266","1":"post","2":"type-post","3":"status-publish","4":"format-standard","5":"has-post-thumbnail","7":"category-paris","8":"tag-actu","9":"tag-actu-paris","10":"tag-actualites","11":"tag-actualites-paris","12":"tag-eu","13":"tag-europe","14":"tag-fr","15":"tag-france","16":"tag-news","17":"tag-news-paris","18":"tag-paris","19":"tag-paris-news","20":"tag-republique-francaise"},"share_on_mastodon":{"url":"https:\/\/pubeurope.com\/@fr\/115011732466826704","error":""},"_links":{"self":[{"href":"https:\/\/www.europesays.com\/fr\/wp-json\/wp\/v2\/posts\/312266","targetHints":{"allow":["GET"]}}],"collection":[{"href":"https:\/\/www.europesays.com\/fr\/wp-json\/wp\/v2\/posts"}],"about":[{"href":"https:\/\/www.europesays.com\/fr\/wp-json\/wp\/v2\/types\/post"}],"author":[{"embeddable":true,"href":"https:\/\/www.europesays.com\/fr\/wp-json\/wp\/v2\/users\/2"}],"replies":[{"embeddable":true,"href":"https:\/\/www.europesays.com\/fr\/wp-json\/wp\/v2\/comments?post=312266"}],"version-history":[{"count":0,"href":"https:\/\/www.europesays.com\/fr\/wp-json\/wp\/v2\/posts\/312266\/revisions"}],"wp:featuredmedia":[{"embeddable":true,"href":"https:\/\/www.europesays.com\/fr\/wp-json\/wp\/v2\/media\/312267"}],"wp:attachment":[{"href":"https:\/\/www.europesays.com\/fr\/wp-json\/wp\/v2\/media?parent=312266"}],"wp:term":[{"taxonomy":"category","embeddable":true,"href":"https:\/\/www.europesays.com\/fr\/wp-json\/wp\/v2\/categories?post=312266"},{"taxonomy":"post_tag","embeddable":true,"href":"https:\/\/www.europesays.com\/fr\/wp-json\/wp\/v2\/tags?post=312266"}],"curies":[{"name":"wp","href":"https:\/\/api.w.org\/{rel}","templated":true}]}}