{"id":312268,"date":"2025-08-11T19:15:13","date_gmt":"2025-08-11T19:15:13","guid":{"rendered":"https:\/\/www.europesays.com\/fr\/312268\/"},"modified":"2025-08-11T19:15:13","modified_gmt":"2025-08-11T19:15:13","slug":"paris-la-situation-des-migrants-installes-devant-la-mairie-se-degrade-selon-une-association","status":"publish","type":"post","link":"https:\/\/www.europesays.com\/fr\/312268\/","title":{"rendered":"Paris : la situation des migrants install\u00e9s devant la mairie \u00ab\u00a0se d\u00e9grade\u00a0\u00bb, selon une association"},"content":{"rendered":"<ul class=\"jsx-862013697 ArticleChapo__List\">\n<li class=\"jsx-862013697 ArticleChapo__List_Item flex\">L&rsquo;association Utopia 56 a alert\u00e9, lundi 11 ao\u00fbt, sur la situation pr\u00e9caire des migrants sans-abri, install\u00e9s sur le parvis de l&rsquo;H\u00f4tel de ville de Paris.<\/li>\n<li class=\"jsx-862013697 ArticleChapo__List_Item flex\">Depuis six jours, quelque 250 personnes dorment sur place pour d\u00e9noncer la p\u00e9nurie d&rsquo;h\u00e9bergements d&rsquo;urgence pour les accueillir pendant l&rsquo;\u00e9t\u00e9.<\/li>\n<li class=\"jsx-862013697 ArticleChapo__List_Item flex\">En plus de \u00ab\u00a0souffrir de la chaleur\u00a0\u00bb, ils subissent une \u00ab\u00a0tension\u00a0\u00bb grandissante autour du campement.<\/li>\n<\/ul>\n<p data-module=\"article-paragraph\" class=\"jsx-3046738180 Paragraph\">Ils dorment \u00e0 m\u00eame le sol, sous des b\u00e2ches de fortune, faute d&rsquo;h\u00e9bergements d&rsquo;urgence. La situation \u00ab\u00a0se d\u00e9grade\u00a0\u00bb pour les quelque 250 personnes migrantes sans-abri, dont une centaine d&rsquo;enfants, qui campent la nuit sur le parvis de l&rsquo;H\u00f4tel de ville de Paris depuis six jours, a alert\u00e9, lundi 11 ao\u00fbt, l&rsquo;association de d\u00e9fense des \u00e9trangers <a href=\"https:\/\/utopia56.org\/\" target=\"_blank\" rel=\"nofollow noopener\">Utopia 56 (nouvelle fen\u00eatre)<\/a>.\u00a0<\/p>\n<p data-module=\"article-paragraph\" class=\"jsx-3046738180 Paragraph Paragraph__End\">Celle-ci pointe les risques sanitaires li\u00e9s au pic de chaleur attendu dans la capitale mais aussi sur des actes d&rsquo;hostilit\u00e9 que subissent les familles avec enfants, en majorit\u00e9, et les femmes seules, install\u00e9es devant le b\u00e2timent depuis le 5 ao\u00fbt pour alerter sur la p\u00e9nurie d&rsquo;h\u00e9bergements d&rsquo;urgence.<\/p>\n<p>Fi\u00e8vre, insolation, vomissement&#8230;<\/p>\n<p data-module=\"article-paragraph\" class=\"jsx-3046738180 Paragraph Paragraph__End\">Selon M\u00e9decins sans fronti\u00e8res, qui a organis\u00e9 lundi des consultations, \u00ab\u00a0les personnes sont \u00e9puis\u00e9es, souffrent de la chaleur et plusieurs enfants ont de la fi\u00e8vre\u00a0\u00bb. Utopia 56 a fait \u00e9tat, avec le thermom\u00e8tre en hausse, de cas d'\u00a0\u00bbinsolation\u00a0\u00bb, de \u00ab\u00a0vomissements chez les b\u00e9b\u00e9s et de difficult\u00e9s respiratoires\u00a0\u00bb.\u00a0<\/p>\n<blockquote data-testid=\"EmbedTwitter\" id=\"tweet-1954939545096737100-:R4qcmj9n79m:\" class=\"jsx-aeff1a1c40f54d7a twitter-tweet flex justify-center items-center\"><p>Depuis bient\u00f4t une semaine, + de 200 personnes survivent dans un campement de fortune devant l\u2019h\u00f4tel de ville \u00e0  #Paris . Nos \u00e9quipes ont organis\u00e9 des consultations m\u00e9dicales ce matin. Les personnes sont \u00e9puis\u00e9es, souffrent de la chaleur et plusieurs enfants ont de la fi\u00e8vre. 1\/2  pic.twitter.com\/BOOhCxUC8L \u2014 MSF France (@MSF_france)  August 11, 2025<\/p><\/blockquote>\n<p data-module=\"article-paragraph\" class=\"jsx-3046738180 Paragraph Paragraph__End\">L&rsquo;association rapporte aussi une \u00ab\u00a0tension\u00a0\u00bb grandissante autour du campement : dans la nuit de dimanche \u00e0 lundi, \u00ab\u00a0deux hommes d&rsquo;une vingtaine d&rsquo;ann\u00e9es\u00a0\u00bb ont urin\u00e9 d\u00e9lib\u00e9r\u00e9ment sur une femme sans abri et ses enfants, a-t-elle d\u00e9nonc\u00e9 sur <a href=\"https:\/\/x.com\/Utopia_56\/status\/1954610740616188332\" target=\"_blank\">ses r\u00e9seaux sociaux (nouvelle fen\u00eatre)<\/a>. Une main courante a \u00e9t\u00e9 d\u00e9pos\u00e9e et un signalement transmis au procureur.\u00a0Le parquet de Paris a confirm\u00e9 avoir ouvert une enqu\u00eate pour violences en r\u00e9union, comme annonc\u00e9 par <a href=\"https:\/\/www.leparisien.fr\/paris-75\/un-degre-dinhumanite-franchi-a-paris-deux-hommes-urinent-sur-une-femme-sans-abri-et-ses-enfants-11-08-2025-GYAZZZGDEBCPLDKT7TUMVOJWMY.php\" target=\"_blank\" rel=\"nofollow noopener\">Le Parisien (nouvelle fen\u00eatre)<\/a>. Il n&rsquo;y pas eu d&rsquo;interpellation, selon la m\u00eame source.<\/p>\n<blockquote class=\"jsx-2786790838 Quote__Text\"><p>Qu&rsquo;est-ce qu&rsquo;il faut de plus pour que (les autorit\u00e9s locales) bougent ?<\/p><\/blockquote>\n<p>Nathan Lequeux, coordinateur de l&rsquo;antenne de Paris d&rsquo;Utopia 56<\/p>\n<p data-module=\"article-paragraph\" class=\"jsx-3046738180 Paragraph\">\u00ab\u00a0La rue, la chaleur, et maintenant les agressions, qu&rsquo;est-ce qu&rsquo;il faut de plus pour que (les autorit\u00e9s locales) bougent ?\u00a0\u00bb, d\u00e9plore Nathan Lequeux, coordinateur de l&rsquo;antenne parisienne d&rsquo;Utopia 56, qui exige de la ville de Paris et de la pr\u00e9fecture d&rsquo;\u00cele-de-France des solutions d&rsquo;urgence. L&rsquo;association, qui cherche des h\u00e9bergements, explique \u00eatre arriv\u00e9e \u00ab\u00a0au bout de ses moyens\u00a0\u00bb, de nombreuses structures d&rsquo;accueil tournant au ralenti pendant l&rsquo;\u00e9t\u00e9.<\/p>\n<p data-module=\"article-paragraph\" class=\"jsx-3046738180 Paragraph Paragraph__End\">La ville de Paris, \u00e0 qui les associations reprochent un d\u00e9faut de mise \u00e0 l&rsquo;abri des femmes enceintes et des m\u00e8res isol\u00e9es avec de jeunes enfants, assure \u00e0 l&rsquo;AFP avoir propos\u00e9 \u00ab\u00a0d\u00e8s mercredi soir des propositions d&rsquo;h\u00e9bergement pour ces publics, repr\u00e9sentant 24 personnes sur site, et continuera \u00e0 le faire\u00a0\u00bb. La collectivit\u00e9 pr\u00e9cise aussi avoir \u00ab\u00a0transform\u00e9 six sites municipaux en centres de mise \u00e0 l&rsquo;abri pour accueillir 1.015 personnes en familles depuis d\u00e9cembre 2023\u00a0\u00bb. La pr\u00e9fecture a assur\u00e9 la semaine derni\u00e8re qu&rsquo;il \u00ab\u00a0n&rsquo;y a pas de fermeture de places (&#8230;) li\u00e9e \u00e0 la p\u00e9riode estivale\u00a0\u00bb.\u00a0<\/p>\n<p>Y.R. avec AFP<\/p>\n<p><script async src=\"https:\/\/platform.twitter.com\/widgets.js\" charset=\"utf-8\"><\/script><\/p>\n","protected":false},"excerpt":{"rendered":"L&rsquo;association Utopia 56 a alert\u00e9, lundi 11 ao\u00fbt, sur la situation pr\u00e9caire des migrants sans-abri, install\u00e9s sur le&hellip;\n","protected":false},"author":2,"featured_media":312269,"comment_status":"","ping_status":"","sticky":false,"template":"","format":"standard","meta":{"footnotes":""},"categories":[1888],"tags":[1111,1928,11,1927,1921,1777,674,1011,27,1922,1251,12,1926,626,1925,25,133,5010],"class_list":{"0":"post-312268","1":"post","2":"type-post","3":"status-publish","4":"format-standard","5":"has-post-thumbnail","7":"category-paris","8":"tag-actu","9":"tag-actu-paris","10":"tag-actualites","11":"tag-actualites-paris","12":"tag-article-video","13":"tag-eu","14":"tag-europe","15":"tag-fr","16":"tag-france","17":"tag-info","18":"tag-migrants","19":"tag-news","20":"tag-news-paris","21":"tag-paris","22":"tag-paris-news","23":"tag-republique-francaise","24":"tag-video","25":"tag-video-sujets-de-societe"},"share_on_mastodon":{"url":"https:\/\/pubeurope.com\/@fr\/115011736341398036","error":""},"_links":{"self":[{"href":"https:\/\/www.europesays.com\/fr\/wp-json\/wp\/v2\/posts\/312268","targetHints":{"allow":["GET"]}}],"collection":[{"href":"https:\/\/www.europesays.com\/fr\/wp-json\/wp\/v2\/posts"}],"about":[{"href":"https:\/\/www.europesays.com\/fr\/wp-json\/wp\/v2\/types\/post"}],"author":[{"embeddable":true,"href":"https:\/\/www.europesays.com\/fr\/wp-json\/wp\/v2\/users\/2"}],"replies":[{"embeddable":true,"href":"https:\/\/www.europesays.com\/fr\/wp-json\/wp\/v2\/comments?post=312268"}],"version-history":[{"count":0,"href":"https:\/\/www.europesays.com\/fr\/wp-json\/wp\/v2\/posts\/312268\/revisions"}],"wp:featuredmedia":[{"embeddable":true,"href":"https:\/\/www.europesays.com\/fr\/wp-json\/wp\/v2\/media\/312269"}],"wp:attachment":[{"href":"https:\/\/www.europesays.com\/fr\/wp-json\/wp\/v2\/media?parent=312268"}],"wp:term":[{"taxonomy":"category","embeddable":true,"href":"https:\/\/www.europesays.com\/fr\/wp-json\/wp\/v2\/categories?post=312268"},{"taxonomy":"post_tag","embeddable":true,"href":"https:\/\/www.europesays.com\/fr\/wp-json\/wp\/v2\/tags?post=312268"}],"curies":[{"name":"wp","href":"https:\/\/api.w.org\/{rel}","templated":true}]}}