{"id":312270,"date":"2025-08-11T19:16:14","date_gmt":"2025-08-11T19:16:14","guid":{"rendered":"https:\/\/www.europesays.com\/fr\/312270\/"},"modified":"2025-08-11T19:16:14","modified_gmt":"2025-08-11T19:16:14","slug":"pres-de-loches-ces-visiteurs-decouvrent-des-oeuvres-itinerantes-du-centre-pompidou","status":"publish","type":"post","link":"https:\/\/www.europesays.com\/fr\/312270\/","title":{"rendered":"pr\u00e8s de Loches, ces visiteurs d\u00e9couvrent des \u0153uvres itin\u00e9rantes du Centre Pompidou"},"content":{"rendered":"<p>Tel un accord\u00e9on se d\u00e9ployant, le mus\u00e9e mobile appel\u00e9 Mumo de la fondation Art Explora, s\u2019est pos\u00e9 pour deux jours sur le parvis de l\u2019\u00e9glise abbatiale, place du Mar\u00e9chal-Leclerc, \u00e0 Beaulieu-l\u00e8s-Loches.<\/p>\n<p>La chaleur n\u2019a pas att\u00e9nu\u00e9 la volont\u00e9 de plusieurs curieux qui se sont press\u00e9s d\u00e8s son ouverture \u00e0 16\u00a0h\u00a030, lundi 11\u00a0ao\u00fbt 2025, afin d\u2019y d\u00e9couvrir les 24 \u0153uvres pr\u00e9sent\u00e9es par deux m\u00e9diateurs, \u00c9tienne Meignant et Ana\u00efs Docteur.<\/p>\n<p>\u00ab\u00a0Il y a quelqu\u2019un pour nous expliquer\u00a0\u00bb<\/p>\n<p>Il y avait m\u00eame une file d\u2019attente puisque la capacit\u00e9 d\u2019accueil du mus\u00e9e mobile est de 15 visiteurs en simultan\u00e9. \u00ab\u00a0C\u2019est gratuit et c\u2019est une bonne initiative de venir en campagne\u00a0\u00bb, indiquait Marie-H\u00e9l\u00e8ne, venue de la commune voisine de Perrusson avec sa fille Isabelle et sa petite-fille Ma\u00eblle&#8230;. <\/p>\n<p>    Cet article a \u00e9t\u00e9 tronqu\u00e9. Abonnez-vous pour lire l&rsquo;article complet sur notre site.<\/p>\n<p style=\"margin: 0 !important; padding: 0 !important; font-size: 12px !important;\">Cet article a \u00e9t\u00e9 tronqu\u00e9. Abonnez-vous pour lire l&rsquo;article complet.<\/p>\n<p>    <a href=\"https:\/\/www.lanouvellerepublique.fr\/abonnements\" style=\"display: inline-block; margin-top: 5px !important; padding: 6px 12px !important; background: #cb1c27; color: white; text-decoration: none; border-radius: 4px; font-size: 12px !important;\" target=\"_blank\" rel=\"noopener\"><br \/>\n      S&rsquo;abonner<br \/>\n    <\/a><\/p>\n","protected":false},"excerpt":{"rendered":"Tel un accord\u00e9on se d\u00e9ployant, le mus\u00e9e mobile appel\u00e9 Mumo de la fondation Art Explora, s\u2019est pos\u00e9 pour&hellip;\n","protected":false},"author":2,"featured_media":312271,"comment_status":"","ping_status":"","sticky":false,"template":"","format":"standard","meta":{"footnotes":""},"categories":[1888],"tags":[1392,11,45214,1777,674,1349,1011,27,1387,1393,7107,12,626,25],"class_list":{"0":"post-312270","1":"post","2":"type-post","3":"status-publish","4":"format-standard","5":"has-post-thumbnail","7":"category-paris","8":"tag-a-la-une-local","9":"tag-actualites","10":"tag-beaulieu-les-loches","11":"tag-eu","12":"tag-europe","13":"tag-expositions","14":"tag-fr","15":"tag-france","16":"tag-indre-et-loire","17":"tag-loisirs","18":"tag-musees","19":"tag-news","20":"tag-paris","21":"tag-republique-francaise"},"share_on_mastodon":{"url":"https:\/\/pubeurope.com\/@fr\/115011740200439019","error":""},"_links":{"self":[{"href":"https:\/\/www.europesays.com\/fr\/wp-json\/wp\/v2\/posts\/312270","targetHints":{"allow":["GET"]}}],"collection":[{"href":"https:\/\/www.europesays.com\/fr\/wp-json\/wp\/v2\/posts"}],"about":[{"href":"https:\/\/www.europesays.com\/fr\/wp-json\/wp\/v2\/types\/post"}],"author":[{"embeddable":true,"href":"https:\/\/www.europesays.com\/fr\/wp-json\/wp\/v2\/users\/2"}],"replies":[{"embeddable":true,"href":"https:\/\/www.europesays.com\/fr\/wp-json\/wp\/v2\/comments?post=312270"}],"version-history":[{"count":0,"href":"https:\/\/www.europesays.com\/fr\/wp-json\/wp\/v2\/posts\/312270\/revisions"}],"wp:featuredmedia":[{"embeddable":true,"href":"https:\/\/www.europesays.com\/fr\/wp-json\/wp\/v2\/media\/312271"}],"wp:attachment":[{"href":"https:\/\/www.europesays.com\/fr\/wp-json\/wp\/v2\/media?parent=312270"}],"wp:term":[{"taxonomy":"category","embeddable":true,"href":"https:\/\/www.europesays.com\/fr\/wp-json\/wp\/v2\/categories?post=312270"},{"taxonomy":"post_tag","embeddable":true,"href":"https:\/\/www.europesays.com\/fr\/wp-json\/wp\/v2\/tags?post=312270"}],"curies":[{"name":"wp","href":"https:\/\/api.w.org\/{rel}","templated":true}]}}