{"id":312274,"date":"2025-08-11T19:18:11","date_gmt":"2025-08-11T19:18:11","guid":{"rendered":"https:\/\/www.europesays.com\/fr\/312274\/"},"modified":"2025-08-11T19:18:11","modified_gmt":"2025-08-11T19:18:11","slug":"lue-va-preparer-un-19e-paquet-de-sanctions-contre-la-russie-kallas-11-08-2025-a-2010","status":"publish","type":"post","link":"https:\/\/www.europesays.com\/fr\/312274\/","title":{"rendered":"L&rsquo;UE va pr\u00e9parer un 19e paquet de sanctions contre la Russie, Kallas &#8211; 11\/08\/2025 \u00e0 20:10"},"content":{"rendered":"<p>\n L&rsquo;Unions europ\u00e9enne (UE)<br \/>\nva pr\u00e9parer un 19e paquet de sanctions contre la Russie, a<br \/>\nd\u00e9clar\u00e9 lundi la haute repr\u00e9sentante du bloc pour les Affaires<br \/>\n\u00e9trang\u00e8res, Kaja Kallas, mettant \u00e9galement en garde contre toute<br \/>\nconcession \u00e0 Moscou.\n<\/p>\n<p>\n \u00ab\u00a0Tant que la Russie n&rsquo;aura pas accept\u00e9 un cessez-le-feu<br \/>\ntotal et inconditionnel, nous ne devrions m\u00eame pas discuter de<br \/>\nconcessions\u00a0\u00bb, a d\u00e9clar\u00e9 Kaja Kallas dans un communiqu\u00e9.\n<\/p>\n<p>\n \u00ab\u00a0L&rsquo;ordre des \u00e9tapes est important. D&rsquo;abord, un cessez-le-feu<br \/>\ninconditionnel avec un syst\u00e8me de surveillance solide et des<br \/>\ngaranties de s\u00e9curit\u00e9 \u00e0 toute \u00e9preuve.\u00a0\u00bb\n<\/p>\n<p>\n \u00ab\u00a0Nous travaillerons sur un 19e paquet de sanctions\u00a0\u00bb,<br \/>\na-t-elle ajout\u00e9.\n<\/p>\n<p>\n (R\u00e9dig\u00e9 par Lili Bayer, version fran\u00e7aise Kate Entringer, \u00e9dit\u00e9<br \/>\npar Zhifan Liu)<\/p>\n","protected":false},"excerpt":{"rendered":"L&rsquo;Unions europ\u00e9enne (UE) va pr\u00e9parer un 19e paquet de sanctions contre la Russie, a d\u00e9clar\u00e9 lundi la haute&hellip;\n","protected":false},"author":2,"featured_media":2486,"comment_status":"","ping_status":"","sticky":false,"template":"","format":"standard","meta":{"footnotes":""},"categories":[1591],"tags":[400,11,398,408,405,1887,403,402,399,404,12,1885,1886,132,401,406,407],"class_list":{"0":"post-312274","1":"post","2":"type-post","3":"status-publish","4":"format-standard","5":"has-post-thumbnail","7":"category-russie","8":"tag-action-cac-40","9":"tag-actualites","10":"tag-bourse-de-paris","11":"tag-boursorama","12":"tag-cotations","13":"tag-federation-de-russie","14":"tag-indices-devises","15":"tag-investir","16":"tag-investissement","17":"tag-marche-boursier","18":"tag-news","19":"tag-russia","20":"tag-russian-federation","21":"tag-russie","22":"tag-sicav","23":"tag-trackers","24":"tag-warrants"},"share_on_mastodon":{"url":"https:\/\/pubeurope.com\/@fr\/115011748224150931","error":""},"_links":{"self":[{"href":"https:\/\/www.europesays.com\/fr\/wp-json\/wp\/v2\/posts\/312274","targetHints":{"allow":["GET"]}}],"collection":[{"href":"https:\/\/www.europesays.com\/fr\/wp-json\/wp\/v2\/posts"}],"about":[{"href":"https:\/\/www.europesays.com\/fr\/wp-json\/wp\/v2\/types\/post"}],"author":[{"embeddable":true,"href":"https:\/\/www.europesays.com\/fr\/wp-json\/wp\/v2\/users\/2"}],"replies":[{"embeddable":true,"href":"https:\/\/www.europesays.com\/fr\/wp-json\/wp\/v2\/comments?post=312274"}],"version-history":[{"count":0,"href":"https:\/\/www.europesays.com\/fr\/wp-json\/wp\/v2\/posts\/312274\/revisions"}],"wp:featuredmedia":[{"embeddable":true,"href":"https:\/\/www.europesays.com\/fr\/wp-json\/wp\/v2\/media\/2486"}],"wp:attachment":[{"href":"https:\/\/www.europesays.com\/fr\/wp-json\/wp\/v2\/media?parent=312274"}],"wp:term":[{"taxonomy":"category","embeddable":true,"href":"https:\/\/www.europesays.com\/fr\/wp-json\/wp\/v2\/categories?post=312274"},{"taxonomy":"post_tag","embeddable":true,"href":"https:\/\/www.europesays.com\/fr\/wp-json\/wp\/v2\/tags?post=312274"}],"curies":[{"name":"wp","href":"https:\/\/api.w.org\/{rel}","templated":true}]}}