{"id":312275,"date":"2025-08-11T19:19:13","date_gmt":"2025-08-11T19:19:13","guid":{"rendered":"https:\/\/www.europesays.com\/fr\/312275\/"},"modified":"2025-08-11T19:19:13","modified_gmt":"2025-08-11T19:19:13","slug":"leurope-sefforce-dinfluencer-la-position-americaine-avant-la-rencontre-trump-poutine","status":"publish","type":"post","link":"https:\/\/www.europesays.com\/fr\/312275\/","title":{"rendered":"l&rsquo;Europe s&rsquo;efforce d&rsquo;influencer la position am\u00e9ricaine avant la rencontre Trump-Poutine"},"content":{"rendered":"<p>Une r\u00e9union d&rsquo;urgence en visioconf\u00e9rence avait lieu ce lundi apr\u00e8s-midi entre les 27 ministres des Affaires \u00e9trang\u00e8res de l&rsquo;Union europ\u00e9enne et leur homologue ukrainien en amont de la rencontre pr\u00e9vue ce vendredi 15 ao\u00fbt en Alaska entre Donald Trump et Vladimir Poutine. L&rsquo;id\u00e9e pour l&rsquo;UE est de tenter de peser sur des n\u00e9gociations dont elle est pour l&rsquo;instant tenue \u00e0 l&rsquo;\u00e9cart. Y parviendra-t-elle ? Rien n&rsquo;est moins s\u00fbr&#8230; En tout cas la diplomatie bat son plein depuis la fin de la semaine derni\u00e8re et cela va continuer la semaine prochaine.<\/p>\n<p>Avec notre correspondant \u00e0 Bruxelles,<strong> Jean-Jacques H\u00e9ry<\/strong><\/p>\n<p>Pendant deux heures au moins, les discussions ont port\u00e9 sur la meilleure mani\u00e8re d&rsquo;afficher un front commun europ\u00e9en de soutien \u00e0 l&rsquo;<strong><a href=\"https:\/\/www.rfi.fr\/fr\/tag\/ukraine\/\" class=\"link \" rel=\"nofollow noopener\" target=\"_blank\" data-ylk=\"slk:Ukraine;elm:context_link;itc:0;sec:content-canvas\">Ukraine<\/a><\/strong>, afin d&rsquo;\u00e9viter un accord qui pourrait se r\u00e9v\u00e9ler d\u00e9favorable \u00e0 Kiev, et ce, alors que l&rsquo;Europe semble spectatrice des n\u00e9gociations avant le <a href=\"https:\/\/fr.news.yahoo.com\/rencontre-trump-poutine-lukraine-pourquoi-135850067.html\" data-ylk=\"slk:sommet de vendredi en Alaska;elm:context_link;itc:0;sec:content-canvas;outcm:mb_qualified_link;_E:mb_qualified_link;ct:story;\" class=\"link  yahoo-link\" target=\"_blank\" rel=\"noopener\"><strong>sommet de vendredi en Alaska <\/strong><\/a>entre <strong><a href=\"https:\/\/www.rfi.fr\/fr\/tag\/donald-trump\/\" class=\"link \" rel=\"nofollow noopener\" target=\"_blank\" data-ylk=\"slk:Donald Trump;elm:context_link;itc:0;sec:content-canvas\">Donald Trump<\/a><\/strong> et <strong><a href=\"https:\/\/www.rfi.fr\/fr\/tag\/vladimir-poutine\/\" class=\"link \" rel=\"nofollow noopener\" target=\"_blank\" data-ylk=\"slk:Vladimir Poutine;elm:context_link;itc:0;sec:content-canvas\">Vladimir Poutine<\/a><\/strong>.<\/p>\n<p>L&rsquo;UE a des lignes rouges et elle veut l&rsquo;affirmer, notamment sur l&rsquo;int\u00e9gralit\u00e9 territoriale de l&rsquo;Ukraine. \u00ab Le droit international est clair : tous les territoires temporairement occup\u00e9s appartiennent \u00e0 l&rsquo;Ukraine\u00a0\u00bb, affirmait d&rsquo;ailleurs Kaja Kallas, la chef de la diplomatie de l&rsquo;UE, en amont de la r\u00e9union. Mais en face, il y a un pr\u00e9sident am\u00e9ricain qui propose le contraire, \u00e0 savoir un cessez-le-feu gr\u00e2ce \u00e0 un \u00e9change de territoires entre la Russie et l&rsquo;Ukraine.<\/p>\n<p>Les discussions diplomatiques en tout cas se poursuivent\u2026 Ce mercredi, une nouvelle r\u00e9union en visioconf\u00e9rence \u00e0 l&rsquo;initiative de l&rsquo;Allemagne r\u00e9unira Donald Trump, Volodymyr Zelensky, les dirigeants des principaux pays europ\u00e9ens, de l&rsquo;Otan et de l&rsquo;Union europ\u00e9enne, pour ce qui appara\u00eet comme un dernier recours diplomatique \u00e0 deux jours du sommet Trump-Poutine. Au menu des discussions\u00a0: \u00ab\u00a0la pr\u00e9paration de possibles n\u00e9gociations de paix\u00a0\u00bb.<\/p>\n<p>Difficile de voir quel poids et quelle marge de man\u0153uvre auront l&rsquo;Europe et l&rsquo;Ukraine dans ces discussions. Alors que l&rsquo;espoir europ\u00e9en de voir le pr\u00e9sident ukrainien participer au sommet de vendredi avec Donald Trump et Vladimir Poutine para\u00eet chaque jour s&rsquo;amenuiser.<\/p>\n<p>\u00c0 lire aussi<a href=\"https:\/\/fr.news.yahoo.com\/rencontre-trump-poutine-lukraine-pr%C3%A9sence-063246145.html\" class=\"link  yahoo-link\" data-ylk=\"slk:Rencontre Trump-Poutine sur l&#039;Ukraine: la pr\u00e9sence de Volodymyr Zelensky toujours incertaine;elm:context_link;itc:0;sec:content-canvas;outcm:mb_qualified_link;_E:mb_qualified_link;ct:story;\" target=\"_blank\" rel=\"noopener\">Rencontre Trump-Poutine sur l&rsquo;Ukraine: la pr\u00e9sence de Volodymyr Zelensky toujours incertaine<\/a><\/p>\n","protected":false},"excerpt":{"rendered":"Une r\u00e9union d&rsquo;urgence en visioconf\u00e9rence avait lieu ce lundi apr\u00e8s-midi entre les 27 ministres des Affaires \u00e9trang\u00e8res de&hellip;\n","protected":false},"author":2,"featured_media":312276,"comment_status":"","ping_status":"","sticky":false,"template":"","format":"standard","meta":{"footnotes":""},"categories":[1590],"tags":[11,75,1777,674,6336,2288,12,220,135,134],"class_list":{"0":"post-312275","1":"post","2":"type-post","3":"status-publish","4":"format-standard","5":"has-post-thumbnail","7":"category-ukraine","8":"tag-actualites","9":"tag-donald-trump","10":"tag-eu","11":"tag-europe","12":"tag-la-reunion","13":"tag-ministres-des-affaires-etrangeres","14":"tag-news","15":"tag-ukraine","16":"tag-vladimir-poutine","17":"tag-volodymyr-zelensky"},"share_on_mastodon":{"url":"https:\/\/pubeurope.com\/@fr\/115011752042326251","error":""},"_links":{"self":[{"href":"https:\/\/www.europesays.com\/fr\/wp-json\/wp\/v2\/posts\/312275","targetHints":{"allow":["GET"]}}],"collection":[{"href":"https:\/\/www.europesays.com\/fr\/wp-json\/wp\/v2\/posts"}],"about":[{"href":"https:\/\/www.europesays.com\/fr\/wp-json\/wp\/v2\/types\/post"}],"author":[{"embeddable":true,"href":"https:\/\/www.europesays.com\/fr\/wp-json\/wp\/v2\/users\/2"}],"replies":[{"embeddable":true,"href":"https:\/\/www.europesays.com\/fr\/wp-json\/wp\/v2\/comments?post=312275"}],"version-history":[{"count":0,"href":"https:\/\/www.europesays.com\/fr\/wp-json\/wp\/v2\/posts\/312275\/revisions"}],"wp:featuredmedia":[{"embeddable":true,"href":"https:\/\/www.europesays.com\/fr\/wp-json\/wp\/v2\/media\/312276"}],"wp:attachment":[{"href":"https:\/\/www.europesays.com\/fr\/wp-json\/wp\/v2\/media?parent=312275"}],"wp:term":[{"taxonomy":"category","embeddable":true,"href":"https:\/\/www.europesays.com\/fr\/wp-json\/wp\/v2\/categories?post=312275"},{"taxonomy":"post_tag","embeddable":true,"href":"https:\/\/www.europesays.com\/fr\/wp-json\/wp\/v2\/tags?post=312275"}],"curies":[{"name":"wp","href":"https:\/\/api.w.org\/{rel}","templated":true}]}}