{"id":312277,"date":"2025-08-11T19:20:16","date_gmt":"2025-08-11T19:20:16","guid":{"rendered":"https:\/\/www.europesays.com\/fr\/312277\/"},"modified":"2025-08-11T19:20:16","modified_gmt":"2025-08-11T19:20:16","slug":"les-etats-unis-nimposeront-pas-de-droits-de-douane-sur-lor-annonce-donald-trump","status":"publish","type":"post","link":"https:\/\/www.europesays.com\/fr\/312277\/","title":{"rendered":"Les Etats-Unis n&rsquo;imposeront pas de droits de douane sur l&rsquo;or, annonce Donald Trump"},"content":{"rendered":"<p class=\"c-chapo \">\n  Un document officiel avait sem\u00e9 le trouble, d\u00e9but ao\u00fbt, et propuls\u00e9 le m\u00e9tal pr\u00e9cieux \u00e0 un record.\n<\/p>\n<p>            lire plus tard<\/p>\n<p id=\"dialog__title\" class=\"dialog__title\">Pour sauvegarder cet article, connectez-vous ou cr\u00e9ez un compte franceinfo<\/p>\n<p class=\"dialog__description\">Sans paiement. Sans abonnement.<\/p>\n<p>        Fermer la fen\u00eatre d\u2019activation des notifications France Info<\/p>\n<p>            cr\u00e9er votre compte<\/p>\n<p>            se connecter<\/p>\n<p>        Fermer la fen\u00eatre de pr\u00e9sentation<\/p>\n<p>    <img loading=\"lazy\" decoding=\"async\" class=\"signature__image lazyload\" width=\"100\" height=\"100\" data- alt=\"\" src=\"https:\/\/www.europesays.com\/fr\/wp-content\/uploads\/2025\/05\/64a68815cd1a7_placeholder-36b69ec8.png\"\/><\/p>\n<p>    Publi\u00e9 le 11\/08\/2025 21:00<\/p>\n<p>        Temps de lecture : 1min<\/p>\n<p>    <img decoding=\"async\"  alt=\"Des lingots d'or \u00e0 la banque nationale suisse de Zurich, en 1997. (FILES \/ KEYSTONE \/ AFP)\" width=\"432\" height=\"243\" src=\"https:\/\/www.europesays.com\/fr\/wp-content\/uploads\/2025\/08\/043-key-sapa970128172220-689a3d9dacea9034014437.jpg\" fetchpriority=\"high\"\/><\/p>\n<p>      Des lingots d&rsquo;or \u00e0 la banque nationale suisse de Zurich, en 1997. (FILES \/ KEYSTONE \/ AFP)<\/p>\n<p>Le pr\u00e9sident am\u00e9ricain, Donald Trump, a affirm\u00e9 sur sa plateforme Truth Social, lundi 11 ao\u00fbt, que l&rsquo;or ne serait pas assujetti aux nouveaux <a href=\"https:\/\/www.franceinfo.fr\/monde\/usa\/presidentielle\/donald-trump\/carte-droits-de-douane-americains-visualisez-les-pays-concernes-par-les-mesures-imposees-par-donald-trump_7167777.html\" rel=\"nofollow noopener\" target=\"_blank\">droits de douane am\u00e9ricains<\/a>. Un document officiel avait sem\u00e9 le trouble la semaine derni\u00e8re et propuls\u00e9 le m\u00e9tal pr\u00e9cieux \u00e0 un record.<\/p>\n<p>Selon une mise \u00e0 jour des douanes am\u00e9ricaines, d\u00e9taill\u00e9e dans un document dat\u00e9 du 31 juillet mais rendu public vendredi, les lingots d&rsquo;or d&rsquo;un kilogramme et ceux de 100 onces \u00e9taient class\u00e9s comme soumis \u00e0 des droits de douane, alors que les investisseurs les pensaient exempt\u00e9s.<\/p>\n<p>La Maison Blanche a plus tard fait savoir qu&rsquo;elle pr\u00e9voyait de \u00ab\u00a0publier un d\u00e9cret dans un futur proche pour clarifier les informations erron\u00e9es concernant la taxation des lingots d&rsquo;or et d&rsquo;autres produits sp\u00e9cialis\u00e9s\u00a0\u00bb, selon les d\u00e9clarations d&rsquo;un responsable \u00e0 l&rsquo;AFP. Celui-ci n&rsquo;avait toutefois pas dit si cela impliquait que les lingots allaient bien rester exempt\u00e9s.<\/p>\n<p class=\"related-tags__title\" role=\"heading\" aria-level=\"2\">les mots-cl\u00e9s associ\u00e9s \u00e0 cet article\n    <\/p>\n","protected":false},"excerpt":{"rendered":"Un document officiel avait sem\u00e9 le trouble, d\u00e9but ao\u00fbt, et propuls\u00e9 le m\u00e9tal pr\u00e9cieux \u00e0 un record. lire&hellip;\n","protected":false},"author":2,"featured_media":312278,"comment_status":"","ping_status":"","sticky":false,"template":"","format":"standard","meta":{"footnotes":""},"categories":[1589],"tags":[11,73,1866,12,1864,1865,1863,308],"class_list":{"0":"post-312277","1":"post","2":"type-post","3":"status-publish","4":"format-standard","5":"has-post-thumbnail","7":"category-etats-unis","8":"tag-actualites","9":"tag-etats-unis","10":"tag-etats-unis-damerique","11":"tag-news","12":"tag-united-states","13":"tag-united-states-of-america","14":"tag-us","15":"tag-usa"},"share_on_mastodon":{"url":"https:\/\/pubeurope.com\/@fr\/115011756426486915","error":""},"_links":{"self":[{"href":"https:\/\/www.europesays.com\/fr\/wp-json\/wp\/v2\/posts\/312277","targetHints":{"allow":["GET"]}}],"collection":[{"href":"https:\/\/www.europesays.com\/fr\/wp-json\/wp\/v2\/posts"}],"about":[{"href":"https:\/\/www.europesays.com\/fr\/wp-json\/wp\/v2\/types\/post"}],"author":[{"embeddable":true,"href":"https:\/\/www.europesays.com\/fr\/wp-json\/wp\/v2\/users\/2"}],"replies":[{"embeddable":true,"href":"https:\/\/www.europesays.com\/fr\/wp-json\/wp\/v2\/comments?post=312277"}],"version-history":[{"count":0,"href":"https:\/\/www.europesays.com\/fr\/wp-json\/wp\/v2\/posts\/312277\/revisions"}],"wp:featuredmedia":[{"embeddable":true,"href":"https:\/\/www.europesays.com\/fr\/wp-json\/wp\/v2\/media\/312278"}],"wp:attachment":[{"href":"https:\/\/www.europesays.com\/fr\/wp-json\/wp\/v2\/media?parent=312277"}],"wp:term":[{"taxonomy":"category","embeddable":true,"href":"https:\/\/www.europesays.com\/fr\/wp-json\/wp\/v2\/categories?post=312277"},{"taxonomy":"post_tag","embeddable":true,"href":"https:\/\/www.europesays.com\/fr\/wp-json\/wp\/v2\/tags?post=312277"}],"curies":[{"name":"wp","href":"https:\/\/api.w.org\/{rel}","templated":true}]}}