{"id":312281,"date":"2025-08-11T19:22:23","date_gmt":"2025-08-11T19:22:23","guid":{"rendered":"https:\/\/www.europesays.com\/fr\/312281\/"},"modified":"2025-08-11T19:22:23","modified_gmt":"2025-08-11T19:22:23","slug":"de-superbes-destinations-pour-chaque-saison","status":"publish","type":"post","link":"https:\/\/www.europesays.com\/fr\/312281\/","title":{"rendered":"de superbes destinations pour chaque saison"},"content":{"rendered":"<p>\t\t\t\t\t<strong>Juin<\/strong>\u00a0<\/p>\n<p>En juin, les journ\u00e9es sont plus longues et les nuits plus courtes \u2013 c\u2019est la meilleure p\u00e9riode pour les manifestations. Dans le nord de l&rsquo;Allemagne, la Semaine de Kiel, le plus grand \u00e9v\u00e9nement de voile au monde avec une f\u00eate populaire, attire beaucoup de personnes. De plus, c\u2019est le d\u00e9but de la <a href=\"https:\/\/www.deutschland.de\/fr\/topic\/culture\/festivals-de-musique-en-allemagne-top-10\" rel=\"noreferrer noopener nofollow\" target=\"_blank\">saison des festivals<\/a> \u2013 parmi les plus grands, on retrouve le \u00ab\u00a0Rock am Ring\u00a0\u00bb dans l\u2019Eifel.\u00a0<\/p>\n<p><strong>Juillet<\/strong>\u00a0<\/p>\n<p>Quand il fait chaud, l\u2019eau promet un rafra\u00eechissement. Vous pouvez vous baigner sur les plages de la mer du Nord et Baltique \u2013 ou d\u00e9couvrir les impressionnantes falaises de craie sur <a href=\"https:\/\/www.deutschland.de\/fr\/topic\/culture\/les-cotes-allemandes-de-la-mer-du-nord-et-de-la-mer-baltique\" rel=\"noreferrer noopener nofollow\" target=\"_blank\">l\u2019\u00eele de R\u00fcgen<\/a>. Tout au sud se trouve le lac de Constance, le plus grand lac d\u2019Allemagne. Nager, faire de la voile ou faire le tour du lac en v\u00e9lo \u2013 vous avez le choix.\u00a0<\/p>\n<p><strong>Ao\u00fbt<\/strong>\u00a0<\/p>\n<p>La lande de Lunebourg, au nord, fleurit maintenant dans des tons violets. Promenez-vous \u00e0 travers des paysages vallonn\u00e9s et observez les moutons qui paissent. \u00c0 l&rsquo;est, le <a href=\"https:\/\/gartenreich.de\/en\/\" target=\"_blank\" rel=\"noreferrer noopener nofollow\">Gartenreich Dessau-W\u00f6rlitz<\/a> invite \u00e0 la d\u00e9tente avec ses nombreux endroits ombrag\u00e9s. Visitez cet \u00e9l\u00e9ment du patrimoine mondial de l\u2019UNESCO avec ses ch\u00e2teaux et parcs \u2013 <a href=\"https:\/\/www.deutschland.de\/fr\/topic\/culture\/johann-wolfgang-von-goethe-un-portrait\" rel=\"noreferrer noopener nofollow\" target=\"_blank\">Goethe<\/a> profitait d\u00e9j\u00e0 des jardins en \u00e9t\u00e9.\u00a0<\/p>\n<p><strong>Automne<\/strong>\u00a0<\/p>\n","protected":false},"excerpt":{"rendered":"Juin\u00a0 En juin, les journ\u00e9es sont plus longues et les nuits plus courtes \u2013 c\u2019est la meilleure p\u00e9riode&hellip;\n","protected":false},"author":2,"featured_media":312282,"comment_status":"","ping_status":"","sticky":false,"template":"","format":"standard","meta":{"footnotes":""},"categories":[1587],"tags":[11,672,1804,1805,1803,1777,674,1801,12,1802],"class_list":{"0":"post-312281","1":"post","2":"type-post","3":"status-publish","4":"format-standard","5":"has-post-thumbnail","7":"category-allemagne","8":"tag-actualites","9":"tag-allemagne","10":"tag-bundesrepublik-deutschland","11":"tag-de","12":"tag-deutschland","13":"tag-eu","14":"tag-europe","15":"tag-germany","16":"tag-news","17":"tag-republique-federale-dallemagne"},"share_on_mastodon":{"url":"https:\/\/pubeurope.com\/@fr\/115011763833573968","error":""},"_links":{"self":[{"href":"https:\/\/www.europesays.com\/fr\/wp-json\/wp\/v2\/posts\/312281","targetHints":{"allow":["GET"]}}],"collection":[{"href":"https:\/\/www.europesays.com\/fr\/wp-json\/wp\/v2\/posts"}],"about":[{"href":"https:\/\/www.europesays.com\/fr\/wp-json\/wp\/v2\/types\/post"}],"author":[{"embeddable":true,"href":"https:\/\/www.europesays.com\/fr\/wp-json\/wp\/v2\/users\/2"}],"replies":[{"embeddable":true,"href":"https:\/\/www.europesays.com\/fr\/wp-json\/wp\/v2\/comments?post=312281"}],"version-history":[{"count":0,"href":"https:\/\/www.europesays.com\/fr\/wp-json\/wp\/v2\/posts\/312281\/revisions"}],"wp:featuredmedia":[{"embeddable":true,"href":"https:\/\/www.europesays.com\/fr\/wp-json\/wp\/v2\/media\/312282"}],"wp:attachment":[{"href":"https:\/\/www.europesays.com\/fr\/wp-json\/wp\/v2\/media?parent=312281"}],"wp:term":[{"taxonomy":"category","embeddable":true,"href":"https:\/\/www.europesays.com\/fr\/wp-json\/wp\/v2\/categories?post=312281"},{"taxonomy":"post_tag","embeddable":true,"href":"https:\/\/www.europesays.com\/fr\/wp-json\/wp\/v2\/tags?post=312281"}],"curies":[{"name":"wp","href":"https:\/\/api.w.org\/{rel}","templated":true}]}}