{"id":312285,"date":"2025-08-11T19:24:12","date_gmt":"2025-08-11T19:24:12","guid":{"rendered":"https:\/\/www.europesays.com\/fr\/312285\/"},"modified":"2025-08-11T19:24:12","modified_gmt":"2025-08-11T19:24:12","slug":"a-mayotte-lapparition-des-armes-a-feu-inquiete-la-police","status":"publish","type":"post","link":"https:\/\/www.europesays.com\/fr\/312285\/","title":{"rendered":"\u00e0 Mayotte, l\u2019apparition des armes \u00e0 feu inqui\u00e8te la police"},"content":{"rendered":"<p><strong>D\u00c9CRYPTAGE <\/strong>&#8211; Dans un archipel o\u00f9 les voyous se servaient surtout de machettes, la diffusion des premiers fusils et armes de poing laisse craindre une mont\u00e9e en gamme de la violence.<\/p>\n<p class=\"fig-paragraph\">La vid\u00e9o n\u2019est pas virale, mais elle int\u00e9resse au plus au point la police de\u00a0<a href=\"http:\/\/www.lefigaro.fr\/actualite-france\/les-migrants-viendront-a-mayotte-la-fin-du-titre-de-sejour-territorialise-crispe-les-elus-reunionnais-20250730\" data-fig-type=\"Article\" data-gtm-custom-categorie=\"navigation\" data-gtm-custom-action=\"crossclick\" data-gtm-custom-label=\"Contextuel\" data-gtm-event=\"customEventSPE\" data-fig-domain=\"LEFIGARO\" rel=\"nofollow noopener\" target=\"_blank\">Mayotte<\/a>. On distingue clairement sur cette s\u00e9quence d\u2019une minute et vingt-quatre secondes, post\u00e9e sur le r\u00e9seau social Instagram, deux bandes qui se d\u00e9fient, barres de m\u00e9tal et boucliers de fortune en main, en haut d\u2019une colline. Sur ces images sigl\u00e9es \u00e0 la gloire de bellig\u00e9rants du quartier de Doujani, au sud de Mamoudzou, capitale de l\u2019archipel, l\u2019on aper\u00e7oit tr\u00e8s distinctement un individu encapuchonn\u00e9, en sweat noir, \u00e9pauler un fusil \u00e0 lunette et viser le camp d\u2019en face.<\/p>\n<p class=\"fig-paragraph\">Pour le\u00a0<a href=\"http:\/\/www.lefigaro.fr\/actualite-france\/le-rapport-choc-sur-les-freres-musulmans-a-ete-publie-par-le-ministere-de-l-interieur-20250523\" data-fig-type=\"NewsFlash\" data-gtm-custom-categorie=\"navigation\" data-gtm-custom-action=\"crossclick\" data-gtm-custom-label=\"Contextuel\" data-gtm-event=\"customEventSPE\" data-fig-domain=\"LEFIGARO\" rel=\"nofollow noopener\" target=\"_blank\">minist\u00e8re de l\u2019Int\u00e9rieur<\/a>, cet \u00e9pisode confirme une forme de radicalisation des comportements dans le 101e d\u00e9partement fran\u00e7ais. \u00ab\u00a0La violence repart de plus belle. En deux semaines, on a d\u00e9j\u00e0 eu deux morts. On risque une nouvelle fois d\u2019assister \u00e0 une crise\u00a0\u00bb, redoute l\u2019un des policiers investis au quotidien dans ce combat harassant contre ces bandes qui pourrissent la vie des insulaires.<\/p>\n<p class=\"fig-paragraph\">Philosophe, le fonctionnaire ajoute&amp;nbsp<\/p>\n<p class=\"fig-premium-paywall__infos\">\n        Cet article est r\u00e9serv\u00e9 aux abonn\u00e9s.        Il vous reste 78% \u00e0 d\u00e9couvrir.\n    <\/p>\n<p>                <img  data- alt=\"Le Figaro\" class=\"fig-img--complete fig-img\"\/><\/p>\n<p class=\"fig-premium-paywall__title\">Vous avez envie de lire la suite ?<\/p>\n<p class=\"fig-premium-paywall__subtitle\">D\u00e9bloquez tous les articles imm\u00e9diatement.<\/p>\n<p class=\"fig-premium-paywall__connect\">\n                D\u00e9j\u00e0 abonn\u00e9\u00a0?                <a class=\"fig-premium-paywall__connect-link\" href=\"https:\/\/connect.lefigaro.fr\/login?client=horizon_web&amp;type=main&amp;redirect_uri=https%3A%2F%2Fwww.lefigaro.fr%2Factualite-france%2Fen-deux-semaines-on-a-deja-eu-deux-morts-a-mayotte-l-apparition-des-armes-a-feu-inquiete-la-police-20250811\" data-js-gtm=\"{&quot;customCategorie&quot;: &quot;conversion&quot;, &quot;customAction&quot;: &quot;before_Landing_Connexion_paywall_auto&quot;, &quot;customLabel&quot;: &quot;bGVmaWdhcm8uZnJfXzFmMDc2YjY3LWE2ZDEtNmUxMi1hNDM3LTg5NTZkNjY3MzA5OV9fQXJ0aWNsZQ==_\u00abEn deux semaines, on a d\u00e9j\u00e0 eu deux morts\u00bb\u00a0: \u00e0 Mayotte, l\u2019apparition des armes \u00e0 feu inqui\u00e8te la police_41&quot;, &quot;customIDSPE&quot;: &quot;bGVmaWdhcm8uZnJfXzFmMDc2YjY3LWE2ZDEtNmUxMi1hNDM3LTg5NTZkNjY3MzA5OV9fQXJ0aWNsZQ==&quot;, &quot;event&quot;: &quot;customEventSPE&quot;}\" rel=\"nofollow noopener\" target=\"_blank\"><br \/>\n                    Connectez-vous<br \/>\n                <\/a>\n            <\/p>\n","protected":false},"excerpt":{"rendered":"D\u00c9CRYPTAGE &#8211; Dans un archipel o\u00f9 les voyous se servaient surtout de machettes, la diffusion des premiers fusils&hellip;\n","protected":false},"author":2,"featured_media":312286,"comment_status":"","ping_status":"","sticky":false,"template":"","format":"standard","meta":{"footnotes":""},"categories":[1586],"tags":[11,5141,1777,674,1779,1011,27,8245,12,1072,25,1778,364],"class_list":{"0":"post-312285","1":"post","2":"type-post","3":"status-publish","4":"format-standard","5":"has-post-thumbnail","7":"category-europe","8":"tag-actualites","9":"tag-arme-a-feu","10":"tag-eu","11":"tag-europe","12":"tag-european-union","13":"tag-fr","14":"tag-france","15":"tag-mayotte","16":"tag-news","17":"tag-police","18":"tag-republique-francaise","19":"tag-ue","20":"tag-union-europeenne"},"share_on_mastodon":{"url":"https:\/\/pubeurope.com\/@fr\/115011771686683553","error":""},"_links":{"self":[{"href":"https:\/\/www.europesays.com\/fr\/wp-json\/wp\/v2\/posts\/312285","targetHints":{"allow":["GET"]}}],"collection":[{"href":"https:\/\/www.europesays.com\/fr\/wp-json\/wp\/v2\/posts"}],"about":[{"href":"https:\/\/www.europesays.com\/fr\/wp-json\/wp\/v2\/types\/post"}],"author":[{"embeddable":true,"href":"https:\/\/www.europesays.com\/fr\/wp-json\/wp\/v2\/users\/2"}],"replies":[{"embeddable":true,"href":"https:\/\/www.europesays.com\/fr\/wp-json\/wp\/v2\/comments?post=312285"}],"version-history":[{"count":0,"href":"https:\/\/www.europesays.com\/fr\/wp-json\/wp\/v2\/posts\/312285\/revisions"}],"wp:featuredmedia":[{"embeddable":true,"href":"https:\/\/www.europesays.com\/fr\/wp-json\/wp\/v2\/media\/312286"}],"wp:attachment":[{"href":"https:\/\/www.europesays.com\/fr\/wp-json\/wp\/v2\/media?parent=312285"}],"wp:term":[{"taxonomy":"category","embeddable":true,"href":"https:\/\/www.europesays.com\/fr\/wp-json\/wp\/v2\/categories?post=312285"},{"taxonomy":"post_tag","embeddable":true,"href":"https:\/\/www.europesays.com\/fr\/wp-json\/wp\/v2\/tags?post=312285"}],"curies":[{"name":"wp","href":"https:\/\/api.w.org\/{rel}","templated":true}]}}