{"id":312289,"date":"2025-08-11T19:26:14","date_gmt":"2025-08-11T19:26:14","guid":{"rendered":"https:\/\/www.europesays.com\/fr\/312289\/"},"modified":"2025-08-11T19:26:14","modified_gmt":"2025-08-11T19:26:14","slug":"deux-francais-recherches-pour-meurtre-arretes-en-espagne","status":"publish","type":"post","link":"https:\/\/www.europesays.com\/fr\/312289\/","title":{"rendered":"Deux Fran\u00e7ais recherch\u00e9s pour meurtre arr\u00eat\u00e9s en Espagne"},"content":{"rendered":"<p><a href=\"https:\/\/www.laprovence.com\/article\/faits-divers-justice\/1030858640890714\/plus-de-150-kg-de-cocaine-saisis-au-grand-port-de-marseille-un-reseau-de-stupefiants-demantele-en-espagne\" target=\"_blank\" rel=\"noopener\">La police espagnole<\/a> a annonc\u00e9 ce lundi 11\u00a0ao\u00fbt avoir arr\u00eat\u00e9 \u00e0 Benidorm, une station baln\u00e9aire tr\u00e8s populaire dans le sud, <strong>deux Fran\u00e7ais recherch\u00e9s pour meurtre, trafic de drogue et d\u2019armes et qui faisaient l\u2019objet de quatre mandats d\u2019arr\u00eat.<\/strong><\/p>\n<p>Les deux hommes avaient \u00e9t\u00e9 localis\u00e9s par la police espagnole qui a proc\u00e9d\u00e9 \u00e0 leur arrestation jeudi matin. <strong>L\u2019un d\u2019entre eux faisait l\u2019objet de trois mandats d\u2019arr\u00eat europ\u00e9ens pour <a href=\"https:\/\/www.laprovence.com\/article\/faits-divers-justice\/2082289532031214\/une-enquete-pour-meurtre-ouverte-apres-la-decouverte-du-corps-d-une-femme-de-39-ans-a-aix\" target=\"_blank\" rel=\"noopener\">homicide<\/a>, appartenance \u00e0 une organisation criminelle, trafic de drogue et blanchiment d\u2019argent.<\/strong><\/p>\n<p>\u00ab\u00a0Une affaire de trafic de stup\u00e9fiants\u00a0\u00bb<\/p>\n<p>Il \u00e9tait, selon les autorit\u00e9s fran\u00e7aises, responsable de la comptabilit\u00e9 de l\u2019organisation criminelle et g\u00e9rait les ventes de drogue.\u00a0<strong>L\u2019homme avait organis\u00e9 une fusillade en\u00a02024<\/strong> dans un bar \u00e0 Montereau-Fault-Yonne en Seine-et-Marne, en repr\u00e9sailles \u00e0 l\u2019enl\u00e8vement de son partenaire de cavale. <a href=\"https:\/\/www.laprovence.com\/article\/faits-divers-justice\/13308808109774\/los-angeles-ce-que-lon-sait-de-la-fusillade-qui-a-fait-deux-morts-en-marge-de-plusieurs-fetes-ce-lundi\" target=\"_blank\" rel=\"noopener\">La fusillade<\/a> avait fait un bless\u00e9 grave.<\/p>\n<p>Une source polici\u00e8re dans ce d\u00e9partement fran\u00e7ais a confirm\u00e9 qu\u2019il s\u2019agissait \u00ab\u00a0<strong>d\u2019une affaire de trafic de stup\u00e9fiants<\/strong>\u00ab\u00a0.<\/p>\n","protected":false},"excerpt":{"rendered":"La police espagnole a annonc\u00e9 ce lundi 11\u00a0ao\u00fbt avoir arr\u00eat\u00e9 \u00e0 Benidorm, une station baln\u00e9aire tr\u00e8s populaire dans&hellip;\n","protected":false},"author":2,"featured_media":312290,"comment_status":"","ping_status":"","sticky":false,"template":"","format":"standard","meta":{"footnotes":""},"categories":[2],"tags":[17,11,17683,4070,123,274,1011,3844,27,777,12,471,10468,25],"class_list":{"0":"post-312289","1":"post","2":"type-post","3":"status-publish","4":"format-standard","5":"has-post-thumbnail","7":"category-actualites","8":"tag-17","9":"tag-actualites","10":"tag-arretes","11":"tag-deux","12":"tag-espagne","13":"tag-faits-divers-justice","14":"tag-fr","15":"tag-francais","16":"tag-france","17":"tag-meurtre","18":"tag-news","19":"tag-pour","20":"tag-recherches","21":"tag-republique-francaise"},"share_on_mastodon":{"url":"https:\/\/pubeurope.com\/@fr\/115011779705278675","error":""},"_links":{"self":[{"href":"https:\/\/www.europesays.com\/fr\/wp-json\/wp\/v2\/posts\/312289","targetHints":{"allow":["GET"]}}],"collection":[{"href":"https:\/\/www.europesays.com\/fr\/wp-json\/wp\/v2\/posts"}],"about":[{"href":"https:\/\/www.europesays.com\/fr\/wp-json\/wp\/v2\/types\/post"}],"author":[{"embeddable":true,"href":"https:\/\/www.europesays.com\/fr\/wp-json\/wp\/v2\/users\/2"}],"replies":[{"embeddable":true,"href":"https:\/\/www.europesays.com\/fr\/wp-json\/wp\/v2\/comments?post=312289"}],"version-history":[{"count":0,"href":"https:\/\/www.europesays.com\/fr\/wp-json\/wp\/v2\/posts\/312289\/revisions"}],"wp:featuredmedia":[{"embeddable":true,"href":"https:\/\/www.europesays.com\/fr\/wp-json\/wp\/v2\/media\/312290"}],"wp:attachment":[{"href":"https:\/\/www.europesays.com\/fr\/wp-json\/wp\/v2\/media?parent=312289"}],"wp:term":[{"taxonomy":"category","embeddable":true,"href":"https:\/\/www.europesays.com\/fr\/wp-json\/wp\/v2\/categories?post=312289"},{"taxonomy":"post_tag","embeddable":true,"href":"https:\/\/www.europesays.com\/fr\/wp-json\/wp\/v2\/tags?post=312289"}],"curies":[{"name":"wp","href":"https:\/\/api.w.org\/{rel}","templated":true}]}}