{"id":312299,"date":"2025-08-11T19:33:15","date_gmt":"2025-08-11T19:33:15","guid":{"rendered":"https:\/\/www.europesays.com\/fr\/312299\/"},"modified":"2025-08-11T19:33:15","modified_gmt":"2025-08-11T19:33:15","slug":"parlons-motogp-ce-pilote-court-un-grand-danger","status":"publish","type":"post","link":"https:\/\/www.europesays.com\/fr\/312299\/","title":{"rendered":"Parlons MotoGP\u00a0: Ce pilote court un grand danger"},"content":{"rendered":"<p><strong>Alors que le march\u00e9 des transferts s\u2019affole, un pilote<br \/>\nMotoGP n\u2019est jamais \u00e9voqu\u00e9, et sa situation me pousse \u00e0 dire que la<br \/>\nsuite de sa carri\u00e8re est en grand danger. En effet, Miguel Oliveira<br \/>\nest invisible cette ann\u00e9e, ce qui est probl\u00e9matique au vu de son<br \/>\nhistoire r\u00e9cente en cat\u00e9gorie reine. On pouvait l\u2019imaginer rebondir<br \/>\nsur une machine, qui, \u00e0 premi\u00e8re vue, pouvait correspondre \u00e0 son<br \/>\nstyle de pilotage. <a href=\"https:\/\/www.paddock-gp.com\/parlons-motogp-cest-quitte-ou-double-pour-miguel-oliveira\/\" target=\"_blank\" rel=\"noopener nofollow\">Mais cette saison se transforme<br \/>\npetit \u00e0 petit en cauchemar.<\/a><\/strong><\/p>\n<p>\u00a0<\/p>\n<p>Une malchance incroyable<\/p>\n<p>\u00a0<\/p>\n<p>Miguel Oliveira, percut\u00e9 lourdement par trois fois lors de la<br \/>\nsaison 2023, est assur\u00e9ment l\u2019un des moins chanceux de l\u2019histoire<br \/>\ndu <a href=\"https:\/\/www.motogp.com\/fr\/\" target=\"_blank\" rel=\"noopener nofollow\">MotoGP<\/a>. De plus, sa fragilit\u00e9 physique rend tout<br \/>\naccrochage dangereux pour lui. Nous avons pu l\u2019observer encore<br \/>\ncette ann\u00e9e \u00e0 Termas De Rio Hondo, o\u00f9 il fut percut\u00e9 en Sprint par<br \/>\nFermin Aldeguer. R\u00e9sultat\u00a0: <strong>quatre Grands Prix<br \/>\nmanqu\u00e9s<\/strong>. Les blessures ont r\u00e9ellement ruin\u00e9 sa carri\u00e8re,<br \/>\net, c\u2019est triste, car les habitu\u00e9s de cette rubrique savent combien<br \/>\nj\u2019aime ce pilote.<\/p>\n<p>\u00a0<\/p>\n<p><img loading=\"lazy\" decoding=\"async\" aria-describedby=\"caption-attachment-1317445\" class=\"size-full wp-image-1317445\" src=\"https:\/\/www.europesays.com\/fr\/wp-content\/uploads\/2025\/08\/54663575290_5eed514437_c.jpg\" alt=\"pilote danger\" width=\"800\" height=\"533\"  \/><\/p>\n<p id=\"caption-attachment-1317445\" class=\"wp-caption-text\">Miguel<br \/>\nOliveira ne se d\u00e9marque m\u00eame plus lorsqu\u2019il pleut. Photo : Michelin<br \/>\nMotorsport<\/p>\n<p>\u00a0<\/p>\n<p>\u00c0 Brno, sa course fut encore alt\u00e9r\u00e9e\u2026 par Fermin Aldeguer\u00a0!<br \/>\nL\u2019Espagnol l\u2019aurait pouss\u00e9 \u2013 nous n\u2019avons jamais vu les images \u2013,<br \/>\net a d\u2019ailleurs \u00e9cop\u00e9 d\u2019une p\u00e9nalit\u00e9 \u00e0 l\u2019issue du Grand Prix.<br \/>\n<strong>Quand \u00e7a ne veut pas, \u00e7a ne veut pas<\/strong>, mais ces<br \/>\nhistoires signifient aussi qu\u2019il se trouve loin dans le peloton, o\u00f9<br \/>\nles accrocs sont l\u00e9gion.<\/p>\n<p>\u00a0<\/p>\n<p>Il n\u2019y est pas<\/p>\n<p>\u00a0<\/p>\n<p>C\u2019\u00e9tait d\u00e9j\u00e0 tr\u00e8s compliqu\u00e9 l\u2019ann\u00e9e derni\u00e8re chez Aprilia<br \/>\nTrackhouse, et en r\u00e9alit\u00e9, le probl\u00e8me \u00e0 d\u00e9but\u00e9 lors de la tourn\u00e9e<br \/>\noutre-mer 2024. Depuis le GP de Grande-Bretagne 2024,<br \/>\n<strong>Oliveira n\u2019a plus qu\u2019une deuxi\u00e8me place en Sprint au<br \/>\nSachsenring comme r\u00e9sultat de r\u00e9f\u00e9rence<\/strong>. C\u2019est tout, en<br \/>\ndeux ans. C\u2019est bien trop peu pour un pilote MotoGP, surtout<br \/>\nquelqu\u2019un sp\u00e9cialis\u00e9 dans les coups d\u2019\u00e9clat comme lui.<\/p>\n<p>Cette saison, il a couru huit Grands Prix. Il n\u2019en a termin\u00e9 que<br \/>\ncinq, et seulement trois dans les points. Son meilleur r\u00e9sultat est<br \/>\nune 13e place, acquise le dimanche aux Pays-Bas. <strong>En<br \/>\nqualifications, il ne s\u2019est toujours pas am\u00e9lior\u00e9, et se classe<br \/>\nfr\u00e9quemment au-del\u00e0 de la 15e place<\/strong>. C\u2019est tr\u00e8s compliqu\u00e9<br \/>\nde le d\u00e9fendre, d\u2019autant plus que Jack Miller, son co\u00e9quipier,<br \/>\narrive parfois \u00e0 se d\u00e9marquer au guidon de la Yamaha YZR-M1. Avant<br \/>\nle d\u00e9but de saison, je ne m\u2019attendais pas \u00e0 une telle diff\u00e9rence de<br \/>\nniveau entre les deux hommes, \u00e0 exp\u00e9rience \u00e9gale sur la nouvelle<br \/>\nmoto.<\/p>\n<p>\u00a0<\/p>\n<p>Un avenir compromis<\/p>\n<p>\u00a0<\/p>\n<p>Forc\u00e9ment, \u00e7a compromet grandement ses chances de rester au plus<br \/>\nhaut niveau la saison prochaine. On sait d\u00e9j\u00e0 que <strong>Toprak<br \/>\nRazgatlioglu<\/strong> sera dans l\u2019\u00e9quipe, ce qui ne laisse plus<br \/>\nqu\u2019une seule place de disponible. Ensuite, des rumeurs circulent<br \/>\nsur le poids de Jack Miller au sein de Yamaha, car la nationalit\u00e9<br \/>\net la personnalit\u00e9 forte de l\u2019Australien peuvent jouer en sa<br \/>\nfaveur. Et m\u00eame si je ne suis pas son plus grand fan, je reconnais<br \/>\nqu\u2019il est bien meilleur cette saison.<\/p>\n<p>De ce fait, cela ne laisse que peu de chances \u00e0 Miguel Oliveira.<br \/>\nJe ne vois qu\u2019une solution pour qu\u2019il s\u2019en sorte\u00a0: que Jack<br \/>\nMiller quitte Pramac pour l\u2019\u00e9quipe d\u2019usine comme certains bruits de<br \/>\ncouloir le rapportent, et qu\u2019Alex Rins, de son c\u00f4t\u00e9, trouve une<br \/>\nautre option. <strong>Mais Yamaha pr\u00e9f\u00e9rera-t-il conserver Oliveira<br \/>\nplut\u00f4t que Rins, qui, pour sa d\u00e9fense, est tout de m\u00eame meilleur<br \/>\nque le Portugais cette saison \u2013 sans casser la baraque non plus<br \/>\n\u2013\u00a0?<\/strong> L\u2019\u00e9quation est compliqu\u00e9e, et m\u00eame si les<br \/>\narguments en faveur d\u2019une mont\u00e9e de Miller sont assez solides, il<br \/>\nfaut reconna\u00eetre qu\u2019il a aussi de bonnes chances d\u2019\u00eatre conserv\u00e9<br \/>\nchez Pramac.<\/p>\n<p>O\u00f9 Miguel Oliveira pourrait-il aller ? Apr\u00e8s avoir quitt\u00e9<br \/>\nl\u2019\u00e9quipe d\u2019usine KTM fin 2022, il a pris part \u00e0 trois projets<br \/>\ndiff\u00e9rents, et ne s\u2019est jamais illustr\u00e9. Ce n\u2019\u00e9tait pas dingue chez<br \/>\nAprilia RNF, puis chez Trackhouse, et maintenant chez Pramac<br \/>\nYamaha. Ajoutez \u00e0 cela sa propension \u00e0 se blesser fr\u00e9quemment, et<br \/>\nvous obtenez un pilote dangereusement proche de la sortie.<br \/>\nHonn\u00eatement, <strong>je ne vois pas quelle autre \u00e9quipe pourrait \u00ab<br \/>\nb\u00e9n\u00e9ficier \u00bb de la signature d\u2019Oliveira \u00e0 l\u2019heure<br \/>\nactuelle.<\/strong><\/p>\n<p>\u00a0<\/p>\n<p><img loading=\"lazy\" decoding=\"async\" aria-describedby=\"caption-attachment-1317446\" class=\"size-full wp-image-1317446\" src=\"https:\/\/www.europesays.com\/fr\/wp-content\/uploads\/2025\/08\/Moreira-1-e1754911083483.jpg\" alt=\"pilote danger\" width=\"800\" height=\"533\"\/><\/p>\n<p id=\"caption-attachment-1317446\" class=\"wp-caption-text\">Quid de<br \/>\nla question Diogo Moreira, apparemment \u00e9galement pist\u00e9 par Pramac<br \/>\nRacing ? Photo : Italtrans Racing<\/p>\n<p>\u00a0<\/p>\n<p>Des sources d\u2019espoir\u00a0?<\/p>\n<p>\u00a0<\/p>\n<p>Oliveira a deux arguments \u00e0 faire valoir, mais j\u2019ai du mal \u00e0 en<br \/>\ntrouver davantage. Premi\u00e8rement, sa nationalit\u00e9. Un peu comme<br \/>\nMiller, son pays l\u2019aide indirectement, enfin, a priori. En effet,<br \/>\nles ann\u00e9es pass\u00e9es, n<strong>ous pouvions observer la pr\u00e9sence du<br \/>\nsponsor MEO \u00e0 l\u2019avant de son casque<\/strong>, ce qui n\u2019est autre<br \/>\nque la plus grande entreprise de t\u00e9l\u00e9communications du Portugal.<br \/>\nPour rappel, MEO \u00e9tait \u00e9galement le sponsor titre du Grand Prix du<br \/>\nPortugal, revenu en 2020 au calendrier MotoGP et qui ne l\u2019a plus<br \/>\nquitt\u00e9 depuis. Mais la mention de la firme portugaise \u00e0 disparu du<br \/>\ncasque d\u2019Oliveira, ce qui peut poser question. De plus, Portimao<br \/>\n\u00e9tait un temps menac\u00e9 au calendrier, ce qui n\u2019aurait pas aid\u00e9 son<br \/>\ncas. Le circuit d\u2019Algarve est prolong\u00e9 jusqu\u2019en 2026, mais<br \/>\napr\u00e8s\u00a0? <strong>Le futur du pays bleu en MotoGP est encore<br \/>\nloin d\u2019\u00eatre assur\u00e9<\/strong>, surtout que Miguel n\u2019a aucun<br \/>\nsuccesseur en mondial pour porter la dynamique.<\/p>\n<p>Ensuite, son talent de d\u00e9veloppeur. On nous a souvent dit,<br \/>\ndepuis ses ann\u00e9es KTM Tech3, que Miguel Oliveira \u00e9tait un excellent<br \/>\nmetteur au point. Apr\u00e8s tout, si des ing\u00e9nieurs le disent, c\u2019est<br \/>\nsans doute vrai. <strong>Mais cela suffit-il \u00e0 palier ses trop<br \/>\nnombreuses absences et ses r\u00e9sultats en berne\u00a0?<\/strong><br \/>\nYamaha pourrait sans doute l\u2019engager comme pilote d\u2019essai, mais il<br \/>\ny a d\u00e9j\u00e0 Augusto Fernandez \u00e0 ce poste, les effectifs sont bien<br \/>\nremplis. \u00c0 l\u2019heure d\u2019\u00e9crire ces lignes, je ne vois pas de meilleure<br \/>\noption pour lui.<\/p>\n<p>Je suis curieux de savoir ce que vous pensez de Miguel Oliveira<br \/>\net de son avenir. <strong>Dites-le-moi en<br \/>\ncommentaires\u00a0!<\/strong><\/p>\n<p>Pour rappel, cet article ne refl\u00e8te que la pens\u00e9e de son auteur,<br \/>\net pas de l\u2019enti\u00e8ret\u00e9 de la r\u00e9daction.<\/p>\n<p>\u00a0<\/p>\n<p><img loading=\"lazy\" decoding=\"async\" aria-describedby=\"caption-attachment-1317449\" class=\"size-full wp-image-1317449\" src=\"https:\/\/www.europesays.com\/fr\/wp-content\/uploads\/2025\/08\/54661810734_0159149f99_c.jpg\" alt=\"\" width=\"799\" height=\"533\"  \/><\/p>\n<p id=\"caption-attachment-1317449\" class=\"wp-caption-text\">Jack<br \/>\nMiller est une autre inconnue de cette \u00e9quation. Photo : Michelin<br \/>\nMotorsport<\/p>\n<p>\u00a0<\/p>\n<p>Photo de couverture : Michelin Motorsport<\/p>\n","protected":false},"excerpt":{"rendered":"Alors que le march\u00e9 des transferts s\u2019affole, un pilote MotoGP n\u2019est jamais \u00e9voqu\u00e9, et sa situation me pousse&hellip;\n","protected":false},"author":2,"featured_media":312300,"comment_status":"","ping_status":"","sticky":false,"template":"","format":"standard","meta":{"footnotes":""},"categories":[1413],"tags":[1011,27,1457,1456,60],"class_list":{"0":"post-312299","1":"post","2":"type-post","3":"status-publish","4":"format-standard","5":"has-post-thumbnail","7":"category-moto","8":"tag-fr","9":"tag-france","10":"tag-moto","11":"tag-motocycle","12":"tag-sports"},"share_on_mastodon":{"url":"https:\/\/pubeurope.com\/@fr\/115011807159822562","error":""},"_links":{"self":[{"href":"https:\/\/www.europesays.com\/fr\/wp-json\/wp\/v2\/posts\/312299","targetHints":{"allow":["GET"]}}],"collection":[{"href":"https:\/\/www.europesays.com\/fr\/wp-json\/wp\/v2\/posts"}],"about":[{"href":"https:\/\/www.europesays.com\/fr\/wp-json\/wp\/v2\/types\/post"}],"author":[{"embeddable":true,"href":"https:\/\/www.europesays.com\/fr\/wp-json\/wp\/v2\/users\/2"}],"replies":[{"embeddable":true,"href":"https:\/\/www.europesays.com\/fr\/wp-json\/wp\/v2\/comments?post=312299"}],"version-history":[{"count":0,"href":"https:\/\/www.europesays.com\/fr\/wp-json\/wp\/v2\/posts\/312299\/revisions"}],"wp:featuredmedia":[{"embeddable":true,"href":"https:\/\/www.europesays.com\/fr\/wp-json\/wp\/v2\/media\/312300"}],"wp:attachment":[{"href":"https:\/\/www.europesays.com\/fr\/wp-json\/wp\/v2\/media?parent=312299"}],"wp:term":[{"taxonomy":"category","embeddable":true,"href":"https:\/\/www.europesays.com\/fr\/wp-json\/wp\/v2\/categories?post=312299"},{"taxonomy":"post_tag","embeddable":true,"href":"https:\/\/www.europesays.com\/fr\/wp-json\/wp\/v2\/tags?post=312299"}],"curies":[{"name":"wp","href":"https:\/\/api.w.org\/{rel}","templated":true}]}}