{"id":312301,"date":"2025-08-11T19:34:17","date_gmt":"2025-08-11T19:34:17","guid":{"rendered":"https:\/\/www.europesays.com\/fr\/312301\/"},"modified":"2025-08-11T19:34:17","modified_gmt":"2025-08-11T19:34:17","slug":"le-match-retour-du-troisieme-tour-preliminaire-de-la-ligue-des-champions-entre-benfica-et-nice-toujours-en-attente-dun-diffuseur-lequipe","status":"publish","type":"post","link":"https:\/\/www.europesays.com\/fr\/312301\/","title":{"rendered":"Le match retour du troisi\u00e8me tour pr\u00e9liminaire de la Ligue des champions entre Benfica et Nice toujours en attente d&#039;un diffuseur &#8211; L&#039;\u00c9quipe"},"content":{"rendered":"<ol>\n<li><a href=\"https:\/\/news.google.com\/rss\/articles\/CBMilAJBVV95cUxNcENuM1h2Sk9PU1l0S2gwVGdLcThTMFljN2hRaFgwa0NRZVBsRTR5MklWSWFjcGpVMlRYVDEyVXlaY19ITFhsVmtsTEJJd3BpWDU2Z0ZINU5HWWd6aHJHYXRBUzhxOXY1MkVXdEVISE5oV0FrR2lrM3paYmlXb3VuQ1ppZS15RXZvd2ZmRHFndFJGOXJLS29vak5IdWt2LTZycXJ1Sjc3SXZ0MjE1c3dfbmpEdUNxZ1REQUZlMUhsY2JTTGxUVzMxWGxzZ2RyaW5zdXlOMWE0STA3Uk54dk1lV0dLbzNNN2kxVWtGRldLWVQxYTg3TV9OQVp3RzJudEJQZkUwX25zZ3dVUHlTSnBWOFQyWjE?oc=5\" target=\"_blank\" rel=\"nofollow noopener\">Le match retour du troisi\u00e8me tour pr\u00e9liminaire de la Ligue des champions entre Benfica et Nice toujours en attente d&rsquo;un diffuseur<\/a>&nbsp;&nbsp;L&rsquo;\u00c9quipe<\/li>\n<li><a href=\"https:\/\/news.google.com\/rss\/articles\/CBMinwFBVV95cUxOWkQxdG1teUxfMHN6NmlaeVEtc3FCT0h4SlZzU2IxME5vbllhYnZBRFV1OGtXaURIMGctZ3c0U19UQzBCR3dJRmp2LW9KcUxEVV8zVzFEOGE4UkZ5S1V6WjF5T0p3UElnblpJUDVwMmpOT0EyVXppTGRVNFhXX0JMRFg2R1A0RmgxZk8xNW12akRfWnNGajVaa3JwanBrdTQ?oc=5\" target=\"_blank\" rel=\"nofollow noopener\">Nice : Pablo Rosario refuse de jouer contre Benfica<\/a>&nbsp;&nbsp;Foot Mercato<\/li>\n<li><a href=\"https:\/\/news.google.com\/rss\/articles\/CBMif0FVX3lxTE9SUHkzWkRhWWg2RnVOc2Vmc05YVEE0aGlTYzdqT3VEdUR6NXdENURSS3BhUVVHbjdDRC1VTUE3cFdPbnM1ZTdDZXQ1WVdVSndVdk54bXVodFBub0RLNlNSaXB2Q2JGaDJqOTZfQTBhaUNTRWlRX0J2aXZ2M3NxNzA?oc=5\" target=\"_blank\" rel=\"nofollow noopener\">Le groupe ni\u00e7ois \u00e0 Lisbonne<\/a>&nbsp;&nbsp;OGC Nice<\/li>\n<li><a href=\"https:\/\/news.google.com\/rss\/articles\/CBMipwFBVV95cUxPbjlkaXJTU0tiRUtsOXg3RWNXY1pJNFFVTEF1Vy1rWVFSb0loc2JuMEUxYWRXVDAwWC1Gd2N2bzlQV3h6V2NsQTFaZFhKajBPTmZXeGJjeHcxeWo2bmlNeXlJZlNPdldyT0FVc1FFUEpOZDBMQkFRRFA1QWo5WjBURWlVZGMweldzTGZvQkNKbkV1NnY4LUpyM2p5eVVmSnQ4U3V6N1ZnSQ?oc=5\" target=\"_blank\" rel=\"nofollow noopener\">Benfica &#8211; OGC Nice : allumer la lumi\u00e8re au Stade de la Luz<\/a>&nbsp;&nbsp;francebleu.fr<\/li>\n<li><a href=\"https:\/\/news.google.com\/rss\/articles\/CBMigwJBVV95cUxNMEZUOE5vQURQcGZkVVMtdFZyYV8zNTljaHZzSjZyZ2hDVFZwMklTR2RPbUpVYklEOTBjVEJyQ3U2VnZ4WC1vRWdUTjc5VmxzTXdWRkhrSEJWTUJyUUtoSkVYbXgwTjdxbHRPNGtlc2V6RmRtaDRjYkxWR3hnblR6XzlQenkxcnlrNDZNYURHWDJCUUhRTEI5a2hweDhZOUI0WkFsLUZ6THdQRUpuRDk0T1p5TmRDcm5ubTFoNS1BOUxjSmJWU25vUTVOaHQ5YzFsWHZIbkxjaS1NNVV2dVNfZ0dXZWxaa2hxbW9CTGxsZFBGUGxHdU5uNEN2aEp0VS1PS3N30gGCAkFVX3lxTE9iZ1V6WEkzMnhvZ1RlWklaTndBUVpMU1lUaVg0QUFuaGxHelhpWlR3dGtwWHRaR1BybnRyNVhfYkd5dDhIeXRHdlRPRDNIQl82eVZuOUlGUFhWSVVLNUpzRjFoLUJKd2kyajRlQVFfdldnMXE5SG1kQWM0QS1TcVFVTzFxM2FRM0NUS0RHbmExZXcwWUN3Q2tyMmx4VW5TUlNYeWJDOFR4Z01ZLTJCZlh1VHZVQnNaWVFBYVBUNWRQT1dXNnB5dDVJQk1zOEFpRGp0NU9iZ3JMZFhGV2xCUWdJY1dGc0RmZ2M5bFpkdWVNWUY5dDdMVjBlQncwSmxuZWJxdw?oc=5\" target=\"_blank\" rel=\"nofollow noopener\">Ligue des champions (3e tour de qualification) : Les Ni\u00e7ois veulent croire \u00e0 l&rsquo;impossible<\/a>&nbsp;&nbsp;Orange Actualit\u00e9s | Sports<\/li>\n<\/ol>\n","protected":false},"excerpt":{"rendered":"Le match retour du troisi\u00e8me tour pr\u00e9liminaire de la Ligue des champions entre Benfica et Nice toujours en&hellip;\n","protected":false},"author":2,"featured_media":312302,"comment_status":"","ping_status":"","sticky":false,"template":"","format":"standard","meta":{"footnotes":""},"categories":[1412],"tags":[1451,1452,1453,1454,1455,1011,27,60],"class_list":{"0":"post-312301","1":"post","2":"type-post","3":"status-publish","4":"format-standard","5":"has-post-thumbnail","7":"category-f1","8":"tag-f1","9":"tag-formula-1","10":"tag-formula1","11":"tag-formule-1","12":"tag-formule1","13":"tag-fr","14":"tag-france","15":"tag-sports"},"share_on_mastodon":{"url":"https:\/\/pubeurope.com\/@fr\/115011811000006977","error":""},"_links":{"self":[{"href":"https:\/\/www.europesays.com\/fr\/wp-json\/wp\/v2\/posts\/312301","targetHints":{"allow":["GET"]}}],"collection":[{"href":"https:\/\/www.europesays.com\/fr\/wp-json\/wp\/v2\/posts"}],"about":[{"href":"https:\/\/www.europesays.com\/fr\/wp-json\/wp\/v2\/types\/post"}],"author":[{"embeddable":true,"href":"https:\/\/www.europesays.com\/fr\/wp-json\/wp\/v2\/users\/2"}],"replies":[{"embeddable":true,"href":"https:\/\/www.europesays.com\/fr\/wp-json\/wp\/v2\/comments?post=312301"}],"version-history":[{"count":0,"href":"https:\/\/www.europesays.com\/fr\/wp-json\/wp\/v2\/posts\/312301\/revisions"}],"wp:featuredmedia":[{"embeddable":true,"href":"https:\/\/www.europesays.com\/fr\/wp-json\/wp\/v2\/media\/312302"}],"wp:attachment":[{"href":"https:\/\/www.europesays.com\/fr\/wp-json\/wp\/v2\/media?parent=312301"}],"wp:term":[{"taxonomy":"category","embeddable":true,"href":"https:\/\/www.europesays.com\/fr\/wp-json\/wp\/v2\/categories?post=312301"},{"taxonomy":"post_tag","embeddable":true,"href":"https:\/\/www.europesays.com\/fr\/wp-json\/wp\/v2\/tags?post=312301"}],"curies":[{"name":"wp","href":"https:\/\/api.w.org\/{rel}","templated":true}]}}