{"id":312303,"date":"2025-08-11T19:35:11","date_gmt":"2025-08-11T19:35:11","guid":{"rendered":"https:\/\/www.europesays.com\/fr\/312303\/"},"modified":"2025-08-11T19:35:11","modified_gmt":"2025-08-11T19:35:11","slug":"ou-en-sont-les-favoris-de-la-vuelta-a-moins-de-deux-semaines-du-grand-depart","status":"publish","type":"post","link":"https:\/\/www.europesays.com\/fr\/312303\/","title":{"rendered":"o\u00f9 en sont les favoris de la Vuelta \u00e0 moins de deux semaines du grand d\u00e9part\u00a0?"},"content":{"rendered":"<p>Gall \u00e0 bloc apr\u00e8s le Tour<\/p>\n<p>Comme Vingegaard, <b>Felix Gall<\/b> (Decathlon-AG2R La Mondiale) doit g\u00e9rer cette d\u00e9licate et courte p\u00e9riode d&rsquo;apr\u00e8s-Tour. L&rsquo;Autrichien a coup\u00e9 une semaine puis a directement encha\u00een\u00e9 par un nouveau stage en altitude de deux semaines \u00e0 2000 m, \u00e0 Khutai, dans sa r\u00e9gion du Tyrol. Juste avant de rejoindre l&rsquo;Espagne, le 5e du Tour de France prendra deux jours avec ses co\u00e9quipiers pour travailler sp\u00e9cifiquement le contre-la-montre par \u00e9quipes, au programme de la 5e \u00e9tape.<\/p>\n","protected":false},"excerpt":{"rendered":"Gall \u00e0 bloc apr\u00e8s le Tour Comme Vingegaard, Felix Gall (Decathlon-AG2R La Mondiale) doit g\u00e9rer cette d\u00e9licate et&hellip;\n","protected":false},"author":2,"featured_media":312304,"comment_status":"","ping_status":"","sticky":false,"template":"","format":"standard","meta":{"footnotes":""},"categories":[1411],"tags":[1154,207,1011,27,60],"class_list":{"0":"post-312303","1":"post","2":"type-post","3":"status-publish","4":"format-standard","5":"has-post-thumbnail","7":"category-cyclisme","8":"tag-cycling","9":"tag-cyclisme","10":"tag-fr","11":"tag-france","12":"tag-sports"},"share_on_mastodon":{"url":"https:\/\/pubeurope.com\/@fr\/115011815002156436","error":""},"_links":{"self":[{"href":"https:\/\/www.europesays.com\/fr\/wp-json\/wp\/v2\/posts\/312303","targetHints":{"allow":["GET"]}}],"collection":[{"href":"https:\/\/www.europesays.com\/fr\/wp-json\/wp\/v2\/posts"}],"about":[{"href":"https:\/\/www.europesays.com\/fr\/wp-json\/wp\/v2\/types\/post"}],"author":[{"embeddable":true,"href":"https:\/\/www.europesays.com\/fr\/wp-json\/wp\/v2\/users\/2"}],"replies":[{"embeddable":true,"href":"https:\/\/www.europesays.com\/fr\/wp-json\/wp\/v2\/comments?post=312303"}],"version-history":[{"count":0,"href":"https:\/\/www.europesays.com\/fr\/wp-json\/wp\/v2\/posts\/312303\/revisions"}],"wp:featuredmedia":[{"embeddable":true,"href":"https:\/\/www.europesays.com\/fr\/wp-json\/wp\/v2\/media\/312304"}],"wp:attachment":[{"href":"https:\/\/www.europesays.com\/fr\/wp-json\/wp\/v2\/media?parent=312303"}],"wp:term":[{"taxonomy":"category","embeddable":true,"href":"https:\/\/www.europesays.com\/fr\/wp-json\/wp\/v2\/categories?post=312303"},{"taxonomy":"post_tag","embeddable":true,"href":"https:\/\/www.europesays.com\/fr\/wp-json\/wp\/v2\/tags?post=312303"}],"curies":[{"name":"wp","href":"https:\/\/api.w.org\/{rel}","templated":true}]}}