{"id":312309,"date":"2025-08-11T19:38:19","date_gmt":"2025-08-11T19:38:19","guid":{"rendered":"https:\/\/www.europesays.com\/fr\/312309\/"},"modified":"2025-08-11T19:38:19","modified_gmt":"2025-08-11T19:38:19","slug":"mort-du-photographe-gianni-berengo-gardin-le-cartier-bresson-italien","status":"publish","type":"post","link":"https:\/\/www.europesays.com\/fr\/312309\/","title":{"rendered":"Mort du photographe Gianni Berengo Gardin, \u201cle Cartier-Bresson italien\u201d"},"content":{"rendered":"<p>      Proche de Robert Doisneau et Willy Ronis \u00e0 Paris, ce ma\u00eetre du noir et blanc t\u00e9moignait de la transformation de l\u2019Italie depuis\u00a01954. Le photojournaliste, amoureux de Venise est mort le 6\u00a0ao\u00fbt, \u00e0 l\u2019\u00e2ge de 94\u00a0ans.              <a href=\"https:\/\/www.europesays.com\/fr\/wp-content\/uploads\/2025\/08\/7630bfd_upload-1-xjewntybsxye-000-329e3ca.jpg\" data-pswp-width=\"\" data-pswp-height=\"\" class=\"media__hd\" target=\"_blank\">      <img decoding=\"async\" fetchpriority=\"high\" src=\"https:\/\/www.europesays.com\/fr\/wp-content\/uploads\/2025\/08\/7630bfd_upload-1-xjewntybsxye-000-329e3ca.jpg\" class=\"media__picture js-media-zoom-main \" alt=\"Le photographe italien Gianni Berengo Gardin, \u00e0 Rome, le 3\u00a0mai 2022. \" title=\"Photo Tiziana Fabi\/AFP\"\/>      <\/p>\n<p class=\"media__legend\"> Le photographe italien Gianni Berengo Gardin, \u00e0 Rome, le 3\u00a0mai 2022.   Photo Tiziana Fabi\/AFP  <\/p>\n<p>     <\/a>                    <\/p>\n<p class=\"author author--simple\">Par  <a class=\"author author--link\" href=\"https:\/\/www.telerama.fr\/recherche\/articles?q=Marie-Anne+Kleiber\" rel=\"nofollow noopener\" target=\"_blank\"> Marie-Anne Kleiber <\/a>    <\/p>\n<p class=\"publication__date\">Publi\u00e9 le 11 ao\u00fbt 2025 \u00e0 16h39<\/p>\n<p class=\"publication__update\">Mis \u00e0 jour le 11 ao\u00fbt 2025 \u00e0 18h12<\/p>\n<p>   Partager   <\/p>\n<ul class=\"sharing-popin--results\">\n<li class=\"sharing-popin--item sharing-popin--item-container\"> Partage  <\/li>\n<li data-share=\"linkedin\" class=\"sharing-popin--item\">  LinkedIn <\/li>\n<li data-share=\"facebook\" class=\"sharing-popin--item\">  Facebook <\/li>\n<li data-share=\"mail\" data-social=\"mail\" class=\"sharing-popin--item\">  Envoyer par email <\/li>\n<li data-share=\"copy\" class=\"sharing-popin--item\">  Copier le lien <\/li>\n<\/ul>\n<p>        Favoris       <\/p>\n<p>                <a class=\"openapp__link\" data-event=\"click-open-app\" data-deep-link=\"tlrm:\/\/element?id=\/arts-expositions\/mort-du-photographe-gianni-berengo-gardin-le-cartier-bresson-italien-7026923.php&amp;source=deeplink_site\">  Lire dans l&rsquo;application<br \/>\n  <\/a>                               <\/p>\n<p class=\"paragraph\">Il a saisi la vie qui surgit avant de se retirer comme les mar\u00e9es vont et viennent \u00e0 Venise, sa ville de c\u0153ur. Il se disait en effet V\u00e9nitien avant tout, m\u00eame s\u2019il \u00e9tait n\u00e9 pr\u00e8s de G\u00eanes et y est mort le 6\u00a0ao\u00fbt 2025, \u00e0 l\u2019\u00e2ge de 94\u00a0ans. Pendant pr\u00e8s de soixante ans, le grand photographe humaniste et photojournaliste italien Gianni Berengo Gardin a document\u00e9 les transformations sociales de la Botte, de la cit\u00e9 des Doges jusqu\u2019aux Pouilles, de Palerme aux alpages du Haut-Adige et des h\u00f4pitaux psychiatriques aux camps de Roms. Toujours en noir et blanc. Il laisse plus d\u2019un million de n\u00e9gatifs et plus de 260\u00a0livres publi\u00e9s. Multiprim\u00e9, lui qui \u00e9tait surnomm\u00e9 \u00ab\u00a0le Cartier-Bresson italien\u00a0\u00bb \u00e9tait tr\u00e8s connu et reconnu dans son pays, moins de ce c\u00f4t\u00e9-ci des Alpes, m\u00eame si une r\u00e9trospective mettant en avant son \u00ab\u00a0g\u00e9nie tranquille\u00a0\u00bb lui avait \u00e9t\u00e9 consacr\u00e9e en\u00a02005 \u00e0 la Maison europ\u00e9enne de la photographie, \u00e0 Paris.<\/p>\n<p class=\"paragraph\">Ses images les plus connues restent celles prises \u00e0 Venise. Deux amoureux s\u2019embrassant sous une galerie de la place Saint-Marc, dont les piliers filent vers le fond de l\u2019image comme dans L\u2019Annonciation du peintre de la Renaissance Piero della Francesca. La m\u00eame place capt\u00e9e de haut sous la neige, tachet\u00e9e par l\u2019envol de pigeons chass\u00e9s par une petite fille. Ou ces deux jeunes gens dansant dans les dunes du Lido au son d\u2019un tourne-disque, en\u00a01958. Sa photographie de passagers entass\u00e9s dans un vaporetto, construite sur un savant jeu de reflets dans une vitre, \u00e9tait l\u2019un des quelque 90 clich\u00e9s ayant marqu\u00e9 <a target=\"_blank\" href=\"https:\/\/www.telerama.fr\/scenes\/dans-les-abruzzes,-le-scanno-dhenri-cartier-bresson,n6410936.php\" rel=\"nofollow noopener\">Henri Cartier-Bresson<\/a> et choisis par ce dernier pour \u00eatre expos\u00e9s \u00e0 Paris en\u00a02003, afin d\u2019inaugurer sa Fondation.<\/p>\n<p>                              <a href=\"https:\/\/www.europesays.com\/fr\/wp-content\/uploads\/2025\/08\/e4b49f5_upload-1-osigy98bxiqy-7293.jpg\" data-pswp-width=\"\" data-pswp-height=\"\" class=\"media__hd\" target=\"_blank\">      <img decoding=\"async\" loading=\"lazy\" src=\"https:\/\/www.europesays.com\/fr\/wp-content\/uploads\/2025\/08\/e4b49f5_upload-1-osigy98bxiqy-7293.jpg\" class=\"media__picture js-media-zoom  media__size--large\" alt=\"Place Saint Marc, Venise, 1959. \" title=\"Photo Gianni Berengo Gardin\/Courtesy Polka Galerie\"\/>      <\/p>\n<p class=\"media__legend\"> Place Saint Marc, Venise, 1959.   Photo Gianni Berengo Gardin\/Courtesy Polka Galerie  <\/p>\n<p>     <\/a>                          <\/p>\n<p class=\"paragraph\">N\u00e9 dans la station baln\u00e9aire Santa Margherita Ligure, pr\u00e8s de G\u00eanes, en\u00a01930, Gianni Berengo Gardin a grandi \u00e0 Rome, puis a \u00e9tudi\u00e9 l\u2019architecture \u00e0 Venise d\u2019o\u00f9 \u00e9tait originaire sa famille paternelle \u2014 des commer\u00e7ants de verre de Murano. R\u00e9dacteur pour des revues a\u00e9ronautiques, il s\u2019int\u00e9resse par ce biais \u00e0 la photo. Il fait alors partie du club v\u00e9nitien de photographie amateur La Gondola, et commence \u00e0 collaborer \u00e0 l\u2019hebdomadaire politique et culturel Il mondo \u00e0 partir de\u00a01954, avec des photographies de rues et de canaux v\u00e9nitiens. Autodidacte, Gianni Berengo Gardin s\u2019est form\u00e9 gr\u00e2ce \u00e0 des magazines, Life notamment et les reportages sans concession d\u2019un des ma\u00eetres de la photographie documentaire, Eugene W. Smith (1918-1978), et des livres de photographes de la Grande D\u00e9pression \u2014 Dorothea Lange et Walker Evans \u2014, envoy\u00e9s par un oncle \u00e9migr\u00e9 aux \u00c9tats-Unis.<\/p>\n<p class=\"paragraph\">Berengo Gardin passe aussi plusieurs mois fondateurs \u00e0 Paris au d\u00e9but des ann\u00e9es\u00a01950, o\u00f9, gr\u00e2ce \u00e0 un autre club amateur, le 30\ud835\uddd140, il rencontre <a target=\"_blank\" href=\"https:\/\/www.telerama.fr\/arts-expositions\/au-musee-maillol-une-facette-moins-connue-de-robert-doisneau_cri-7038340.php\" rel=\"nofollow noopener\">Robert Doisneau<\/a>, \u00c9douard Boubat, Daniel Masclet, et surtout Willy Ronis, qu\u2019il suit sur le terrain et qui devient l\u2019un de ses amis.<\/p>\n<p class=\"paragraph\">De retour \u00e0 Venise, il continue de vendre ses photos \u00e0 diff\u00e9rents magazines avant de s\u2019\u00e9tablir en\u00a01965 \u00e0 Milan, capitale \u00e9conomique de l\u2019Italie, travaillant \u00e9galement pour la firme Olivetti, par exemple, ou pour des architectes tels Carlo Scarpa et Renzo Piano, tout en poursuivant ses reportages d\u2019inspiration humaniste. Avant Raymond Depardon, il enqu\u00eate sur les h\u00f4pitaux psychiatriques italiens avec la journaliste Carla Cerati et r\u00e9v\u00e8le dans un livre choc, Morire di classe (Mourir de sa classe, publi\u00e9 en\u00a01969), la r\u00e9alit\u00e9 carc\u00e9rale de ces institutions o\u00f9 les malades \u00e9taient alors maltrait\u00e9s, attach\u00e9s \u00e0 leur lit, enferm\u00e9s dans des cellules. Des clich\u00e9s qu\u2019il n\u2019a pas \u00ab\u00a0vol\u00e9s\u00a0\u00bb mais r\u00e9alis\u00e9s avec l\u2019accord des patients. Il photographie avec le m\u00eame respect les communaut\u00e9s de nomades \u00e0 Trente, Padoue, puis \u00e0 Florence, et en tire La disperata allegria (La Joie d\u00e9sesp\u00e9r\u00e9e, en\u00a01995).<\/p>\n<p class=\"edito__prefixe\">   \u00c0 lire aussi :   <\/p>\n<p class=\"edito__text-container\">     <a alt=\"Lire aussi\" href=\"https:\/\/www.telerama.fr\/arts-expositions\/les-meilleures-expositions-photo-a-paris-en-aout-2025-2911-7023712.php\" class=\"article__title--edito\" rel=\"nofollow noopener\" target=\"_blank\">Les meilleures expositions photo en ce moment \u00e0 Paris<\/a>  <\/p>\n<p class=\"paragraph\">Guid\u00e9 par une \u00ab\u00a0honn\u00eatet\u00e9 sobre\u00a0\u00bb, selon les mots de la grande \u00e9ditrice photo italienne Giovanna Calvenzi, \u00e9galement commissaire d\u2019exposition, celui qui se consid\u00e9rait comme un \u00ab\u00a0artisan\u00a0\u00bb (surtout pas un artiste) ne retouchait pas ses images prises avec un appareil argentique, le plus souvent un Leica, et \u00e0 la lumi\u00e8re naturelle. Toujours en mouvement, il n\u2019utilisait pas de tr\u00e9pied, qui lui donnait \u00ab\u00a0une sensation d\u2019\u00e9troitesse, comme [s\u2019il \u00e9tait] un bateau \u00e0 l\u2019ancre\u00a0\u00bb.<\/p>\n<p class=\"paragraph\">Berengo Gardin glissait parfois dans ses compositions une pointe de fac\u00e9tie. Telle cette image \u00e9trange d\u2019une femme couch\u00e9e sur le sol, une partie du corps cach\u00e9 par une table de jardin, comme si elle \u00e9tait coup\u00e9e en deux (Milan, 1987). Rares sont ses clich\u00e9s d\u00e9pourvus de pr\u00e9sence humaine, m\u00eame minuscule. Comme dans cette vue po\u00e9tique d\u2019un couple lilliputien saisi dans un paysage toscan, marchant sur un chemin sinueux et lumineux (1965). Ou dans cette paisible s\u00e9rie consacr\u00e9e \u00e0 l\u2019atelier du peintre de <a target=\"_blank\" href=\"https:\/\/www.telerama.fr\/sortir\/giorgio-morandi,-un-chef-doeuvre-de-patience,-de-silence,n5220852.php\" rel=\"nofollow noopener\">natures mortes Giorgio Morandi<\/a> \u00e0 Bologne (1993). Ou encore celle, plus r\u00e9cente, sur les paquebots g\u00e9ants accostant \u00e0 Venise (2013-2015), et qu\u2019il appelait des \u00ab\u00a0monstres\u00a0\u00bb. Ce travail d\u00e9nonciateur d\u00e9clencha une pol\u00e9mique il y a dix ans, le maire de la ville refusant qu\u2019il soit pr\u00e9sent\u00e9 au Palais ducal. Berengo Gardin l\u2019exposa dans un autre lieu \u00e0 Venise. Pour t\u00e9moigner, encore et toujours.<\/p>\n<p>                                      \u00ab\u00a0Vera Fotografia \u2013 Gianni Berengo Gardin\u00a0\u00bb, <a target=\"_blank\" href=\"https:\/\/www.polkagalerie.com\/fr\/exposition-vera-fotgrafia-de-gianni-berengo-gardin.htm\" rel=\"nofollow noopener\">galerie Polka<\/a>, cour de Venise, 12\u00a0rue Saint-Gilles, Paris 3e. Du 12\u00a0septembre au 25\u00a0octobre.                              <a href=\"https:\/\/www.europesays.com\/fr\/wp-content\/uploads\/2025\/08\/7300590_upload-1-pv3muqztkvhe-dp-gianni-berengo-gardin-11.jpg\" data-pswp-width=\"\" data-pswp-height=\"\" class=\"media__hd\" target=\"_blank\">      <img decoding=\"async\" loading=\"lazy\" src=\"https:\/\/www.europesays.com\/fr\/wp-content\/uploads\/2025\/08\/7300590_upload-1-pv3muqztkvhe-dp-gianni-berengo-gardin-11.jpg\" class=\"media__picture js-media-zoom  media__size--large\" alt=\"Paris, 1954.\" title=\"Photo Gianni Berengo Gardin\/Courtesy Polka Galerie\"\/>      <\/p>\n<p class=\"media__legend\"> Paris, 1954.  Photo Gianni Berengo Gardin\/Courtesy Polka Galerie  <\/p>\n<p>     <\/a>                                  <a href=\"https:\/\/www.europesays.com\/fr\/wp-content\/uploads\/2025\/08\/4acb594_upload-1-hwxg82aghkz4-punkt-elhunyt-gianni-berengo-gardin-1930-2025-01.jpeg\" data-pswp-width=\"\" data-pswp-height=\"\" class=\"media__hd\" target=\"_blank\">      <img decoding=\"async\" loading=\"lazy\" src=\"https:\/\/www.europesays.com\/fr\/wp-content\/uploads\/2025\/08\/4acb594_upload-1-hwxg82aghkz4-punkt-elhunyt-gianni-berengo-gardin-1930-2025-01.jpeg\" class=\"media__picture js-media-zoom  media__size--large\" alt=\"Toscane, 1965.\" title=\"Photo Gianni Berengo Gardin\/Courtesy Polka Galerie\"\/>      <\/p>\n<p class=\"media__legend\"> Toscane, 1965.  Photo Gianni Berengo Gardin\/Courtesy Polka Galerie  <\/p>\n<p>     <\/a>                                  <a href=\"https:\/\/www.europesays.com\/fr\/wp-content\/uploads\/2025\/08\/3375f73_upload-1-msgld6gsv8xr-puglia-1965.jpg\" data-pswp-width=\"\" data-pswp-height=\"\" class=\"media__hd\" target=\"_blank\">      <img decoding=\"async\" loading=\"lazy\" src=\"https:\/\/www.europesays.com\/fr\/wp-content\/uploads\/2025\/08\/3375f73_upload-1-msgld6gsv8xr-puglia-1965.jpg\" class=\"media__picture js-media-zoom  media__size--large\" alt=\"Pouilles, 1965.\" title=\"Photo Gianni Berengo Gardin\/Courtesy Polka Galerie\"\/>      <\/p>\n<p class=\"media__legend\"> Pouilles, 1965.  Photo Gianni Berengo Gardin\/Courtesy Polka Galerie  <\/p>\n<p>     <\/a>                                  <a href=\"https:\/\/www.europesays.com\/fr\/wp-content\/uploads\/2025\/08\/8dc5b21_upload-1-jezdmlul6x0m-napoli-1967.jpg\" data-pswp-width=\"\" data-pswp-height=\"\" class=\"media__hd\" target=\"_blank\">      <img decoding=\"async\" loading=\"lazy\" src=\"https:\/\/www.europesays.com\/fr\/wp-content\/uploads\/2025\/08\/8dc5b21_upload-1-jezdmlul6x0m-napoli-1967.jpg\" class=\"media__picture js-media-zoom  media__size--large\" alt=\"Napoli, 1967.\" title=\"Photo Gianni Berengo Gardin\/Courtesy Polka Galerie\"\/>      <\/p>\n<p class=\"media__legend\"> Napoli, 1967.  Photo Gianni Berengo Gardin\/Courtesy Polka Galerie  <\/p>\n<p>     <\/a>                                  <a href=\"https:\/\/www.europesays.com\/fr\/wp-content\/uploads\/2025\/08\/07ae62e_upload-1-32zwlsuh1v4s-normandia-1968.jpg\" data-pswp-width=\"\" data-pswp-height=\"\" class=\"media__hd\" target=\"_blank\">      <img decoding=\"async\" loading=\"lazy\" src=\"https:\/\/www.europesays.com\/fr\/wp-content\/uploads\/2025\/08\/07ae62e_upload-1-32zwlsuh1v4s-normandia-1968.jpg\" class=\"media__picture js-media-zoom  media__size--large\" alt=\"Couple face \u00e0 la mer, Normandie 1993.\" title=\"Photo Gianni Berengo Gardin\/Courtesy Polka Galerie\"\/>      <\/p>\n<p class=\"media__legend\"> Couple face \u00e0 la mer, Normandie 1993.  Photo Gianni Berengo Gardin\/Courtesy Polka Galerie  <\/p>\n<p>     <\/a>                                  <a href=\"https:\/\/www.europesays.com\/fr\/wp-content\/uploads\/2025\/08\/e71c79f_upload-1-aqg80wefofdz-palermo-1995.jpg\" data-pswp-width=\"\" data-pswp-height=\"\" class=\"media__hd\" target=\"_blank\">      <img decoding=\"async\" loading=\"lazy\" src=\"https:\/\/www.europesays.com\/fr\/wp-content\/uploads\/2025\/08\/e71c79f_upload-1-aqg80wefofdz-palermo-1995.jpg\" class=\"media__picture js-media-zoom  media__size--large\" alt=\"Palermo, 1995.\" title=\"Photo Gianni Berengo Gardin\/Courtesy Polka Galerie\"\/>      <\/p>\n<p class=\"media__legend\"> Palermo, 1995.  Photo Gianni Berengo Gardin\/Courtesy Polka Galerie  <\/p>\n<p>     <\/a>                                  <a href=\"https:\/\/www.europesays.com\/fr\/wp-content\/uploads\/2025\/08\/888704f_upload-1-jvemj1purror-venezia-2013-2015.jpg\" data-pswp-width=\"\" data-pswp-height=\"\" class=\"media__hd\" target=\"_blank\">      <img decoding=\"async\" loading=\"lazy\" src=\"https:\/\/www.europesays.com\/fr\/wp-content\/uploads\/2025\/08\/888704f_upload-1-jvemj1purror-venezia-2013-2015.jpg\" class=\"media__picture js-media-zoom  media__size--large\" alt=\"Venise 2013\u00a0: les grands navires de croisi\u00e8re envahissent la ville.\" title=\"Photo Gianni Berengo Gardin\/Courtesy Polka Galerie\"\/>      <\/p>\n<p class=\"media__legend\"> Venise 2013\u00a0: les grands navires de croisi\u00e8re envahissent la ville.  Photo Gianni Berengo Gardin\/Courtesy Polka Galerie  <\/p>\n<p>     <\/a>               <\/p>\n","protected":false},"excerpt":{"rendered":"Proche de Robert Doisneau et Willy Ronis \u00e0 Paris, ce ma\u00eetre du noir et blanc t\u00e9moignait de la&hellip;\n","protected":false},"author":2,"featured_media":312310,"comment_status":"","ping_status":"","sticky":false,"template":"","format":"standard","meta":{"footnotes":""},"categories":[1358],"tags":[1348,1384,1385,1386,58,59,1011,27],"class_list":{"0":"post-312309","1":"post","2":"type-post","3":"status-publish","4":"format-standard","5":"has-post-thumbnail","7":"category-arts-et-design","8":"tag-arts","9":"tag-arts-and-design","10":"tag-arts-et-design","11":"tag-design","12":"tag-divertissement","13":"tag-entertainment","14":"tag-fr","15":"tag-france"},"share_on_mastodon":{"url":"https:\/\/pubeurope.com\/@fr\/115011827200638666","error":""},"_links":{"self":[{"href":"https:\/\/www.europesays.com\/fr\/wp-json\/wp\/v2\/posts\/312309","targetHints":{"allow":["GET"]}}],"collection":[{"href":"https:\/\/www.europesays.com\/fr\/wp-json\/wp\/v2\/posts"}],"about":[{"href":"https:\/\/www.europesays.com\/fr\/wp-json\/wp\/v2\/types\/post"}],"author":[{"embeddable":true,"href":"https:\/\/www.europesays.com\/fr\/wp-json\/wp\/v2\/users\/2"}],"replies":[{"embeddable":true,"href":"https:\/\/www.europesays.com\/fr\/wp-json\/wp\/v2\/comments?post=312309"}],"version-history":[{"count":0,"href":"https:\/\/www.europesays.com\/fr\/wp-json\/wp\/v2\/posts\/312309\/revisions"}],"wp:featuredmedia":[{"embeddable":true,"href":"https:\/\/www.europesays.com\/fr\/wp-json\/wp\/v2\/media\/312310"}],"wp:attachment":[{"href":"https:\/\/www.europesays.com\/fr\/wp-json\/wp\/v2\/media?parent=312309"}],"wp:term":[{"taxonomy":"category","embeddable":true,"href":"https:\/\/www.europesays.com\/fr\/wp-json\/wp\/v2\/categories?post=312309"},{"taxonomy":"post_tag","embeddable":true,"href":"https:\/\/www.europesays.com\/fr\/wp-json\/wp\/v2\/tags?post=312309"}],"curies":[{"name":"wp","href":"https:\/\/api.w.org\/{rel}","templated":true}]}}