{"id":312313,"date":"2025-08-11T19:40:26","date_gmt":"2025-08-11T19:40:26","guid":{"rendered":"https:\/\/www.europesays.com\/fr\/312313\/"},"modified":"2025-08-11T19:40:26","modified_gmt":"2025-08-11T19:40:26","slug":"cyril-hanouna-en-plus-de-tout-beau-tout-n9uf-decouvrez-les-deux-autres-emissions-quil-va-animer-sur-w9","status":"publish","type":"post","link":"https:\/\/www.europesays.com\/fr\/312313\/","title":{"rendered":"Cyril Hanouna : en plus de \u00ab\u00a0Tout beau, tout n9uf\u00a0\u00bb, d\u00e9couvrez les deux autres \u00e9missions qu\u2019il va animer sur W9"},"content":{"rendered":"<p>      R\u00e9sum\u00e9<\/p>\n<p>Cyril Hanouna rejoint le groupe M6 avec trois \u00e9missions sur W9, m\u00ealant actualit\u00e9, divertissement et humour, tout en retrouvant plusieurs chroniqueurs de TPMP.<\/p>\n<p>        Sommaire<\/p>\n<p><strong>C&rsquo;est l&rsquo;\u00e9v\u00e8nement de la rentr\u00e9e<\/strong>. Six mois apr\u00e8s avoir quitt\u00e9 le groupe Canal \u00e0 la suite de <a href=\"https:\/\/vsd.fr\/73430-pourquoi-c8-et-nrj12-disparaissent-des-ecrans\/\" target=\"_blank\" rel=\"noopener\">la disparition de C8 act\u00e9e par l&rsquo;Arcom<\/a>, Cyril Hanouna va faire ses premiers pas au sein du groupe M6. D\u00e8s le lundi 1er septembre, l&rsquo;animateur et producteur animera une toute nouvelle \u00e9mission quotidienne, tr\u00e8s proche de Touche pas \u00e0 mon poste. En effet, dans Tout beau, tout n9uf, <strong>Cyril Hanouna continuera de donner la parole \u00e0 neuf chroniqueurs<\/strong>. Ils commenteront l&rsquo;actualit\u00e9 du jour, entour\u00e9s d&rsquo;invit\u00e9s, et entre deux ou trois happenings.<\/p>\n<p>Si Jean-Michel Maire et Guillaume Genton ne rempileront pas, la majorit\u00e9 des chroniqueurs de TPMP seront toutefois de retour. <strong>On retrouvera par exemple Gilles Verdez, G\u00e9raldine Maillet, Michel Mary<\/strong> ou encore Raymond Aabou et Val\u00e9rie B\u00e9na\u00efm. Isabelle Morini-Bosc, qui est en CDI avec le groupe M6 depuis plus de trente ans, devrait en \u00eatre aussi. C\u00f4t\u00e9 nouvelles recrues, Cyril Hanouna n&rsquo;a pour l&rsquo;heure officialis\u00e9 que <strong>Olivier Dartigolles et J\u00e9r\u00f4me Anthony<\/strong>. D&rsquo;autres noms devraient suivre. On \u00e9voque notamment l&rsquo;ancienne ministre Marl\u00e8ne Schiappa, <a href=\"https:\/\/www.public.fr\/frank-leboeuf-sa-fille-jade-ne-se-reconnait-plus-physiquement-et-revele-combien-de-kilos-elle-a-pris-cette-annee\" target=\"_blank\" rel=\"noopener\">l&rsquo;influenceuse Jade Leb\u0153uf<\/a> ou encore la journaliste Shana Loustau.<\/p>\n<p>Cyril Hanouna va relancer une \u00e9mission qu&rsquo;il a pr\u00e9sent\u00e9e sur C8<\/p>\n<p><strong>Mais Cyril Hanouna ne va pas s&rsquo;arr\u00eater l\u00e0<\/strong> ! En effet, en plus de Tout beau, tout fun sur Fun Radio et Tout beau, tout n9uf sur W9, l&rsquo;animateur proposera une troisi\u00e8me \u00e9mission quotidienne. Comme r\u00e9v\u00e9l\u00e9 par W9 ce lundi 11 ao\u00fbt, <strong>l&rsquo;\u00e9mission #TBT9 ne d\u00e9marrera pas avant 19h45<\/strong>. Cyril Hanouna sera bien \u00e0 l&rsquo;antenne tous les jours \u00e0 partir de 18h45, mais avec une toute nouvelle \u00e9mission 100% divertissement. <strong>L&rsquo;animateur pr\u00e9sentera<\/strong> <strong>Cyril et la famille<\/strong>, une \u00e9mission dans laquelle il s&rsquo;amusera avec ses chroniqueurs. Ce n&rsquo;est que dans #TBT9 qu&rsquo;il proposera ensuite des d\u00e9bats plus s\u00e9rieux.<\/p>\n<p>En outre, comme r\u00e9v\u00e9l\u00e9 par Cyril Hanouna sur son compte X il y a quelques jours, l&rsquo;animateur devrait \u00e9galement <strong>relancer une autre des \u00e9missions qu&rsquo;il a propos\u00e9es sur C8 pendant quelques ann\u00e9es<\/strong>. En effet, l&rsquo;animateur a annonc\u00e9 <a href=\"https:\/\/www.public.fr\/cyril-hanouna-annonce-le-retour-dune-de-ses-emissions-emblematiques\" target=\"_blank\" rel=\"noopener\">que La Grosse Rigolade pourrait faire son retour sur W9<\/a> dans les prochaines semaines. Pour rappel, dans cette \u00e9mission, neuf personnalit\u00e9s, pour la plupart issues de la sc\u00e8ne, encha\u00eenent les blagues dans le but <strong>de faire rire les t\u00e9l\u00e9spectateurs<\/strong>. Alors, \u00e7a vous dit ?<\/p>\n<p>      Mentionn\u00e9s dans cet article<\/p>\n<p>      Sur le m\u00eame sujet<\/p>\n","protected":false},"excerpt":{"rendered":"R\u00e9sum\u00e9 Cyril Hanouna rejoint le groupe M6 avec trois \u00e9missions sur W9, m\u00ealant actualit\u00e9, divertissement et humour, tout&hellip;\n","protected":false},"author":2,"featured_media":312314,"comment_status":"","ping_status":"","sticky":false,"template":"","format":"standard","meta":{"footnotes":""},"categories":[1356],"tags":[1083,58,59,1011,27,252,22498,22497,45215,1364,2395],"class_list":{"0":"post-312313","1":"post","2":"type-post","3":"status-publish","4":"format-standard","5":"has-post-thumbnail","7":"category-television","8":"tag-cyril-hanouna","9":"tag-divertissement","10":"tag-entertainment","11":"tag-fr","12":"tag-france","13":"tag-television","14":"tag-tout-9-tbt9","15":"tag-tout-beau","16":"tag-tout-beau-tout-fun","17":"tag-tv","18":"tag-w9"},"share_on_mastodon":{"url":"https:\/\/pubeurope.com\/@fr\/115011834671528969","error":""},"_links":{"self":[{"href":"https:\/\/www.europesays.com\/fr\/wp-json\/wp\/v2\/posts\/312313","targetHints":{"allow":["GET"]}}],"collection":[{"href":"https:\/\/www.europesays.com\/fr\/wp-json\/wp\/v2\/posts"}],"about":[{"href":"https:\/\/www.europesays.com\/fr\/wp-json\/wp\/v2\/types\/post"}],"author":[{"embeddable":true,"href":"https:\/\/www.europesays.com\/fr\/wp-json\/wp\/v2\/users\/2"}],"replies":[{"embeddable":true,"href":"https:\/\/www.europesays.com\/fr\/wp-json\/wp\/v2\/comments?post=312313"}],"version-history":[{"count":0,"href":"https:\/\/www.europesays.com\/fr\/wp-json\/wp\/v2\/posts\/312313\/revisions"}],"wp:featuredmedia":[{"embeddable":true,"href":"https:\/\/www.europesays.com\/fr\/wp-json\/wp\/v2\/media\/312314"}],"wp:attachment":[{"href":"https:\/\/www.europesays.com\/fr\/wp-json\/wp\/v2\/media?parent=312313"}],"wp:term":[{"taxonomy":"category","embeddable":true,"href":"https:\/\/www.europesays.com\/fr\/wp-json\/wp\/v2\/categories?post=312313"},{"taxonomy":"post_tag","embeddable":true,"href":"https:\/\/www.europesays.com\/fr\/wp-json\/wp\/v2\/tags?post=312313"}],"curies":[{"name":"wp","href":"https:\/\/api.w.org\/{rel}","templated":true}]}}