{"id":312315,"date":"2025-08-11T19:41:09","date_gmt":"2025-08-11T19:41:09","guid":{"rendered":"https:\/\/www.europesays.com\/fr\/312315\/"},"modified":"2025-08-11T19:41:09","modified_gmt":"2025-08-11T19:41:09","slug":"celine-dion-va-revenir-sur-la-creation-de-son-album-deux-dans-un-documentaire-inedit-sur-m6","status":"publish","type":"post","link":"https:\/\/www.europesays.com\/fr\/312315\/","title":{"rendered":"C\u00e9line Dion va revenir sur la cr\u00e9ation de son album \u00ab\u00a0D&rsquo;eux\u00a0\u00bb dans un documentaire in\u00e9dit sur M6"},"content":{"rendered":"<p>La chanteuse a accord\u00e9 un entretien exclusif \u00e0 M6, tourn\u00e9 en mai 2025 \u00e0 Las Vegas, pour revenir sur la g\u00e9n\u00e8se de son album culte en duo avec Jean-Jacques Goldman, qui f\u00eate ses 30 ans.<\/p>\n<p>Trente ans apr\u00e8s la sortie de l\u2019album D\u2019eux, <a href=\"https:\/\/www.bfmtv.com\/people\/cinema\/celine-dion-et-alain-chabat-au-doublage-d-un-film-d-animation-imagine-par-paul-mc-cartney_AN-202505060215.html\" title=\"C\u00e9line Dion et Alain Chabat au doublage d&#039;un film d&#039;animation imagin\u00e9 par Paul McCartney\" class=\"internal_link\" rel=\"nofollow noopener\" target=\"_blank\">C\u00e9line Dion<\/a> va revenir sur la g\u00e9n\u00e8se de ce disque en duo avec Jean-Jacques Goldman, lors d&rsquo;un documentaire in\u00e9dit qui sera diffus\u00e9 sur M6, le 3 septembre prochain.<\/p>\n<p>La chanteuse, tr\u00e8s discr\u00e8te depuis l&rsquo;annonce de sa maladie et sa prestation remarqu\u00e9e lors des Jeux Olympiques de Paris 2024, s&rsquo;est confi\u00e9e lors d\u2019un entretien exclusif, tourn\u00e9 en mai 2025 \u00e0 Las Vegas sur l&rsquo;histoire de cet album culte, port\u00e9 par les tubes Pour que tu m\u2019aimes encore ou J\u2019irai o\u00f9 tu iras.<\/p>\n<blockquote class=\"embed embed_quote\"><p>\u00ab\u00a0Entre confidences intimes et r\u00e9v\u00e9lations surprenantes, la chanteuse nous offre un acc\u00e8s privil\u00e9gi\u00e9 \u00e0 ce moment charni\u00e8re de sa carri\u00e8re et \u00e0 part dans sa vie\u00a0\u00bb, rapporte M6 dans un communiqu\u00e9.<\/p><\/blockquote>\n<p>Apparitions rares<\/p>\n<p>Ce documentaire est l&rsquo;une des rares prises de paroles de C\u00e9line Dion en 2025. Depuis qu&rsquo;elle a annonc\u00e9, en d\u00e9cembre 2022, \u00eatre atteinte <a href=\"https:\/\/www.bfmtv.com\/people\/musique\/vous-n-etes-pas-seuls-le-message-de-celine-dion-aux-malades-du-syndrome-de-l-homme-raide_AN-202503150322.html\" title=\"&quot;Vous n&#039;\u00eates pas seuls&quot;: le message de C\u00e9line Dion aux malades du syndrome de l&#039;homme raide\" class=\"internal_link\" rel=\"nofollow noopener\" target=\"_blank\">du syndrome de la personne raide<\/a>, ses apparitions se comptent sur les doigts d&rsquo;une main.<\/p>\n<p>Apr\u00e8s des ann\u00e9es loin de la sc\u00e8ne, la chanteuse avait toutefois op\u00e9r\u00e9 <a href=\"https:\/\/www.bfmtv.com\/people\/musique\/celine-dion-va-sortir-vendredi-sa-version-de-l-hymne-a-l-amour-d-edith-piaf-chantee-a-l-occasion-des-jo_AV-202410090626.html\" title=\"C\u00e9line Dion va sortir ce soir sa version de &quot;L&#039;Hymne \u00e0 l&#039;amour&quot; d&#039;\u00c9dith Piaf chant\u00e9e \u00e0 l&#039;occasion des JO\" class=\"internal_link\" rel=\"nofollow noopener\" target=\"_blank\">un retour triomphal en juillet 2024<\/a> lors de la c\u00e9r\u00e9monie d&rsquo;ouverture des Jeux olympiques de Paris, qu&rsquo;elle a cl\u00f4tur\u00e9e avec une interpr\u00e9tation \u00e9poustouflante de L&rsquo;Hymne \u00e0 l&rsquo;amour, d&rsquo;Edith Piaf, depuis la tour Eiffel.<\/p>\n<p>Elle \u00e9tait \u00e9galement pr\u00e9sente sur le podium d&rsquo;un d\u00e9fil\u00e9 Elie Saab fin 2024 \u00e0 Riyad et lors <a href=\"https:\/\/www.bfmtv.com\/people\/musique\/celine-dion-acclamee-a-un-concert-de-coldplay-fait-sensation_AN-202506090358.html\" title=\"&quot;Tu es une superstar absolue&quot;: C\u00e9line Dion, acclam\u00e9e \u00e0 un concert de Coldplay, \u00e0 Las Vegas\" class=\"internal_link\" rel=\"nofollow noopener\" target=\"_blank\">d&rsquo;un concert de Coldplay<\/a> en juin. En revanche, malgr\u00e9 des rumeurs insistantes, elle <a href=\"https:\/\/www.bfmtv.com\/people\/musique\/eurovision-2025-celine-dion-absente-du-concours-malgre-les-rumeurs_AN-202505180183.html\" title=\"Eurovision 2025: C\u00e9line Dion absente du concours malgr\u00e9 les rumeurs\" class=\"internal_link\" rel=\"nofollow noopener\" target=\"_blank\">n&rsquo;est pas apparue<\/a> sur la sc\u00e8ne de l&rsquo;Eurovision 2025 le 17 mai dernier.<\/p>\n","protected":false},"excerpt":{"rendered":"La chanteuse a accord\u00e9 un entretien exclusif \u00e0 M6, tourn\u00e9 en mai 2025 \u00e0 Las Vegas, pour revenir&hellip;\n","protected":false},"author":2,"featured_media":163666,"comment_status":"","ping_status":"","sticky":false,"template":"","format":"standard","meta":{"footnotes":""},"categories":[1355],"tags":[58,59,1011,27,1361,873],"class_list":{"0":"post-312315","1":"post","2":"type-post","3":"status-publish","4":"format-standard","5":"has-post-thumbnail","7":"category-musique","8":"tag-divertissement","9":"tag-entertainment","10":"tag-fr","11":"tag-france","12":"tag-music","13":"tag-musique"},"share_on_mastodon":{"url":"https:\/\/pubeurope.com\/@fr\/115011838587427430","error":""},"_links":{"self":[{"href":"https:\/\/www.europesays.com\/fr\/wp-json\/wp\/v2\/posts\/312315","targetHints":{"allow":["GET"]}}],"collection":[{"href":"https:\/\/www.europesays.com\/fr\/wp-json\/wp\/v2\/posts"}],"about":[{"href":"https:\/\/www.europesays.com\/fr\/wp-json\/wp\/v2\/types\/post"}],"author":[{"embeddable":true,"href":"https:\/\/www.europesays.com\/fr\/wp-json\/wp\/v2\/users\/2"}],"replies":[{"embeddable":true,"href":"https:\/\/www.europesays.com\/fr\/wp-json\/wp\/v2\/comments?post=312315"}],"version-history":[{"count":0,"href":"https:\/\/www.europesays.com\/fr\/wp-json\/wp\/v2\/posts\/312315\/revisions"}],"wp:featuredmedia":[{"embeddable":true,"href":"https:\/\/www.europesays.com\/fr\/wp-json\/wp\/v2\/media\/163666"}],"wp:attachment":[{"href":"https:\/\/www.europesays.com\/fr\/wp-json\/wp\/v2\/media?parent=312315"}],"wp:term":[{"taxonomy":"category","embeddable":true,"href":"https:\/\/www.europesays.com\/fr\/wp-json\/wp\/v2\/categories?post=312315"},{"taxonomy":"post_tag","embeddable":true,"href":"https:\/\/www.europesays.com\/fr\/wp-json\/wp\/v2\/tags?post=312315"}],"curies":[{"name":"wp","href":"https:\/\/api.w.org\/{rel}","templated":true}]}}