{"id":312318,"date":"2025-08-11T19:43:12","date_gmt":"2025-08-11T19:43:12","guid":{"rendered":"https:\/\/www.europesays.com\/fr\/312318\/"},"modified":"2025-08-11T19:43:12","modified_gmt":"2025-08-11T19:43:12","slug":"cette-salonaise-ouvre-une-cagnotte-pour-que-sa-fille-de-3-ans-atteinte-dun-cancer-puisse-retourner-a-disneyland","status":"publish","type":"post","link":"https:\/\/www.europesays.com\/fr\/312318\/","title":{"rendered":"Cette Salonaise\u00a0ouvre une cagnotte pour que sa fille de 3 ans atteinte d&rsquo;un cancer puisse retourner \u00e0 Disneyland"},"content":{"rendered":"<p>\u00ab\u00a0Actuellement, le plus important pour nous, c\u2019est de lui donner un maximum de joie\u00a0\u00bb, r\u00e9sume Priscillia Bertrand. Elle est la maman de Sya, 3\u00a0ans, qui se bat contre un <a href=\"https:\/\/www.laprovence.com\/article\/sante\/81333058164302\/cancer-du-cerveau-la-guerison-dun-enfant-ouvre-de-grands-espoirs-pour-la-recherche\" target=\"_blank\" rel=\"nofollow noopener\">cancer du cerveau<\/a> depuis ses 17 mois. Apr\u00e8s un premier traitement fini en\u00a02024 et une r\u00e9cidive, la fillette suivait un deuxi\u00e8me protocole th\u00e9rapeutique qui donnait de bons r\u00e9sultats, jusqu\u2019\u00e0 une nouvelle r\u00e9cidive au d\u00e9but de l\u2019\u00e9t\u00e9. Le 23\u00a0juillet\u00a02025, les mots de l\u2019oncologue ont l\u2019effet d\u2019une d\u00e9flagration pour les parents de Sya. \u00ab\u00a0Elle nous a dit que les chances de gu\u00e9rison \u00e9taient infimes, et qu\u2019il fallait se concentrer sur ce qui est important pour nous, vivre des moments de qualit\u00e9, et cr\u00e9er des souvenirs ensemble\u00a0\u00bb, raconte Priscillia Bertrand, qui attend avec encore un tout petit espoir les r\u00e9sultats d\u2019une recherche g\u00e9n\u00e9tique pour un nouveau traitement.<\/p>\n<p>Naturellement, la maman pense \u00e0 une chose dont sa fille lui \u00ab\u00a0parle tous les jours\u00a0\u00bb\u00a0: retourner \u00e0 Disneyland Paris, \u00ab\u00a0une nouvelle fois, en esp\u00e9rant que ce ne soit pas la derni\u00e8re\u00a0\u00bb. Priscillia Bertrand et son conjoint Sylvain Giuliano lancent alors <a href=\"https:\/\/www.leetchi.com\/fr\/c\/des-reves-pour-sya-1693843\" target=\"_blank\" rel=\"nofollow noopener\">une cagnotte en ligne<\/a> afin de r\u00e9colter l\u2019argent n\u00e9cessaire pour faire le voyage en famille\u00a0: il faudrait environ 3\u00a0000\u00a0euros, selon la maman. \u00ab\u00a0On l\u2019a d\u2019abord partag\u00e9e \u00e0 nos proches, sur les r\u00e9seaux sociaux, mais on aurait besoin de plus de visibilit\u00e9\u00a0\u00bb, explique Priscillia, qui a d\u00fb arr\u00eater de travailler, tout comme son conjoint, pour s\u2019occuper de Sya et de leurs deux autres enfants, dont une est atteinte de troubles du comportement.<\/p>\n<p>Des moments pour souffler en famille<\/p>\n<p>L\u2019oncologue n\u2019a \u00ab\u00a0pas parl\u00e9 de d\u00e9lai\u00a0\u00bb, alors les parents sont \u00ab\u00a0dans une incertitude totale\u00a0\u00bb quant au temps qu\u2019il leur reste avec leur fille. La priorit\u00e9 est donc de profiter ensemble, et un voyage \u00e0 Disney serait \u00ab\u00a0une parenth\u00e8se\u00a0\u00bb heureuse dans leur quotidien compliqu\u00e9. Une occasion de \u00ab\u00a0souffler, de profiter, sans parler de traitements, de la maladie,\u00a0etc.\u00a0\u00bb, aussi pour la s\u0153ur et le fr\u00e8re de Sya.<\/p>\n<p>Stella, 10\u00a0ans et Sacha, 8\u00a0ans, ont \u00e9t\u00e9 \u00ab\u00a0beaucoup inqui\u00e9t\u00e9s\u00a0\u00bb par la maladie de leur s\u0153ur. \u00ab\u00a0On parle beaucoup de Sya mais c\u2019est tr\u00e8s dur aussi pour eux\u00a0\u00bb, pr\u00e9cise Priscillia Bertrand.<a href=\"https:\/\/www.laprovence.com\/article\/sante\/22784603908840\/troubles-du-comportement-alimentaire-a-aix-des-malades-trouvent-refuge-aupres-dune-association\" target=\"_blank\" rel=\"nofollow noopener\"> Stella souffre de troubles du comportement<\/a>, et son fr\u00e8re Sacha commence lui aussi \u00e0 pr\u00e9senter des sympt\u00f4mes similaires, \u00ab\u00a0et la p\u00e9dopsychiatre nous a dit que cela faisait suite \u00e0 toute l\u2019angoisse li\u00e9e \u00e0 la maladie leur petite s\u0153ur\u00a0\u00bb, appuie la maman.<\/p>\n<p><img alt=\"Priscillia Bertrand veut r\u00e9aliser le r\u00eave de Sya : retourner \u00e0 Disneyland Paris.\" loading=\"lazy\" decoding=\"async\" data-nimg=\"fill\" class=\" TwicCore_img__i9TC1 undefined  undefined\" style=\"position:absolute;height:100%;width:100%;left:0;top:0;right:0;bottom:0;color:transparent;background-size:cover;background-position:50% 50%;background-repeat:no-repeat;background-image:url(&quot;data:image\/svg+xml;charset=utf-8,%3Csvg xmlns='http:\/\/www.w3.org\/2000\/svg' %3E%3Cfilter id='b' color-interpolation-filters='sRGB'%3E%3CfeGaussianBlur stdDeviation='20'\/%3E%3CfeColorMatrix values='1 0 0 0 0 0 1 0 0 0 0 0 1 0 0 0 0 0 100 -1' result='s'\/%3E%3CfeFlood x='0' y='0' width='100%25' height='100%25'\/%3E%3CfeComposite operator='out' in='s'\/%3E%3CfeComposite in2='SourceGraphic'\/%3E%3CfeGaussianBlur stdDeviation='20'\/%3E%3C\/filter%3E%3Cimage width='100%25' height='100%25' x='0' y='0' preserveAspectRatio='none' style='filter: url(%23b);' href='https:\/\/pictures.laprovence.com\/cdn-cgi\/image\/blur=250\/media\/melody\/2025\/08\/11\/priscillia-bertrand-veut-realiser-le-reve-de-sya-retourner-a-disneyland-paris-1754908084_bd3b57f5f1986f14b57f5f198e54b5v_.jpg'\/%3E%3C\/svg%3E&quot;)\"   src=\"https:\/\/www.europesays.com\/fr\/wp-content\/uploads\/2025\/08\/priscillia-bertrand-veut-realiser-le-reve-de-sya-retourner-a-disneyland-paris-1754908084_bd3b57f5f19.jpeg\"\/>Priscillia Bertrand veut r\u00e9aliser le r\u00eave de Sya : retourner \u00e0 Disneyland Paris. \/ Photo DR<\/p>\n<p>Priscillia r\u00e9fl\u00e9chit aussi \u00e0 d\u2019autres projets d\u2019activit\u00e9s en famille qu\u2019elle pourrait financer \u00e0 l\u2019aide de la cagnotte\u00a0: un voyage \u00e0 la montagne avec une balade en chiens de tra\u00eeneau pour la fillette qui \u00ab\u00a0n\u2019a jamais connu la neige\u00a0\u00bb et qui \u00ab\u00a0adore les chiens\u00a0\u00bb, ou encore une rencontre avec une mascotte d\u2019un personnage du dessin anim\u00e9 <a href=\"https:\/\/www.laprovence.com\/article\/societe\/80175426068329\/les-parents-face-a-la-folie-patpatrouille-les-18-petits-suisses-patpatrouille-cest-mon-mari-qui-les-mange\" target=\"_blank\" rel=\"nofollow noopener\">Pat\u2019Patrouille <\/a>dont elle est fan. \u00ab\u00a0Ce ne sont pas des choses extraordinaires, mais juste des moments pour s\u2019amuser, rigoler, profiter en famille\u00a0\u00bb, souhaite la maman.<\/p>\n<p>Une course contre-la-montre<\/p>\n<p>Pour le moment, \u00ab\u00a0Sya va bien\u00a0\u00bb, hormis des maux de t\u00eate et des crises \u00e9pileptiques, mais \u00ab\u00a0on ne sait pas o\u00f9 on va, comment ce sera dans un mois\u00a0\u00bb explique Priscillia Bertrand. Pour le moment, la cagnotte a r\u00e9uni 2\u00a0242\u00a0\u20ac et l\u2019Office municipal des sports (OMS) de Salon-de-Provence a aussi d\u00e9cid\u00e9 de soutenir la famille en pr\u00e9voyant de r\u00e9colter de l\u2019argent pour Sya \u00e0 l\u2019occasion de la journ\u00e9e des associations \u00e0 la rentr\u00e9e et du marathon de Salon en octobre.<\/p>\n<p>Priscillia Bertrand tient aussi une page Facebook et un compte Instagram, appel\u00e9s \u00ab\u00a0Le combat de Sya\u00a0\u00bb o\u00f9 elle poste photos et vid\u00e9os de sa fille, \u00ab\u00a0pour montrer qui est Sya, que c\u2019est une petite fille pleine de joie et d\u2019amour et l\u2019importance qu\u2019elle a dans nos vies\u00a0\u00bb. \u00ab\u00a0J\u2019ai besoin d\u2019un projet pour Sya, avoir l\u2019impression d\u2019\u00eatre utile \u00e0 quelque chose pour elle, \u00e7a m\u2019aide \u00e0 tenir\u00a0\u00bb, ajoute la maman, qui esp\u00e8re que les moments avec la fillette, partag\u00e9s sur les r\u00e9seaux sociaux, donneront de la visibilit\u00e9 \u00e0 son appel aux dons.<\/p>\n<p>Page Facebook\u00a0: \u00ab\u00a0Le combat de Sya\u00a0\u00bb.&#13;<br \/>\nCompte Instagram\u00a0: \u00ab\u00a0le_combat_de_sya\u00a0\u00bb.&#13;<br \/>\nCagnotte en ligne sur Leetchi.com\u00a0: \u00ab\u00a0Des r\u00eaves pour Sya\u00a0\u00bb.<\/p>\n","protected":false},"excerpt":{"rendered":"\u00ab\u00a0Actuellement, le plus important pour nous, c\u2019est de lui donner un maximum de joie\u00a0\u00bb, r\u00e9sume Priscillia Bertrand. Elle&hellip;\n","protected":false},"author":2,"featured_media":312319,"comment_status":"","ping_status":"","sticky":false,"template":"","format":"standard","meta":{"footnotes":""},"categories":[10],"tags":[17,1102,1262,3477,195,1011,27,72,471,746,16,45216,71,96],"class_list":{"0":"post-312318","1":"post","2":"type-post","3":"status-publish","4":"format-standard","5":"has-post-thumbnail","7":"category-sante","8":"tag-17","9":"tag-breakingnews","10":"tag-cagnotte","11":"tag-cette","12":"tag-fille","13":"tag-fr","14":"tag-france","15":"tag-health","16":"tag-pour","17":"tag-que","18":"tag-region","19":"tag-salonaise-ouvre","20":"tag-sante","21":"tag-une"},"share_on_mastodon":{"url":"https:\/\/pubeurope.com\/@fr\/115011846548260792","error":""},"_links":{"self":[{"href":"https:\/\/www.europesays.com\/fr\/wp-json\/wp\/v2\/posts\/312318","targetHints":{"allow":["GET"]}}],"collection":[{"href":"https:\/\/www.europesays.com\/fr\/wp-json\/wp\/v2\/posts"}],"about":[{"href":"https:\/\/www.europesays.com\/fr\/wp-json\/wp\/v2\/types\/post"}],"author":[{"embeddable":true,"href":"https:\/\/www.europesays.com\/fr\/wp-json\/wp\/v2\/users\/2"}],"replies":[{"embeddable":true,"href":"https:\/\/www.europesays.com\/fr\/wp-json\/wp\/v2\/comments?post=312318"}],"version-history":[{"count":0,"href":"https:\/\/www.europesays.com\/fr\/wp-json\/wp\/v2\/posts\/312318\/revisions"}],"wp:featuredmedia":[{"embeddable":true,"href":"https:\/\/www.europesays.com\/fr\/wp-json\/wp\/v2\/media\/312319"}],"wp:attachment":[{"href":"https:\/\/www.europesays.com\/fr\/wp-json\/wp\/v2\/media?parent=312318"}],"wp:term":[{"taxonomy":"category","embeddable":true,"href":"https:\/\/www.europesays.com\/fr\/wp-json\/wp\/v2\/categories?post=312318"},{"taxonomy":"post_tag","embeddable":true,"href":"https:\/\/www.europesays.com\/fr\/wp-json\/wp\/v2\/tags?post=312318"}],"curies":[{"name":"wp","href":"https:\/\/api.w.org\/{rel}","templated":true}]}}